{"id":4522,"date":"2019-01-18T10:19:21","date_gmt":"2019-01-18T09:19:21","guid":{"rendered":"https:\/\/blogs.autodesk.com\/bimblog\/?p=4522"},"modified":"2019-01-18T10:19:21","modified_gmt":"2019-01-18T09:19:21","slug":"webinar-berechnung-und-bemessung-von-bauwerken-des-hochbaus-direkt-revit","status":"publish","type":"post","link":"https:\/\/blogs.autodesk.com\/bimblog\/webinar-berechnung-und-bemessung-von-bauwerken-des-hochbaus-direkt-revit\/","title":{"rendered":"Webinar: Berechnung und Bemessung von Bauwerken des Hochbaus direkt in Revit"},"content":{"rendered":"<p>Von der Anpassung des analytischen Modells \u00fcber die Berechnung bis zur Bemessung von Platten, St\u00fctzen und Unterz\u00fcgen: SOFiSTiK Analysis + Design unterst\u00fctzt den kompletten Workflow der statischen Berechnung direkt in Autodesk\u00ae Revit\u00ae.\u00a0In diesem Webinar erfahren Sie mehr \u00fcber den Funktionsumfang von SOFiSTiK Analysis + Design. Unter anderem sehen Sie die BIM-Arbeitsweise f\u00fcr die Modellierung, Berechnung und Bemessung von Bauwerken des Hochbaus. Erfahren Sie, wie Sie hohe Modellier- und Dokumentationsaufw\u00e4nde reduzieren und Plan\u00e4nderungen schneller umsetzen k\u00f6nnen.<\/p>\n<p>Jetzt zum <a href=\"https:\/\/info.sofistik.de\/analysis-design-webinar?hsCtaTracking=5d9ee041-8ee5-43f5-95aa-a1a4e9247e10%7C10632147-cf67-4323-a7dd-339fd29d4872\">kostenlosen Webinar<\/a> am 22. Januar um 10 Uhr anmelden.<\/p>\n<p><img loading=\"lazy\" decoding=\"async\" class=\"alignleft wp-image-4523 size-full\" src=\"https:\/\/blogs.autodesk.com\/bimblog\/wp-content\/uploads\/sites\/108\/2019\/01\/sofistik-AD-Revit.png\" alt=\"\" width=\"1656\" height=\"1046\" srcset=\"https:\/\/blogs.autodesk.com\/bimblog\/wp-content\/uploads\/sites\/108\/2019\/01\/sofistik-AD-Revit.png 1656w, https:\/\/blogs.autodesk.com\/bimblog\/wp-content\/uploads\/sites\/108\/2019\/01\/sofistik-AD-Revit-300x189.png 300w, https:\/\/blogs.autodesk.com\/bimblog\/wp-content\/uploads\/sites\/108\/2019\/01\/sofistik-AD-Revit-768x485.png 768w, https:\/\/blogs.autodesk.com\/bimblog\/wp-content\/uploads\/sites\/108\/2019\/01\/sofistik-AD-Revit-1024x647.png 1024w\" sizes=\"auto, (max-width: 1656px) 100vw, 1656px\" \/><\/p>\n<p>Stefan Maly und Dr. Andreas Niggl von SOFiSTiK AG geben einen Einblick in diese Themen:<\/p>\n<ul>\n<li>Erweiterte Eingabe zur Modellierung der analytischen Eigenschaften in Revit<\/li>\n<li>Vernetzung und Berechnung des 3D-Revit Modells<\/li>\n<li>Generierung und Berechnung von Subsystemen inkl. Lastweiterleitung<\/li>\n<li>Bemessung von Platten, Unterz\u00fcgen und St\u00fctzen nach Eurocode<\/li>\n<li>Berechnung- und Bemessungsergebnisse im Revit Umfeld<\/li>\n<li>Statische Berechnung und Zusammenarbeit<\/li>\n<\/ul>\n","protected":false},"excerpt":{"rendered":"<p>Von der Anpassung des analytischen Modells \u00fcber die Berechnung bis zur Bemessung von Platten, St\u00fctzen und Unterz\u00fcgen: SOFiSTiK Analysis + Design unterst\u00fctzt den kompletten Workflow der statischen Berechnung direkt in Autodesk\u00ae Revit\u00ae.\u00a0In diesem Webinar erfahren Sie mehr \u00fcber den Funktionsumfang von SOFiSTiK Analysis + Design. Unter anderem sehen Sie die BIM-Arbeitsweise f\u00fcr die Modellierung,<\/p>\n","protected":false},"author":4684,"featured_media":4526,"comment_status":"open","ping_status":"open","sticky":false,"template":"","format":"standard","meta":{"_acf_changed":false,"inline_featured_image":false,"footnotes":""},"categories":[824,820,814],"tags":[],"class_list":["post-4522","post","type-post","status-publish","format-standard","has-post-thumbnail","hentry","category-partner-loesungen","category-revit","category-veranstaltungen-trainings"],"acf":[],"_links":{"self":[{"href":"https:\/\/blogs.autodesk.com\/bimblog\/wp-json\/wp\/v2\/posts\/4522","targetHints":{"allow":["GET"]}}],"collection":[{"href":"https:\/\/blogs.autodesk.com\/bimblog\/wp-json\/wp\/v2\/posts"}],"about":[{"href":"https:\/\/blogs.autodesk.com\/bimblog\/wp-json\/wp\/v2\/types\/post"}],"author":[{"embeddable":true,"href":"https:\/\/blogs.autodesk.com\/bimblog\/wp-json\/wp\/v2\/users\/4684"}],"replies":[{"embeddable":true,"href":"https:\/\/blogs.autodesk.com\/bimblog\/wp-json\/wp\/v2\/comments?post=4522"}],"version-history":[{"count":0,"href":"https:\/\/blogs.autodesk.com\/bimblog\/wp-json\/wp\/v2\/posts\/4522\/revisions"}],"wp:featuredmedia":[{"embeddable":true,"href":"https:\/\/blogs.autodesk.com\/bimblog\/wp-json\/wp\/v2\/media\/4526"}],"wp:attachment":[{"href":"https:\/\/blogs.autodesk.com\/bimblog\/wp-json\/wp\/v2\/media?parent=4522"}],"wp:term":[{"taxonomy":"category","embeddable":true,"href":"https:\/\/blogs.autodesk.com\/bimblog\/wp-json\/wp\/v2\/categories?post=4522"},{"taxonomy":"post_tag","embeddable":true,"href":"https:\/\/blogs.autodesk.com\/bimblog\/wp-json\/wp\/v2\/tags?post=4522"}],"curies":[{"name":"wp","href":"https:\/\/api.w.org\/{rel}","templated":true}]}}