{"id":4881,"date":"2019-09-02T10:00:39","date_gmt":"2019-09-02T08:00:39","guid":{"rendered":"https:\/\/blogs.autodesk.com\/bimblog\/?p=4881"},"modified":"2019-08-30T14:31:09","modified_gmt":"2019-08-30T12:31:09","slug":"intergeo-2019-wir-sind-dabei-besuchen-sie-uns","status":"publish","type":"post","link":"https:\/\/blogs.autodesk.com\/bimblog\/intergeo-2019-wir-sind-dabei-besuchen-sie-uns\/","title":{"rendered":"INTERGEO 2019: Wir sind dabei! Besuchen Sie uns!"},"content":{"rendered":"<p style=\"text-align: left\">Die INTERGEO \u2013 Fachmesse und Konferenz f\u00fcr Geod\u00e4sie, Geoinformation und Landmanagement (kurz INTERGEO) ist die wichtigste internationale Messe mit Konferenz f\u00fcr Geod\u00e4ten, Geoinformatiker, Kartografen, Beh\u00f6rden und Unternehmen in diesem T\u00e4tigkeitsfeld.<\/p>\n<p><img loading=\"lazy\" decoding=\"async\" class=\" wp-image-4882 alignleft\" src=\"https:\/\/blogs.autodesk.com\/bimblog\/wp-content\/uploads\/sites\/108\/2019\/08\/2019_Autodesk-Intergeo_1.png\" alt=\"\" width=\"1148\" height=\"415\" srcset=\"https:\/\/blogs.autodesk.com\/bimblog\/wp-content\/uploads\/sites\/108\/2019\/08\/2019_Autodesk-Intergeo_1.png 850w, https:\/\/blogs.autodesk.com\/bimblog\/wp-content\/uploads\/sites\/108\/2019\/08\/2019_Autodesk-Intergeo_1-300x108.png 300w, https:\/\/blogs.autodesk.com\/bimblog\/wp-content\/uploads\/sites\/108\/2019\/08\/2019_Autodesk-Intergeo_1-768x277.png 768w\" sizes=\"auto, (max-width: 1148px) 100vw, 1148px\" \/><\/p>\n<p>Es treffen sich Experten und Entscheider aus Politik, Wissenschaft und Industrie auf internationalem Niveau um \u00fcber wegweisende Entwicklungen und Anwendungen zu diskutieren und sich zu informieren.<\/p>\n<p>Und da d\u00fcrfen wir als Autodesk nat\u00fcrlich nicht fehlen. Zusammen mit unserem Partnern erwarten wir Sie vom 17.-19.9.2019 in Halle 3 \/ Stand B3.014. um Sie zu informieren und mit Ihnen zu diskutieren. Beispielsweise \u00fcber:<\/p>\n<ul>\n<li><strong>BIM + GIS <\/strong>Esri und Autodesk arbeiten derzeit gemeinsam daran, den Lebenszyklus von Daten in BIM- und GIS-Prozessen in Einklang zu bringen.<\/li>\n<li><strong>SCAN 2 BIM<\/strong> Neue Vermessungstechnologien und neue M\u00f6glichkeiten zur Aufnahme und Verarbeitung von Massendaten steigern in immer mehr Infrastrukturprojekten die Effizienz enorm. Doch wie genau lassen sich die Daten b\u00e4ndigen?<\/li>\n<li><strong>BIM F\u00dcR STRASSE, BR\u00dcCKE &amp; SCHIENE \u2013 <\/strong>Gemeinsam k\u00f6nnen wir komplexe Infrastrukturprojekte mit BIM in Fahrt bringen. Und zwar \u00fcber modernste Methoden statt veraltete 2D-Prozesse.<\/li>\n<li><strong>COLLABORATION<\/strong><\/li>\n<li>Die richtigen Informationen zur richtigen Zeit. Ver\u00f6ffentlichen, verwalten, \u00fcberpr\u00fcfen und genehmigen Sie Entwurfsmodelle und Baupl\u00e4ne jederzeit und \u00fcberall. W\u00e4re das nicht w\u00fcnschenswert?<\/li>\n<li><strong>BIM-MANDAT: <\/strong>Wie steht es um den aktuellen Fortschritte im Hinblick auf das BIM-Mandat in Deutschland? Und wie kann Autodesk dabei unterst\u00fctzen?<\/li>\n<\/ul>\n<p>Apropos: Neben unserem Stand auf der Messe k\u00f6nnen Sie uns auch auf der INTERGEO Konferenz antreffen. Mehr Informationen dazu finden Sie <a href=\"https:\/\/www.autodesk.de\/campaigns\/intergeo-2019\">hier<\/a>. Am besten vereinbaren Sie noch heute <a href=\"https:\/\/www.autodesk.de\/campaigns\/intergeo-2019\">hier<\/a> einen Termin. Wir freuen uns auf Ihren Besuch!<\/p>\n","protected":false},"excerpt":{"rendered":"<p style=\"text-align: left\">Die INTERGEO \u2013 Fachmesse und Konferenz f\u00fcr Geod\u00e4sie, Geoinformation und Landmanagement (kurz INTERGEO) ist die wichtigste internationale Messe mit Konferenz f\u00fcr Geod\u00e4ten, Geoinformatiker, Kartografen, Beh\u00f6rden und Unternehmen in diesem T\u00e4tigkeitsfeld.<\/p>\n<\/p>\n<p>Es treffen sich Experten und Entscheider aus Politik, Wissenschaft und Industrie auf internationalem Niveau um \u00fcber wegweisende Entwicklungen und Anwendungen zu diskutieren und sich zu informieren.<\/p>\n","protected":false},"author":11054,"featured_media":4883,"comment_status":"open","ping_status":"open","sticky":false,"template":"","format":"standard","meta":{"_acf_changed":false,"inline_featured_image":false,"footnotes":""},"categories":[817,814],"tags":[],"class_list":["post-4881","post","type-post","status-publish","format-standard","has-post-thumbnail","hentry","category-branchen-news","category-veranstaltungen-trainings"],"acf":[],"_links":{"self":[{"href":"https:\/\/blogs.autodesk.com\/bimblog\/wp-json\/wp\/v2\/posts\/4881","targetHints":{"allow":["GET"]}}],"collection":[{"href":"https:\/\/blogs.autodesk.com\/bimblog\/wp-json\/wp\/v2\/posts"}],"about":[{"href":"https:\/\/blogs.autodesk.com\/bimblog\/wp-json\/wp\/v2\/types\/post"}],"author":[{"embeddable":true,"href":"https:\/\/blogs.autodesk.com\/bimblog\/wp-json\/wp\/v2\/users\/11054"}],"replies":[{"embeddable":true,"href":"https:\/\/blogs.autodesk.com\/bimblog\/wp-json\/wp\/v2\/comments?post=4881"}],"version-history":[{"count":0,"href":"https:\/\/blogs.autodesk.com\/bimblog\/wp-json\/wp\/v2\/posts\/4881\/revisions"}],"wp:featuredmedia":[{"embeddable":true,"href":"https:\/\/blogs.autodesk.com\/bimblog\/wp-json\/wp\/v2\/media\/4883"}],"wp:attachment":[{"href":"https:\/\/blogs.autodesk.com\/bimblog\/wp-json\/wp\/v2\/media?parent=4881"}],"wp:term":[{"taxonomy":"category","embeddable":true,"href":"https:\/\/blogs.autodesk.com\/bimblog\/wp-json\/wp\/v2\/categories?post=4881"},{"taxonomy":"post_tag","embeddable":true,"href":"https:\/\/blogs.autodesk.com\/bimblog\/wp-json\/wp\/v2\/tags?post=4881"}],"curies":[{"name":"wp","href":"https:\/\/api.w.org\/{rel}","templated":true}]}}