{"id":4996,"date":"2019-10-30T10:00:50","date_gmt":"2019-10-30T09:00:50","guid":{"rendered":"https:\/\/blogs.autodesk.com\/bimblog\/?p=4996"},"modified":"2019-10-29T15:27:37","modified_gmt":"2019-10-29T14:27:37","slug":"infra-go-webinar-effiziente-zusammenarbeit-in-infrastrukturprojekten-teil-1","status":"publish","type":"post","link":"https:\/\/blogs.autodesk.com\/bimblog\/infra-go-webinar-effiziente-zusammenarbeit-in-infrastrukturprojekten-teil-1\/","title":{"rendered":"Infra Go! Webinar: Effiziente Zusammenarbeit in Infrastrukturprojekten &#8211; Teil 1"},"content":{"rendered":"<p><img loading=\"lazy\" decoding=\"async\" class=\"wp-image-4997 alignleft\" src=\"https:\/\/blogs.autodesk.com\/bimblog\/wp-content\/uploads\/sites\/108\/2019\/10\/infrago-keyvis-edm-670x250@2x_transparent.jpg\" alt=\"\" width=\"673\" height=\"251\" \/>\u201eWo war jetzt gleich wieder das Foto, das der Kollege neulich auf der Baustelle gemacht hat? Habe ich auch alle wichtigen Beteiligten im Verteiler? Und gab es da nicht schon eine \u00fcberarbeitete Version dieses Planes? Mein Team hat doch erst letzte Woche stundenlang Mehrarbeit geleistet, weil alle \u00c4nderungen in der neuen Version des Plans nochmal vorgenommen werden mussten. Das muss sich endlich \u00e4ndern!\u201c<\/p>\n<p>Kennen Sie diese oder \u00e4hnliche Gedanken? Dann melden Sie sich am besten gleich f\u00fcr unser zweiteiliges Webinar am 6.11.2019 und am 22.01.2020 an. Sie erfahren, wie Sie mit Hilfe von Cloud L\u00f6sungen, basierend auf BIM 360, effizienter mit Kollegen oder anderen Unternehmen in Infrastrukturprojekten zusammenarbeiten k\u00f6nnen, wie Sie Pl\u00e4ne und Dokumente zentral verwalten und dadurch Fehler und Mehrarbeit in Planung und Bauausf\u00fchrung vermeiden.<br \/>\n<a href=\"https:\/\/www.autodesk.de\/campaigns\/infra-go-webinar04\">Hier<\/a> geht es zur Anmeldung.<\/p>\n","protected":false},"excerpt":{"rendered":"<p>\u201eWo war jetzt gleich wieder das Foto, das der Kollege neulich auf der Baustelle gemacht hat? Habe ich auch alle wichtigen Beteiligten im Verteiler? Und gab es da nicht schon eine \u00fcberarbeitete Version dieses Planes? Mein Team hat doch erst letzte Woche stundenlang Mehrarbeit geleistet, weil alle \u00c4nderungen in der neuen Version des Plans nochmal vorgenommen werden mussten.<\/p>\n","protected":false},"author":11054,"featured_media":4999,"comment_status":"open","ping_status":"open","sticky":false,"template":"","format":"standard","meta":{"_acf_changed":false,"inline_featured_image":false,"footnotes":""},"categories":[822,897,939,814],"tags":[],"class_list":["post-4996","post","type-post","status-publish","format-standard","has-post-thumbnail","hentry","category-cloud-und-mobile","category-datenmanagement","category-infrastruktur","category-veranstaltungen-trainings"],"acf":[],"_links":{"self":[{"href":"https:\/\/blogs.autodesk.com\/bimblog\/wp-json\/wp\/v2\/posts\/4996","targetHints":{"allow":["GET"]}}],"collection":[{"href":"https:\/\/blogs.autodesk.com\/bimblog\/wp-json\/wp\/v2\/posts"}],"about":[{"href":"https:\/\/blogs.autodesk.com\/bimblog\/wp-json\/wp\/v2\/types\/post"}],"author":[{"embeddable":true,"href":"https:\/\/blogs.autodesk.com\/bimblog\/wp-json\/wp\/v2\/users\/11054"}],"replies":[{"embeddable":true,"href":"https:\/\/blogs.autodesk.com\/bimblog\/wp-json\/wp\/v2\/comments?post=4996"}],"version-history":[{"count":0,"href":"https:\/\/blogs.autodesk.com\/bimblog\/wp-json\/wp\/v2\/posts\/4996\/revisions"}],"wp:featuredmedia":[{"embeddable":true,"href":"https:\/\/blogs.autodesk.com\/bimblog\/wp-json\/wp\/v2\/media\/4999"}],"wp:attachment":[{"href":"https:\/\/blogs.autodesk.com\/bimblog\/wp-json\/wp\/v2\/media?parent=4996"}],"wp:term":[{"taxonomy":"category","embeddable":true,"href":"https:\/\/blogs.autodesk.com\/bimblog\/wp-json\/wp\/v2\/categories?post=4996"},{"taxonomy":"post_tag","embeddable":true,"href":"https:\/\/blogs.autodesk.com\/bimblog\/wp-json\/wp\/v2\/tags?post=4996"}],"curies":[{"name":"wp","href":"https:\/\/api.w.org\/{rel}","templated":true}]}}