{"id":5321,"date":"2020-05-07T08:00:02","date_gmt":"2020-05-07T06:00:02","guid":{"rendered":"https:\/\/blogs.autodesk.com\/bimblog\/?p=5321"},"modified":"2020-05-06T09:17:51","modified_gmt":"2020-05-06T07:17:51","slug":"extended-access-programm-fur-bim-360-design-verlangert","status":"publish","type":"post","link":"https:\/\/blogs.autodesk.com\/bimblog\/extended-access-programm-fur-bim-360-design-verlangert\/","title":{"rendered":"Extended Access Programm f\u00fcr BIM 360 Design verl\u00e4ngert"},"content":{"rendered":"<p>Seit dem 24. M\u00e4rz stellt Autodesk im Rahmen eines Extended Access Programms (EAP) die Cloud-Zusammenarbeitsplattform f\u00fcr Revit, BIM 360 Design, als erweiterte Testversion zu Verf\u00fcgung. Die Erweiterung bezieht sich auf die M\u00f6glichkeit, die Testversion auch f\u00fcr kommerzielle Projekte einsetzen zu d\u00fcrfen und einen l\u00e4ngeren Testzeitraum.<\/p>\n<p>Die Verf\u00fcgbarkeit wurde jetzt um 30 Tage verl\u00e4ngert. Somit endet das Programm am 30. Juni 2020.<\/p>\n<p><!--more--><\/p>\n<p>Der Grund f\u00fcr das EAP ist es, den Kunden schnell die Umstellung auf ge\u00e4nderte Arbeitsbedingungen in dieser schwierigen Zeit zu geben ohne interne Abwicklungsprozesse f\u00fcr den Kauf von Lizenzen durchf\u00fchren zu m\u00fcssen.<\/p>\n<p>Unser Anliegen ist es, dass die Autodeskkunden mit dem Programm eine Erleichterung f\u00fcr die Anfangsphase haben. Egal ob Sie sich nach dem 30.06.2020 dazu entscheiden, mit kommerziellen Versionen von BIM 360 Design weiter zu arbeiten oder ob die Daten wieder heruntergeladen werden und auf bisherige Arbeitsweisen zur\u00fcck gegangen wird, Ihre Ansprechpartner von Autodesk und den Vertriebspartnern unterst\u00fctzen Sie hier gerne bei den notwendigen Schritten.<\/p>\n","protected":false},"excerpt":{"rendered":"<p>Seit dem 24. M\u00e4rz stellt Autodesk im Rahmen eines Extended Access Programms (EAP) die Cloud-Zusammenarbeitsplattform f\u00fcr Revit, BIM 360 Design, als erweiterte Testversion zu Verf\u00fcgung. Die Erweiterung bezieht sich auf die M\u00f6glichkeit, die Testversion auch f\u00fcr kommerzielle Projekte einsetzen zu d\u00fcrfen und einen l\u00e4ngeren Testzeitraum.<\/p>\n<p>Die Verf\u00fcgbarkeit wurde jetzt um 30 Tage verl\u00e4ngert.<\/p>\n","protected":false},"author":4686,"featured_media":5323,"comment_status":"open","ping_status":"open","sticky":false,"template":"","format":"standard","meta":{"_acf_changed":false,"inline_featured_image":false,"footnotes":""},"categories":[816,822],"tags":[],"class_list":["post-5321","post","type-post","status-publish","format-standard","has-post-thumbnail","hentry","category-autodesk-news","category-cloud-und-mobile"],"acf":[],"_links":{"self":[{"href":"https:\/\/blogs.autodesk.com\/bimblog\/wp-json\/wp\/v2\/posts\/5321","targetHints":{"allow":["GET"]}}],"collection":[{"href":"https:\/\/blogs.autodesk.com\/bimblog\/wp-json\/wp\/v2\/posts"}],"about":[{"href":"https:\/\/blogs.autodesk.com\/bimblog\/wp-json\/wp\/v2\/types\/post"}],"author":[{"embeddable":true,"href":"https:\/\/blogs.autodesk.com\/bimblog\/wp-json\/wp\/v2\/users\/4686"}],"replies":[{"embeddable":true,"href":"https:\/\/blogs.autodesk.com\/bimblog\/wp-json\/wp\/v2\/comments?post=5321"}],"version-history":[{"count":0,"href":"https:\/\/blogs.autodesk.com\/bimblog\/wp-json\/wp\/v2\/posts\/5321\/revisions"}],"wp:featuredmedia":[{"embeddable":true,"href":"https:\/\/blogs.autodesk.com\/bimblog\/wp-json\/wp\/v2\/media\/5323"}],"wp:attachment":[{"href":"https:\/\/blogs.autodesk.com\/bimblog\/wp-json\/wp\/v2\/media?parent=5321"}],"wp:term":[{"taxonomy":"category","embeddable":true,"href":"https:\/\/blogs.autodesk.com\/bimblog\/wp-json\/wp\/v2\/categories?post=5321"},{"taxonomy":"post_tag","embeddable":true,"href":"https:\/\/blogs.autodesk.com\/bimblog\/wp-json\/wp\/v2\/tags?post=5321"}],"curies":[{"name":"wp","href":"https:\/\/api.w.org\/{rel}","templated":true}]}}