{"id":6330,"date":"2023-01-19T15:55:16","date_gmt":"2023-01-19T14:55:16","guid":{"rendered":"https:\/\/blogs.autodesk.com\/bimblog\/?p=6330"},"modified":"2023-01-20T10:32:40","modified_gmt":"2023-01-20T09:32:40","slug":"schneller-in-betrieb-gehen-mit-bim-modellen-und-autodesk-tandem","status":"publish","type":"post","link":"https:\/\/blogs.autodesk.com\/bimblog\/schneller-in-betrieb-gehen-mit-bim-modellen-und-autodesk-tandem\/","title":{"rendered":"Schneller in Betrieb gehen mit BIM Modellen und Autodesk Tandem"},"content":{"rendered":"\n<figure class=\"wp-block-image size-full\"><img loading=\"lazy\" decoding=\"async\" width=\"248\" height=\"69\" src=\"https:\/\/blogs.autodesk.com\/bimblog\/wp-content\/uploads\/sites\/108\/2022\/03\/08\/BIM-on-Air-Logo-small.jpg\" alt=\"\" class=\"wp-image-6074\" \/><\/figure>\n\n\n\n<h2 class=\"wp-block-heading\">Anmeldung zum kostenlosen Live-Webinar<\/h2>\n\n\n\n<p>Dienstag, 24. Januar 2023, um 16:00 Uhr, Dauer ca. 1 Stunde<\/p>\n\n\n\n<p><\/p>\n\n\n\n<p>Beim Wechsel in einem Bauprojekt von der Ausf\u00fchrung in die Betriebsphase gibt es leider oft zahlreiche lange N\u00e4chte bis das fertige Geb\u00e4ude bzw. Infrastrukturobjekt intuitiv und effektiv betrieben werden kann.<br>Mein Kollege&nbsp;<a href=\"https:\/\/www.linkedin.com\/in\/ACoAAADIGF4Bn642b3GlbfZ0SYXwA4Luo2_4lZ4\">Roland Klement<\/a>&nbsp;und ich,&nbsp;<a href=\"https:\/\/www.linkedin.com\/in\/ACoAAAEaZQABx_JjKifgoxDJ5Jl2rVdzuveQB24\">Jochen Tanger<\/a>&nbsp;zeigen bei unserem n\u00e4chsten Webinar, am 24. Januar 2023, wie man &#8220;schneller in Betrieb geht, mit BIM-Modellen und&nbsp;<a href=\"https:\/\/www.linkedin.com\/feed\/hashtag\/?keywords=autodesk&amp;highlightedUpdateUrns=urn%3Ali%3Aactivity%3A7010605537138458624\">#Autodesk<\/a><a href=\"https:\/\/www.linkedin.com\/feed\/hashtag\/?keywords=tandem&amp;highlightedUpdateUrns=urn%3Ali%3Aactivity%3A7010605537138458624\">#Tandem<\/a>&#8220;. <br>Im kostenlosen Webinar stellen wir die neuen M\u00f6glichkeiten unserer cloud-basierten Plattform Autodesk Tandem vor, um selbst umfangreiche BIM-Projekte als digitalen Zwilling an die Eigent\u00fcmer- und Betreiberfirmen zu \u00fcbergeben. Sowohl bei Hoch- und auch bei Infrastrukturobjekten!<\/p>\n\n\n\n<p><strong>Sichern Sie sich Ihren Platz im kostenfreien Webinar und melden Sie sich noch heute an!<\/strong><\/p>\n\n\n\n<p><strong><a rel=\"noreferrer noopener\" href=\"https:\/\/www.autodesk.de\/abm\/campaigns\/bim-on-air\/jan24\" target=\"_blank\">\u00dcber diesen Link gelangen Sie zum Anmeldeformular f\u00fcr das kostenfreie Webinar!<\/a><\/strong><\/p>\n\n\n\n<figure class=\"wp-block-image size-large\"><a href=\"https:\/\/www.autodesk.de\/abm\/campaigns\/bim-on-air\/jan24\"><img loading=\"lazy\" decoding=\"async\" width=\"1024\" height=\"689\" src=\"https:\/\/blogs.autodesk.com\/bimblog\/wp-content\/uploads\/sites\/108\/2022\/10\/11\/image-1024x689.jpg\" alt=\"\" class=\"wp-image-6331\" srcset=\"https:\/\/blogs.autodesk.com\/bimblog\/wp-content\/uploads\/sites\/108\/2022\/10\/11\/image-1024x689.jpg 1024w, https:\/\/blogs.autodesk.com\/bimblog\/wp-content\/uploads\/sites\/108\/2022\/10\/11\/image-300x202.jpg 300w, https:\/\/blogs.autodesk.com\/bimblog\/wp-content\/uploads\/sites\/108\/2022\/10\/11\/image-768x516.jpg 768w, https:\/\/blogs.autodesk.com\/bimblog\/wp-content\/uploads\/sites\/108\/2022\/10\/11\/image.jpg 1380w\" sizes=\"auto, (max-width: 1024px) 100vw, 1024px\" \/><\/a><\/figure>\n\n\n\n<p>Wie immer stehen wir auch nach dem Webinar f\u00fcr Ihre Fragen zur Verf\u00fcgung.<\/p>\n","protected":false},"excerpt":{"rendered":"<p>Anmeldung zum kostenlosen Live-Webinar<\/p>\n<p>Dienstag, 24. Januar 2023, um 16:00 Uhr, Dauer ca. 1 Stunde<\/p>\n<\/p>\n<p>Beim Wechsel in einem Bauprojekt von der Ausf\u00fchrung in die Betriebsphase gibt es leider oft zahlreiche lange N\u00e4chte bis das fertige Geb\u00e4ude bzw. Infrastrukturobjekt intuitiv und effektiv betrieben werden kann.<br \/>Mein Kollege&nbsp;<\/p>\n","protected":false},"author":4685,"featured_media":6333,"comment_status":"open","ping_status":"open","sticky":false,"template":"","format":"standard","meta":{"_acf_changed":false,"inline_featured_image":false,"footnotes":""},"categories":[822,840],"tags":[],"class_list":["post-6330","post","type-post","status-publish","format-standard","has-post-thumbnail","hentry","category-cloud-und-mobile","category-weitere-bim-produkte"],"acf":[],"_links":{"self":[{"href":"https:\/\/blogs.autodesk.com\/bimblog\/wp-json\/wp\/v2\/posts\/6330","targetHints":{"allow":["GET"]}}],"collection":[{"href":"https:\/\/blogs.autodesk.com\/bimblog\/wp-json\/wp\/v2\/posts"}],"about":[{"href":"https:\/\/blogs.autodesk.com\/bimblog\/wp-json\/wp\/v2\/types\/post"}],"author":[{"embeddable":true,"href":"https:\/\/blogs.autodesk.com\/bimblog\/wp-json\/wp\/v2\/users\/4685"}],"replies":[{"embeddable":true,"href":"https:\/\/blogs.autodesk.com\/bimblog\/wp-json\/wp\/v2\/comments?post=6330"}],"version-history":[{"count":0,"href":"https:\/\/blogs.autodesk.com\/bimblog\/wp-json\/wp\/v2\/posts\/6330\/revisions"}],"wp:featuredmedia":[{"embeddable":true,"href":"https:\/\/blogs.autodesk.com\/bimblog\/wp-json\/wp\/v2\/media\/6333"}],"wp:attachment":[{"href":"https:\/\/blogs.autodesk.com\/bimblog\/wp-json\/wp\/v2\/media?parent=6330"}],"wp:term":[{"taxonomy":"category","embeddable":true,"href":"https:\/\/blogs.autodesk.com\/bimblog\/wp-json\/wp\/v2\/categories?post=6330"},{"taxonomy":"post_tag","embeddable":true,"href":"https:\/\/blogs.autodesk.com\/bimblog\/wp-json\/wp\/v2\/tags?post=6330"}],"curies":[{"name":"wp","href":"https:\/\/api.w.org\/{rel}","templated":true}]}}