{"id":6369,"date":"2023-03-08T15:02:47","date_gmt":"2023-03-08T14:02:47","guid":{"rendered":"https:\/\/blogs.autodesk.com\/bimblog\/?p=6369"},"modified":"2023-03-08T15:02:49","modified_gmt":"2023-03-08T14:02:49","slug":"ifc-4x3-aktualisierte-plugins-und-webinar-recording","status":"publish","type":"post","link":"https:\/\/blogs.autodesk.com\/bimblog\/ifc-4x3-aktualisierte-plugins-und-webinar-recording\/","title":{"rendered":"IFC 4&#215;3 &#8211; aktualisierte Plugins und Webinar Recording"},"content":{"rendered":"\n<p>Seit wenigen Tagen steht Ihnen nicht nur ein neues Update f\u00fcr das <strong>Civil 2022<\/strong> IFC 4&#215;3 Plugin, sondern auch das lang ersehnte Plugin f\u00fcr <strong>Civil 2023<\/strong> &#8211; dazu passend gibt es auch eine neue Version des <strong>Revit 2023 <\/strong>IFC-Plugins, die wir f\u00fcr den Civil-Revit Workflow empfehlen. <\/p>\n\n\n\n<p>Die Updates sind wie immer \u00fcber die Autodesk Desktop App bzw. nach dem Einloggen unter manage.autodesk.com verf\u00fcgbar: <\/p>\n\n\n\n<figure class=\"wp-block-image size-full\"><img loading=\"lazy\" decoding=\"async\" width=\"791\" height=\"696\" src=\"https:\/\/blogs.autodesk.com\/bimblog\/wp-content\/uploads\/sites\/108\/2023\/03\/08\/image.jpg\" alt=\"\" class=\"wp-image-6370\" srcset=\"https:\/\/blogs.autodesk.com\/bimblog\/wp-content\/uploads\/sites\/108\/2023\/03\/08\/image.jpg 791w, https:\/\/blogs.autodesk.com\/bimblog\/wp-content\/uploads\/sites\/108\/2023\/03\/08\/image-300x264.jpg 300w, https:\/\/blogs.autodesk.com\/bimblog\/wp-content\/uploads\/sites\/108\/2023\/03\/08\/image-768x676.jpg 768w\" sizes=\"auto, (max-width: 791px) 100vw, 791px\" \/><\/figure>\n\n\n\n<p><\/p>\n\n\n\n<p>Passend dazu finden Sie hier die <a href=\"https:\/\/www.autodesk.de\/webinars\/open-bim\" data-type=\"URL\" data-id=\"https:\/\/www.autodesk.de\/webinars\/open-bim\">Aufzeichnung unseres Webinars<\/a> von letzter Woche bzw. die im Webinar verwendeten<a href=\"https:\/\/blogs.autodesk.com\/bimblog\/wp-content\/uploads\/sites\/108\/2023\/03\/02\/openBIM-webinar-28-2-2023.pdf\"> Folien im PDF Format<\/a>.  <\/p>\n","protected":false},"excerpt":{"rendered":"<p>Seit wenigen Tagen steht Ihnen nicht nur ein neues Update f\u00fcr das Civil 2022 IFC 4&#215;3 Plugin, sondern auch das lang ersehnte Plugin f\u00fcr Civil 2023 &#8211; dazu passend gibt es auch eine neue Version des Revit 2023 IFC-Plugins, die wir f\u00fcr den Civil-Revit Workflow empfehlen. <\/p>\n<p>Die Updates sind wie immer \u00fcber die Autodesk Desktop App bzw.<\/p>\n","protected":false},"author":4680,"featured_media":6371,"comment_status":"open","ping_status":"open","sticky":false,"template":"","format":"standard","meta":{"_acf_changed":false,"inline_featured_image":false,"footnotes":""},"categories":[969,818],"tags":[],"class_list":["post-6369","post","type-post","status-publish","format-standard","has-post-thumbnail","hentry","category-civil-3d","category-interoperabilitaet"],"acf":[],"_links":{"self":[{"href":"https:\/\/blogs.autodesk.com\/bimblog\/wp-json\/wp\/v2\/posts\/6369","targetHints":{"allow":["GET"]}}],"collection":[{"href":"https:\/\/blogs.autodesk.com\/bimblog\/wp-json\/wp\/v2\/posts"}],"about":[{"href":"https:\/\/blogs.autodesk.com\/bimblog\/wp-json\/wp\/v2\/types\/post"}],"author":[{"embeddable":true,"href":"https:\/\/blogs.autodesk.com\/bimblog\/wp-json\/wp\/v2\/users\/4680"}],"replies":[{"embeddable":true,"href":"https:\/\/blogs.autodesk.com\/bimblog\/wp-json\/wp\/v2\/comments?post=6369"}],"version-history":[{"count":0,"href":"https:\/\/blogs.autodesk.com\/bimblog\/wp-json\/wp\/v2\/posts\/6369\/revisions"}],"wp:featuredmedia":[{"embeddable":true,"href":"https:\/\/blogs.autodesk.com\/bimblog\/wp-json\/wp\/v2\/media\/6371"}],"wp:attachment":[{"href":"https:\/\/blogs.autodesk.com\/bimblog\/wp-json\/wp\/v2\/media?parent=6369"}],"wp:term":[{"taxonomy":"category","embeddable":true,"href":"https:\/\/blogs.autodesk.com\/bimblog\/wp-json\/wp\/v2\/categories?post=6369"},{"taxonomy":"post_tag","embeddable":true,"href":"https:\/\/blogs.autodesk.com\/bimblog\/wp-json\/wp\/v2\/tags?post=6369"}],"curies":[{"name":"wp","href":"https:\/\/api.w.org\/{rel}","templated":true}]}}