{"id":1662,"date":"2020-10-26T11:06:27","date_gmt":"2020-10-26T10:06:27","guid":{"rendered":"https:\/\/blogs.autodesk.com\/dalbiminpoi\/?p=1662"},"modified":"2024-09-04T16:56:10","modified_gmt":"2024-09-04T14:56:10","slug":"digitalizzazione-un-cambiamento-dello-strumento-informatico-non-serve-se-non-e-accompagnato-da-un-cambiamento-di-cultura-aziendale","status":"publish","type":"post","link":"https:\/\/blogs.autodesk.com\/dalbiminpoi\/2020\/10\/26\/digitalizzazione-un-cambiamento-dello-strumento-informatico-non-serve-se-non-e-accompagnato-da-un-cambiamento-di-cultura-aziendale\/","title":{"rendered":"Digitalizzazione: un cambiamento dello strumento informatico non serve se non \u00e8 accompagnato da un cambiamento di Cultura Aziendale"},"content":{"rendered":"<p><img loading=\"lazy\" decoding=\"async\" class=\" wp-image-1664 aligncenter\" src=\"https:\/\/blogs.autodesk.com\/dalbiminpoi\/wp-content\/uploads\/sites\/68\/2020\/10\/2020-03-13_13-34-15-300x175.jpg\" alt=\"\" width=\"411\" height=\"240\" srcset=\"https:\/\/blogs.autodesk.com\/dalbiminpoi\/wp-content\/uploads\/sites\/68\/2020\/10\/2020-03-13_13-34-15-300x175.jpg 300w, https:\/\/blogs.autodesk.com\/dalbiminpoi\/wp-content\/uploads\/sites\/68\/2020\/10\/2020-03-13_13-34-15-1024x597.jpg 1024w, https:\/\/blogs.autodesk.com\/dalbiminpoi\/wp-content\/uploads\/sites\/68\/2020\/10\/2020-03-13_13-34-15-1536x895.jpg 1536w, https:\/\/blogs.autodesk.com\/dalbiminpoi\/wp-content\/uploads\/sites\/68\/2020\/10\/2020-03-13_13-34-15.jpg 1781w\" sizes=\"auto, (max-width: 411px) 100vw, 411px\" \/><\/p>\n<p>A cura di\u00a0<a href=\"https:\/\/blogs.autodesk.com\/dalbiminpoi\/author\/ilarialagazio\/\">Ilaria Lagazio<\/a>\u00a0\u2013<\/p>\n<p>Queste \u00e8 una riunione online insieme al meraviglioso gruppo di lavoro di cui faccio parte ormai da pi\u00f9 di 10 anni. Si tratta di una vera riunione di business, non di una chiacchierata.<\/p>\n<p>Nell\u2019immagine potete vedere un manager e il suo team di 8 collaboratori \u2013 ma anche 9 abitazioni, 4 nazionalit\u00e0, 6 genitori, 2 figli.<\/p>\n<p>Non \u00e8 necessario chiedere il permesso per prendere in braccio il proprio figlio.<\/p>\n<p>Non \u00e8 necessario durante chiedere il permesso per disconnettersi durante la giornata.<\/p>\n<p>Tutti facciamo il nostro lavoro, tutti portiamo un risultato, tutti raggiungiamo un obiettivo rigoroso misurabile e con una scadenza.<\/p>\n<p>Il lock down e la pandemia non hanno sconvolto il nostro modo di lavorare, n\u00e9 le nostre famiglie, n\u00e9 la nostra psiche.<\/p>\n<p>Il peso dei figli a casa non \u00e8 ricaduto solo sulle donne.<\/p>\n<p>&nbsp;<\/p>\n<p>In questi mesi ho letto centinaia di riflessioni sull\u2019opportunit\u00e0 digitale e mai \u00e8 stato pi\u00f9 evidente che per innescare un processo di digitalizzazione efficace occorre intervenire su 3 aspetti fondamentali a livello aziendale:<\/p>\n<p>STRUMENTI -PROCESSI \u2013 PERSONE.<\/p>\n<p>&nbsp;<\/p>\n<p>Gli <strong>strumenti<\/strong> sono le tecnologie che ci consentono di attivare il cambiamento. Rappresentano l\u2019investimento a cui si tende a dare pi\u00f9 importanza, tuttavia l\u2019esperienza insegna che non \u00e8 affatto cos\u00ec.<\/p>\n<p>Nella maggior parte dei casi quando riteniamo che la tecnologia non ci d\u00e0 un vantaggio allineato con le aspettative significa che lo strumento \u00e8 stato inserito sperando che si adatti ad un processo vecchio.<\/p>\n<p>Questo non accade quasi mai in automatico e sperare non \u00e8 una scelta vincente.<\/p>\n<p>Un progresso tecnologico \u2013 che si tratti di implementazione del lavoro remoto, del BIM o altro &#8211; deve partire da un<strong> ammodernamento dei processi<\/strong>, ovvero di tutte quelle regole (burocrazia\u00a0 interna, modo di lavorare, modo di scambiarsi le informazioni, considerazione stessa del lavoro) che non sono valide universalmente per tutti gli strumenti utilizzati.<\/p>\n<p>Per fare un esempio banale ma attuale, se siamo seduti alla stessa scrivania il processo abituale \u201cse voglio sapere su quale documento stai lavorando te lo chiedo\u201d pu\u00f2 avere un senso, ma perde completamente senso quando un intero ufficio si trova a lavorare in remoto.\u00a0Il continuo chiedere informazioni online, senza un processo coerente o un repository di informazioni, si trasforma in sequenze di whattsapp frustranti su cui si \u00e8 ironizzato sui social, portando alla triste conclusione di molti che <em>\u201cin remoto non si pu\u00f2 lavorare, non \u00e8 roba per noi, io devo avere intorno le mie persone, a casa \u00e8 troppo complicato ecc ecc\u201d<\/em>.<\/p>\n<p>Conclusioni peraltro tratte da esperienze improvisate di poche settimane.<\/p>\n<p>Cambiare i processi significa cambiare le regole, che non possono essere un banale trasposizione delle regole del passato.<\/p>\n<p>Aspetti importanti nel lavoro tradizionale (come pu\u00f2 essere l\u2019orario in alcune realt\u00e0) lavorando in remoto hanno necessariamente un valore differente e diversamente vanno trattate.<\/p>\n<p>Trovo sconvolgente il parlare che si \u00e8 fatto di \u201cdiritto alla disconnessione\u201d.<\/p>\n<p>\u00c8 possibile che sia stato necessario sottolineare che \u00e8 un diritto? Disconnettersi dalla rete non dovrebbe essere un diritto scontato, come fare una pausa per andare al bagno? Se guardiamo il discorso da una prospettiva pi\u00f9 ampia, non ci rendiamo conto che stiamo cadendo nel ridicolo?<\/p>\n<p>Molti obietteranno senz\u2019altro che nella loro realt\u00e0 non \u00e8 affatto scontato, ma \u00e8 necessario stabilirlo cos\u00ec come \u00e8 necessario sancire se e quando lavorando da casa si pu\u00f2 mangiare \/ se si pu\u00f2 (o non si pu\u00f2) scendere ad aspettare il bambino allo scuolabus \/ se si pu\u00f2 (o non si pu\u00f2) rendere l&#8217;orario flessibile quando necessario\u2026.<\/p>\n<p>Ebbene a mio avviso se nella vostra azienda avete un management che sta mettendo in discussione quei diritti che diventano necessari per garantire un normale equilibrio psicologico del personale e per far s\u00ec che ci si senta parte di un progetto e non\u00a0 di un meccanismo, allora quel management va possibilmente cambiato &#8211; \u00a0tutto e subito &#8211; prima che sia tardi e che porti (il management e non il virus) a conseguenze devastanti aziendali e sociali.<\/p>\n<p>Con l\u2019avanzare della digitalizzazione il capitale umano \u00e8 ci\u00f2 che di pi\u00f9 importante le aziende hanno a disposizione e devono lavorare su quello prima che sulle piattaforme digitali.<\/p>\n<p>Perch\u00e8 per quante regole ci inventiamo, per quanti software ci compriamo, per quanto veloce potr\u00e0 essere la nostra connessione, se non cambiamo la testa, in tempi difficili come questi le nostre aziende difficilmente avranno la possibilit\u00e0 di sopravvivere.<\/p>\n<p>&nbsp;<\/p>\n<p>RIPRODUZIONE VIETATA<\/p>\n<p>&nbsp;<\/p>\n<p>&nbsp;<\/p>\n","protected":false},"excerpt":{"rendered":"<\/p>\n<p>A cura di\u00a0<a href=\"https:\/\/blogs.autodesk.com\/dalbiminpoi\/author\/ilarialagazio\/\">Ilaria Lagazio<\/a>\u00a0\u2013<\/p>\n<p>Queste \u00e8 una riunione online insieme al meraviglioso gruppo di lavoro di cui faccio parte ormai da pi\u00f9 di 10 anni. Si tratta di una vera riunione di business, non di una chiacchierata.<\/p>\n<p>Nell\u2019immagine potete vedere un manager e il suo team di 8 collaboratori \u2013 ma anche 9 abitazioni,<\/p>\n","protected":false},"author":302,"featured_media":1664,"comment_status":"open","ping_status":"open","sticky":false,"template":"","format":"standard","meta":{"_acf_changed":false,"inline_featured_image":false,"footnotes":""},"categories":[381],"tags":[346,222,345,405,343,342,401,340,344,341,282,309],"class_list":["post-1662","post","type-post","status-publish","format-standard","has-post-thumbnail","hentry","category-generale","tag-affrontarelacrisi","tag-collaborazione","tag-covid","tag-cultura-aziendale","tag-digitalizzazione","tag-homeworking","tag-innovation","tag-lifeatautodesk","tag-processi","tag-smartworking","tag-technology","tag-vision"],"acf":[],"_links":{"self":[{"href":"https:\/\/blogs.autodesk.com\/dalbiminpoi\/wp-json\/wp\/v2\/posts\/1662","targetHints":{"allow":["GET"]}}],"collection":[{"href":"https:\/\/blogs.autodesk.com\/dalbiminpoi\/wp-json\/wp\/v2\/posts"}],"about":[{"href":"https:\/\/blogs.autodesk.com\/dalbiminpoi\/wp-json\/wp\/v2\/types\/post"}],"author":[{"embeddable":true,"href":"https:\/\/blogs.autodesk.com\/dalbiminpoi\/wp-json\/wp\/v2\/users\/302"}],"replies":[{"embeddable":true,"href":"https:\/\/blogs.autodesk.com\/dalbiminpoi\/wp-json\/wp\/v2\/comments?post=1662"}],"version-history":[{"count":0,"href":"https:\/\/blogs.autodesk.com\/dalbiminpoi\/wp-json\/wp\/v2\/posts\/1662\/revisions"}],"wp:featuredmedia":[{"embeddable":true,"href":"https:\/\/blogs.autodesk.com\/dalbiminpoi\/wp-json\/wp\/v2\/media\/1664"}],"wp:attachment":[{"href":"https:\/\/blogs.autodesk.com\/dalbiminpoi\/wp-json\/wp\/v2\/media?parent=1662"}],"wp:term":[{"taxonomy":"category","embeddable":true,"href":"https:\/\/blogs.autodesk.com\/dalbiminpoi\/wp-json\/wp\/v2\/categories?post=1662"},{"taxonomy":"post_tag","embeddable":true,"href":"https:\/\/blogs.autodesk.com\/dalbiminpoi\/wp-json\/wp\/v2\/tags?post=1662"}],"curies":[{"name":"wp","href":"https:\/\/api.w.org\/{rel}","templated":true}]}}