{"id":2384,"date":"2023-10-02T19:28:10","date_gmt":"2023-10-02T19:28:10","guid":{"rendered":"https:\/\/blogs.autodesk.com\/latam\/?p=2384"},"modified":"2023-10-02T19:52:14","modified_gmt":"2023-10-02T19:52:14","slug":"itdp-presenta-el-libro-mejores-calles-para-mexico","status":"publish","type":"post","link":"https:\/\/blogs.autodesk.com\/latam\/2023\/10\/02\/itdp-presenta-el-libro-mejores-calles-para-mexico\/","title":{"rendered":"ITDP presenta el libro mejores calles para M\u00e9xico"},"content":{"rendered":"<p>En colaboraci\u00f3n con el Instituto de Pol\u00edticas para el Transporte y el Desarrollo (ITDP), CEMEX y Autodesk se realiz\u00f3 la presentaci\u00f3n del libro Mejores Calles para M\u00e9xico, el cual re\u00fane 11 ejemplos de transformaciones de calles, que facilitan cruces\u00a0 y una mejor infraestructura para el transporte p\u00fablico.<\/p>\n<p><img loading=\"lazy\" decoding=\"async\" class=\"wp-image-2389 alignleft\" src=\"https:\/\/blogs.autodesk.com\/latam\/wp-content\/uploads\/sites\/104\/2023\/10\/02\/Captura-de-pantalla-2023-10-02-a-las-1.22.40\u202fp.m.jpg\" alt=\"\" width=\"386\" height=\"478\" srcset=\"https:\/\/blogs.autodesk.com\/latam\/wp-content\/uploads\/sites\/104\/2023\/10\/02\/Captura-de-pantalla-2023-10-02-a-las-1.22.40\u202fp.m.jpg 1266w, https:\/\/blogs.autodesk.com\/latam\/wp-content\/uploads\/sites\/104\/2023\/10\/02\/Captura-de-pantalla-2023-10-02-a-las-1.22.40\u202fp.m-242x300.jpg 242w, https:\/\/blogs.autodesk.com\/latam\/wp-content\/uploads\/sites\/104\/2023\/10\/02\/Captura-de-pantalla-2023-10-02-a-las-1.22.40\u202fp.m-827x1024.jpg 827w, https:\/\/blogs.autodesk.com\/latam\/wp-content\/uploads\/sites\/104\/2023\/10\/02\/Captura-de-pantalla-2023-10-02-a-las-1.22.40\u202fp.m-768x951.jpg 768w, https:\/\/blogs.autodesk.com\/latam\/wp-content\/uploads\/sites\/104\/2023\/10\/02\/Captura-de-pantalla-2023-10-02-a-las-1.22.40\u202fp.m-1240x1536.jpg 1240w\" sizes=\"auto, (max-width: 386px) 100vw, 386px\" \/><\/p>\n<p>&nbsp;<\/p>\n<p>&nbsp;<\/p>\n<p>La iniciativa de Mejores Calles para M\u00e9xico tiene como objetivo posicionar el concepto de calles completas en el pa\u00eds, el cual promueve la movilidad sostenible y el tr\u00e1nsito seguro de todas las personas. En esta publicaci\u00f3n se re\u00fanen 11 proyectos de calles completas en diversas ciudades de M\u00e9xico, los cuales se destacan por los beneficios que han tenido en relaci\u00f3n a cuatro principios:<\/p>\n<ul>\n<li>Inclusi\u00f3n social y equidad<\/li>\n<li>Seguridad vial y personal<\/li>\n<li>Sostenibilidad<\/li>\n<li>Resiliencia<\/li>\n<\/ul>\n<p>&nbsp;<\/p>\n<p>&nbsp;<\/p>\n<p>&nbsp;<\/p>\n<p>&nbsp;<\/p>\n<p>Los proyectos seleccionados fueron:<\/p>\n<ol>\n<li><strong>Eje 3<\/strong>-CDMX<\/li>\n<li><strong>Avenida Insurgentes<\/strong>-CMDX<\/li>\n<li><strong>Avenida Chapultepec<\/strong>-CDMX<\/li>\n<li><strong>Av. Paseo de la Reforma<\/strong>-CDMX<\/li>\n<li><strong>Paseo Fray Antonio Alcalde-<\/strong>Guadalajara<\/li>\n<li><strong>Mi Macro Perif\u00e9rico<\/strong>-Guadalajara, Tlaquepaque, Tonal\u00e1 y Zapopan<\/li>\n<li><strong>Paseo Montejo<\/strong>-M\u00e9rida<\/li>\n<li><strong>Malec\u00f3n de La Paz<\/strong>&#8211; La Paz<\/li>\n<li><strong>Malec\u00f3n de Mazatl\u00e1n<\/strong>&#8211; Mazatl\u00e1n<\/li>\n<li><strong>Avenida Junco de la Vega<\/strong>-Monterrey<\/li>\n<li><strong>Calzadas San Pedro y Del Valle<\/strong>&#8211; Nuevo Le\u00f3n<\/li>\n<\/ol>\n<p>Todos los <a href=\"https:\/\/mexico.itdp.org\/2023\/08\/23\/mejores-calles-para-mexico\/\">proyectos integran elementos<\/a> que proporcionan espacios p\u00fablicos seguros con criterios de dise\u00f1o para permitir la accesibilidad universal, fomentando la movilidad ciclista y peatonal, con el fin de avanzar hacia un futuro urbano sostenible con infraestructura y equipamientos urbanos.<\/p>\n<blockquote>\n<p class=\"p1\">\u00abAutodesk est\u00e1 comprometido en ayudar a las pr\u00f3ximas generaciones a dise\u00f1ar y crear un mundo mejor para todos. Para seguir el ritmo de la innovaci\u00f3n y los avances tecnol\u00f3gicos, la industria necesita iniciativas como esta, que generen un impacto significativo en la circularidad y en la infraestructura de grandes ciudades.<\/p>\n<p class=\"p1\">Juntos, podemos ofrecer un futuro sostenible y resiliente.\u00bb- Marie-Pierre Mercier, Directora General de Autodesk de M\u00e9xico<\/p>\n<\/blockquote>\n","protected":false},"excerpt":{"rendered":"<p>En colaboraci\u00f3n con el Instituto de Pol\u00edticas para el Transporte y el Desarrollo (ITDP), CEMEX y Autodesk se realiz\u00f3 la presentaci\u00f3n del libro Mejores Calles para M\u00e9xico, el cual re\u00fane 11 ejemplos de transformaciones de calles, que facilitan cruces\u00a0 y una mejor infraestructura para el transporte p\u00fablico.<\/p>\n<\/p>\n<p>&nbsp;<\/p>\n","protected":false},"author":34365,"featured_media":2392,"comment_status":"open","ping_status":"open","sticky":false,"template":"","format":"standard","meta":{"_acf_changed":false,"inline_featured_image":false,"footnotes":""},"categories":[102],"tags":[],"class_list":["post-2384","post","type-post","status-publish","format-standard","has-post-thumbnail","hentry","category-aec"],"acf":[],"_links":{"self":[{"href":"https:\/\/blogs.autodesk.com\/latam\/wp-json\/wp\/v2\/posts\/2384","targetHints":{"allow":["GET"]}}],"collection":[{"href":"https:\/\/blogs.autodesk.com\/latam\/wp-json\/wp\/v2\/posts"}],"about":[{"href":"https:\/\/blogs.autodesk.com\/latam\/wp-json\/wp\/v2\/types\/post"}],"author":[{"embeddable":true,"href":"https:\/\/blogs.autodesk.com\/latam\/wp-json\/wp\/v2\/users\/34365"}],"replies":[{"embeddable":true,"href":"https:\/\/blogs.autodesk.com\/latam\/wp-json\/wp\/v2\/comments?post=2384"}],"version-history":[{"count":0,"href":"https:\/\/blogs.autodesk.com\/latam\/wp-json\/wp\/v2\/posts\/2384\/revisions"}],"wp:featuredmedia":[{"embeddable":true,"href":"https:\/\/blogs.autodesk.com\/latam\/wp-json\/wp\/v2\/media\/2392"}],"wp:attachment":[{"href":"https:\/\/blogs.autodesk.com\/latam\/wp-json\/wp\/v2\/media?parent=2384"}],"wp:term":[{"taxonomy":"category","embeddable":true,"href":"https:\/\/blogs.autodesk.com\/latam\/wp-json\/wp\/v2\/categories?post=2384"},{"taxonomy":"post_tag","embeddable":true,"href":"https:\/\/blogs.autodesk.com\/latam\/wp-json\/wp\/v2\/tags?post=2384"}],"curies":[{"name":"wp","href":"https:\/\/api.w.org\/{rel}","templated":true}]}}