{"id":4457,"date":"2021-06-10T16:22:09","date_gmt":"2021-06-10T19:22:09","guid":{"rendered":"https:\/\/blogs.autodesk.com\/mundoaec\/?p=4457"},"modified":"2021-06-10T16:30:45","modified_gmt":"2021-06-10T19:30:45","slug":"lancamento-recap-pro-2022","status":"publish","type":"post","link":"https:\/\/blogs.autodesk.com\/mundoaec\/lancamento-recap-pro-2022\/","title":{"rendered":"Lan\u00e7amento ReCap Pro 2022"},"content":{"rendered":"\n<p>Os usu\u00e1rios da Cole\u00e7\u00e3o AEC, procuram continuamente uma maneira de capturar e digitalizar seus projetos, isso \u00e9 poss\u00edvel com a Autodesk.  Escutamos as sugest\u00f5es e &#8220;Feedbakcs&#8221; dos nossos clientes, para aprimorar nosso software Autodesk ReCap Pro e proporcionar a captura da realidade cada vez mais precisa. Voc\u00ea e toda a sua equipe podem utiliz\u00e1-lo para capturar dados  e gerar um modelo 3D mais preciso, fornecendo informa\u00e7\u00f5es importantes para entender melhor quais ser\u00e3o os desafios do projeto, melhorando toda a integra\u00e7\u00e3o e otimizando tempo com fluxos de trabalhos.<\/p>\n\n\n\n<p>Ap\u00f3s toda a evolu\u00e7\u00e3o do software, a captura da realidade est\u00e1 cada vez melhor! A equipe da Autodesk Reality Solutions est\u00e1 muito animada para anunciar seu mais novo lan\u00e7amento do ReCap Pro 2022.<\/p>\n\n\n\n<p>Agora vamos dar uma olhada nas novas capacidades dispon\u00edveis nesta ferramenta.<\/p>\n\n\n\n<p style=\"font-size:28px\"><strong>Recurso Imperd\u00edvel Desta Vers\u00e3o &#8211; Scan to Mesh<\/strong><\/p>\n\n\n\n<p>O ReCap Pro 2022 possui a funcionalidade de <em>Scan to Mesh (Da digitaliza\u00e7\u00e3o para a malha texturizada)<\/em>, na qual permite converter uma parte da nuvem de ponto em uma malha 3D texturizada, levando seus dados um passo mais perto de um modelo de projeto inteligente. Esta malha 3D pode ser usada para detec\u00e7\u00e3o precoce de confrontos, coordena\u00e7\u00e3o e verifica\u00e7\u00e3o de dados de projetos . E por ser menor, torna-o mais gerenci\u00e1vel.<\/p>\n\n\n\n<p>O uso do <em>&#8220;Scan to Mesh<\/em>&#8221; requer o consumo de cr\u00e9ditos na nuvem com base no tamanho da nuvem de ponto e na qualidade da malha texturizada. Para obter mais informa\u00e7\u00f5es, leia nosso <a href=\"https:\/\/knowledge.autodesk.com\/support\/recap\/learn-explore\/caas\/simplecontent\/content\/autodesk-recap-pro-changes-to-cloud-credit-pricing-frequently-asked-questions.html\" data-type=\"URL\" data-id=\"https:\/\/knowledge.autodesk.com\/support\/recap\/learn-explore\/caas\/simplecontent\/content\/autodesk-recap-pro-changes-to-cloud-credit-pricing-frequently-asked-questions.html\">FAQ<\/a>.<\/p>\n\n\n\n<p>Assista ao v\u00eddeo abaixo: <\/p>\n\n\n\n<figure class=\"wp-block-embed is-type-video is-provider-youtube wp-block-embed-youtube wp-embed-aspect-16-9 wp-has-aspect-ratio\"><div class=\"wp-block-embed__wrapper\">\n<iframe loading=\"lazy\" title=\"ReCap Pro 2022 - NOVIDADE 01 - Processamento de Imagem para Gerar Malha com Texturas\" width=\"640\" height=\"360\" src=\"https:\/\/www.youtube.com\/embed\/lLZ9KDhkd8k?feature=oembed\" frameborder=\"0\" allow=\"accelerometer; autoplay; clipboard-write; encrypted-media; gyroscope; picture-in-picture; web-share\" referrerpolicy=\"strict-origin-when-cross-origin\" allowfullscreen><\/iframe>\n<\/div><\/figure>\n\n\n\n<p style=\"font-size:28px\"><strong>Introduzindo Autodesk Docs, BIM 360 Docs e Autodesk Drive &#8211; Armazenamento em nuvem para o ReCap Pro<\/strong><\/p>\n\n\n\n<p>Para oferecer-lhe uma experi\u00eancia de armazenamento mais confi\u00e1vel e robusta, temos o prazer de anunciar que o ReCap Pro agora suporta o Autodesk Drive como um substituto para a A360 Drive. Os usu\u00e1rios do ReCap Pro agora podem publicar seus projetos e resultados de reconstru\u00e7\u00e3o de fotos 3D em sua conta Autodesk Docs, BIM 360 Docs ou Autodesk Drive.<\/p>\n\n\n\n<p>Essa nova integra\u00e7\u00e3o com o BIM 360 Docs e o Autodesk Docs permite gerenciar e conectar melhor seus dados de captura de realidade, agora armazenados na mesma plataforma com outros projetos e dados de projetos BIM. Al\u00e9m disso, como o Autodesk Docs est\u00e1 inclu\u00eddo na <a href=\"https:\/\/www.autodesk.com.br\/collections\/architecture-engineering-construction\/overview?term=1-YEAR\" data-type=\"URL\" data-id=\"https:\/\/www.autodesk.com.br\/collections\/architecture-engineering-construction\/overview?term=1-YEAR\">Cole\u00e7\u00e3o AEC<\/a>, os assinantes j\u00e1 ter\u00e3o acesso \u00e0 ele sem qualquer compra adicional.<\/p>\n\n\n\n<p> Veja no v\u00eddeo abaixo : <\/p>\n\n\n\n<figure class=\"wp-block-embed is-type-video is-provider-youtube wp-block-embed-youtube wp-embed-aspect-16-9 wp-has-aspect-ratio\"><div class=\"wp-block-embed__wrapper\">\n<iframe loading=\"lazy\" title=\"Recap Pro 2022 - NOVIDADE 02 - Colabora\u00e7\u00e3o em Nuvem\" width=\"640\" height=\"360\" src=\"https:\/\/www.youtube.com\/embed\/3915LJeigbg?feature=oembed\" frameborder=\"0\" allow=\"accelerometer; autoplay; clipboard-write; encrypted-media; gyroscope; picture-in-picture; web-share\" referrerpolicy=\"strict-origin-when-cross-origin\" allowfullscreen><\/iframe>\n<\/div><\/figure>\n\n\n\n<p><\/p>\n\n\n\n<p style=\"font-size:28px\"><strong>Melhorias na Visualiza\u00e7\u00e3o de Projetos Publicados pelo ReCap Pro<\/strong><\/p>\n\n\n\n<p>Com o ReCap Pro 2022, agora voc\u00ea pode visualizar seu projeto em 3D, anotar e compartilhar dados diretamente no Autodesk Docs, BIM 360 Docs ou Autodesk Drive. Com esta atualiza\u00e7\u00e3o, voc\u00ea tem a capacidade de visualizar arquivos do ReCap Pro, bem como outros modelos de projetos elaborados dentro de uma plataforma Autodesk \u2013 economizando tempo.<\/p>\n\n\n\n<p>Saiba mais sobre essa mudan\u00e7a, <a href=\"https:\/\/help.autodesk.com\/view\/RECAP\/ENU\/?guid=Reality_Capture_Publish_and_Share_Data_html\" data-type=\"URL\" data-id=\"https:\/\/help.autodesk.com\/view\/RECAP\/ENU\/?guid=Reality_Capture_Publish_and_Share_Data_html\">aqui<\/a>. <\/p>\n\n\n\n<p>Assista ao v\u00eddeo abaixo:<\/p>\n\n\n\n<figure class=\"wp-block-embed is-type-video is-provider-youtube wp-block-embed-youtube wp-embed-aspect-16-9 wp-has-aspect-ratio\"><div class=\"wp-block-embed__wrapper\">\n<iframe loading=\"lazy\" title=\"Recap Pro 2022 - NOVIDADE 03 -  Publicar e Visualizar a Nuvem\" width=\"640\" height=\"360\" src=\"https:\/\/www.youtube.com\/embed\/gwXsWsB6sSw?feature=oembed\" frameborder=\"0\" allow=\"accelerometer; autoplay; clipboard-write; encrypted-media; gyroscope; picture-in-picture; web-share\" referrerpolicy=\"strict-origin-when-cross-origin\" allowfullscreen><\/iframe>\n<\/div><\/figure>\n\n\n\n<p style=\"font-size:28px\"><strong>Melhorias nas configura\u00e7\u00f5es de reconstru\u00e7\u00e3o 3D no ReCap Photo<\/strong><\/p>\n\n\n\n<p>Com as melhorias significativas no ReCap Photo \u2013 nossa solu\u00e7\u00e3o de reconstru\u00e7\u00e3o de fotos 3D inclu\u00eddas no ReCap Pro \u2013 voc\u00ea pode agora (antes de processar projetos):<\/p>\n\n\n\n<ul class=\"wp-block-list\"><li>Especifique pontos de controle de solo (GCPs) e pontos de verifica\u00e7\u00e3o em um sistema de coordenadas local arbitr\u00e1rio (XYZ) \u2013 proporcionando uma maior qualidade de reconstru\u00e7\u00e3o 3D.\u00a0<\/li><li>Determinar se os drones estavam equipados com RTK (cinem\u00e1tica em tempo real) ou PPK (cinem\u00e1tica p\u00f3s-processo) das imagens capturadas. Essas imagens espec\u00edficas possuem tags GPS de alta precis\u00e3o e reconstru\u00e7\u00e3o 3D de alta qualidade, reduzindo o processo demorado de coletar GCPs e, em seguida, inseri-los no ReCap Photo.<\/li><li>Calcule o valor da dist\u00e2ncia de amostragem do solo (as vezes referido como &#8220;tamanho de pixel&#8221;) automaticamente com base na resolu\u00e7\u00e3o e altitude da imagem do drone. Isso resulta na melhor ortofo poss\u00edvel gerada.<\/li><li>Para melhorar sua experi\u00eancia com o ReCap Photo, introduzimos um novo e mais flex\u00edvel pre\u00e7o de Cr\u00e9dito em Nuvem. Afastando-se dos pre\u00e7os hier\u00e1rquicos para o recurso de reconstru\u00e7\u00e3o 3D a\u00e9rea no ReCap Photo para um pre\u00e7o mais simples e baseado em cr\u00e9dito em nuvem baseado em consumo. <\/li><\/ul>\n\n\n\n<p><\/p>\n","protected":false},"excerpt":{"rendered":"<p>Os usu\u00e1rios da Cole\u00e7\u00e3o AEC, procuram continuamente uma maneira de capturar e digitalizar seus projetos, isso \u00e9 poss\u00edvel com a Autodesk.  Escutamos as sugest\u00f5es e &#8220;Feedbakcs&#8221; dos nossos clientes, para aprimorar nosso software Autodesk ReCap Pro e proporcionar a captura da realidade cada vez mais precisa. Voc\u00ea e toda a sua equipe podem utiliz\u00e1-lo para capturar dados  e gerar um modelo 3D mais preciso,<\/p>\n","protected":false},"author":56860,"featured_media":4463,"comment_status":"open","ping_status":"open","sticky":false,"template":"","format":"standard","meta":{"_acf_changed":false,"inline_featured_image":false,"footnotes":""},"categories":[1736,1833],"tags":[1813,1756,1835,1834],"class_list":["post-4457","post","type-post","status-publish","format-standard","has-post-thumbnail","hentry","category-aec-collection","category-recap-pro","tag-autodesk-docs","tag-bim360","tag-digitalizacao","tag-nuvem-de-pontos"],"acf":[],"yoast_head":"<!-- This site is optimized with the Yoast SEO Premium plugin v21.3 (Yoast SEO v27.3) - https:\/\/yoast.com\/product\/yoast-seo-premium-wordpress\/ -->\n<title>Lan\u00e7amento ReCap Pro 2022 | Mundo AEC - Autodesk<\/title>\n<meta name=\"robots\" content=\"index, follow, max-snippet:-1, max-image-preview:large, max-video-preview:-1\" \/>\n<link rel=\"canonical\" href=\"https:\/\/blogs.autodesk.com\/mundoaec\/lancamento-recap-pro-2022\/\" \/>\n<meta name=\"twitter:label1\" content=\"Written by\" \/>\n\t<meta name=\"twitter:data1\" content=\"Vinicius Almeida Barros\" \/>\n\t<meta name=\"twitter:label2\" content=\"Est. reading time\" \/>\n\t<meta name=\"twitter:data2\" content=\"4 minutes\" \/>\n<script type=\"application\/ld+json\" class=\"yoast-schema-graph\">{\"@context\":\"https:\\\/\\\/schema.org\",\"@graph\":[{\"@type\":\"Article\",\"@id\":\"https:\\\/\\\/blogs.autodesk.com\\\/mundoaec\\\/lancamento-recap-pro-2022\\\/#article\",\"isPartOf\":{\"@id\":\"https:\\\/\\\/blogs.autodesk.com\\\/mundoaec\\\/lancamento-recap-pro-2022\\\/\"},\"author\":{\"name\":\"Vinicius Almeida Barros\",\"@id\":\"https:\\\/\\\/blogs.autodesk.com\\\/mundoaec\\\/#\\\/schema\\\/person\\\/46b83eb8514512a76a487c625d455dea\"},\"headline\":\"Lan\u00e7amento ReCap Pro 2022\",\"datePublished\":\"2021-06-10T19:22:09+00:00\",\"dateModified\":\"2021-06-10T19:30:45+00:00\",\"mainEntityOfPage\":{\"@id\":\"https:\\\/\\\/blogs.autodesk.com\\\/mundoaec\\\/lancamento-recap-pro-2022\\\/\"},\"wordCount\":729,\"commentCount\":0,\"image\":{\"@id\":\"https:\\\/\\\/blogs.autodesk.com\\\/mundoaec\\\/lancamento-recap-pro-2022\\\/#primaryimage\"},\"thumbnailUrl\":\"https:\\\/\\\/blogs.autodesk.com\\\/mundoaec\\\/wp-content\\\/uploads\\\/sites\\\/84\\\/2021\\\/06\\\/10\\\/Captura-de-Tela-434.jpg\",\"keywords\":[\"Autodesk Docs\",\"BIM360\",\"Digitaliza\u00e7\u00e3o\",\"Nuvem de Pontos\"],\"articleSection\":[\"AEC Collection\",\"ReCap Pro\"],\"inLanguage\":\"en-US\",\"potentialAction\":[{\"@type\":\"CommentAction\",\"name\":\"Comment\",\"target\":[\"https:\\\/\\\/blogs.autodesk.com\\\/mundoaec\\\/lancamento-recap-pro-2022\\\/#respond\"]}]},{\"@type\":\"WebPage\",\"@id\":\"https:\\\/\\\/blogs.autodesk.com\\\/mundoaec\\\/lancamento-recap-pro-2022\\\/\",\"url\":\"https:\\\/\\\/blogs.autodesk.com\\\/mundoaec\\\/lancamento-recap-pro-2022\\\/\",\"name\":\"Lan\u00e7amento ReCap Pro 2022 | Mundo AEC - Autodesk\",\"isPartOf\":{\"@id\":\"https:\\\/\\\/blogs.autodesk.com\\\/mundoaec\\\/#website\"},\"primaryImageOfPage\":{\"@id\":\"https:\\\/\\\/blogs.autodesk.com\\\/mundoaec\\\/lancamento-recap-pro-2022\\\/#primaryimage\"},\"image\":{\"@id\":\"https:\\\/\\\/blogs.autodesk.com\\\/mundoaec\\\/lancamento-recap-pro-2022\\\/#primaryimage\"},\"thumbnailUrl\":\"https:\\\/\\\/blogs.autodesk.com\\\/mundoaec\\\/wp-content\\\/uploads\\\/sites\\\/84\\\/2021\\\/06\\\/10\\\/Captura-de-Tela-434.jpg\",\"datePublished\":\"2021-06-10T19:22:09+00:00\",\"dateModified\":\"2021-06-10T19:30:45+00:00\",\"author\":{\"@id\":\"https:\\\/\\\/blogs.autodesk.com\\\/mundoaec\\\/#\\\/schema\\\/person\\\/46b83eb8514512a76a487c625d455dea\"},\"breadcrumb\":{\"@id\":\"https:\\\/\\\/blogs.autodesk.com\\\/mundoaec\\\/lancamento-recap-pro-2022\\\/#breadcrumb\"},\"inLanguage\":\"en-US\",\"potentialAction\":[{\"@type\":\"ReadAction\",\"target\":[\"https:\\\/\\\/blogs.autodesk.com\\\/mundoaec\\\/lancamento-recap-pro-2022\\\/\"]}]},{\"@type\":\"ImageObject\",\"inLanguage\":\"en-US\",\"@id\":\"https:\\\/\\\/blogs.autodesk.com\\\/mundoaec\\\/lancamento-recap-pro-2022\\\/#primaryimage\",\"url\":\"https:\\\/\\\/blogs.autodesk.com\\\/mundoaec\\\/wp-content\\\/uploads\\\/sites\\\/84\\\/2021\\\/06\\\/10\\\/Captura-de-Tela-434.jpg\",\"contentUrl\":\"https:\\\/\\\/blogs.autodesk.com\\\/mundoaec\\\/wp-content\\\/uploads\\\/sites\\\/84\\\/2021\\\/06\\\/10\\\/Captura-de-Tela-434.jpg\",\"width\":1913,\"height\":1079},{\"@type\":\"BreadcrumbList\",\"@id\":\"https:\\\/\\\/blogs.autodesk.com\\\/mundoaec\\\/lancamento-recap-pro-2022\\\/#breadcrumb\",\"itemListElement\":[{\"@type\":\"ListItem\",\"position\":1,\"name\":\"Home\",\"item\":\"https:\\\/\\\/blogs.autodesk.com\\\/mundoaec\\\/\"},{\"@type\":\"ListItem\",\"position\":2,\"name\":\"Lan\u00e7amento ReCap Pro 2022\"}]},{\"@type\":\"WebSite\",\"@id\":\"https:\\\/\\\/blogs.autodesk.com\\\/mundoaec\\\/#website\",\"url\":\"https:\\\/\\\/blogs.autodesk.com\\\/mundoaec\\\/\",\"name\":\"Mundo AEC - Autodesk\",\"description\":\"Blog Oficial sobre solu\u00e7\u00f5es da Autodesk Brasil\",\"potentialAction\":[{\"@type\":\"SearchAction\",\"target\":{\"@type\":\"EntryPoint\",\"urlTemplate\":\"https:\\\/\\\/blogs.autodesk.com\\\/mundoaec\\\/?s={search_term_string}\"},\"query-input\":{\"@type\":\"PropertyValueSpecification\",\"valueRequired\":true,\"valueName\":\"search_term_string\"}}],\"inLanguage\":\"en-US\"},{\"@type\":\"Person\",\"@id\":\"https:\\\/\\\/blogs.autodesk.com\\\/mundoaec\\\/#\\\/schema\\\/person\\\/46b83eb8514512a76a487c625d455dea\",\"name\":\"Vinicius Almeida Barros\",\"image\":{\"@type\":\"ImageObject\",\"inLanguage\":\"en-US\",\"@id\":\"https:\\\/\\\/blogs.autodesk.com\\\/mundoaec\\\/wp-content\\\/uploads\\\/sites\\\/84\\\/2020\\\/12\\\/WhatsApp-Image-2020-12-03-at-14.22.11-150x150.jpeg\",\"url\":\"https:\\\/\\\/blogs.autodesk.com\\\/mundoaec\\\/wp-content\\\/uploads\\\/sites\\\/84\\\/2020\\\/12\\\/WhatsApp-Image-2020-12-03-at-14.22.11-150x150.jpeg\",\"contentUrl\":\"https:\\\/\\\/blogs.autodesk.com\\\/mundoaec\\\/wp-content\\\/uploads\\\/sites\\\/84\\\/2020\\\/12\\\/WhatsApp-Image-2020-12-03-at-14.22.11-150x150.jpeg\",\"caption\":\"Vinicius Almeida Barros\"},\"description\":\"Vinicius Barros \u00e9 estudante de Arquitetura e Urbanismo na Universidade Paulista-UNIP, possui contato com softwares de modelagem BIM e renderiza\u00e7\u00f5es e integra a equipe t\u00e9cnica AEC da Autodesk Brasil. Mais sobre, acesse seu perfil do Linkedln: https:\\\/\\\/www.linkedin.com\\\/in\\\/vinicius-barros-b53a58172\",\"url\":\"https:\\\/\\\/blogs.autodesk.com\\\/mundoaec\\\/author\\\/vinicius_almeida_barros\\\/\"}]}<\/script>\n<!-- \/ Yoast SEO Premium plugin. -->","yoast_head_json":{"title":"Lan\u00e7amento ReCap Pro 2022 | Mundo AEC - Autodesk","robots":{"index":"index","follow":"follow","max-snippet":"max-snippet:-1","max-image-preview":"max-image-preview:large","max-video-preview":"max-video-preview:-1"},"canonical":"https:\/\/blogs.autodesk.com\/mundoaec\/lancamento-recap-pro-2022\/","twitter_misc":{"Written by":"Vinicius Almeida Barros","Est. reading time":"4 minutes"},"schema":{"@context":"https:\/\/schema.org","@graph":[{"@type":"Article","@id":"https:\/\/blogs.autodesk.com\/mundoaec\/lancamento-recap-pro-2022\/#article","isPartOf":{"@id":"https:\/\/blogs.autodesk.com\/mundoaec\/lancamento-recap-pro-2022\/"},"author":{"name":"Vinicius Almeida Barros","@id":"https:\/\/blogs.autodesk.com\/mundoaec\/#\/schema\/person\/46b83eb8514512a76a487c625d455dea"},"headline":"Lan\u00e7amento ReCap Pro 2022","datePublished":"2021-06-10T19:22:09+00:00","dateModified":"2021-06-10T19:30:45+00:00","mainEntityOfPage":{"@id":"https:\/\/blogs.autodesk.com\/mundoaec\/lancamento-recap-pro-2022\/"},"wordCount":729,"commentCount":0,"image":{"@id":"https:\/\/blogs.autodesk.com\/mundoaec\/lancamento-recap-pro-2022\/#primaryimage"},"thumbnailUrl":"https:\/\/blogs.autodesk.com\/mundoaec\/wp-content\/uploads\/sites\/84\/2021\/06\/10\/Captura-de-Tela-434.jpg","keywords":["Autodesk Docs","BIM360","Digitaliza\u00e7\u00e3o","Nuvem de Pontos"],"articleSection":["AEC Collection","ReCap Pro"],"inLanguage":"en-US","potentialAction":[{"@type":"CommentAction","name":"Comment","target":["https:\/\/blogs.autodesk.com\/mundoaec\/lancamento-recap-pro-2022\/#respond"]}]},{"@type":"WebPage","@id":"https:\/\/blogs.autodesk.com\/mundoaec\/lancamento-recap-pro-2022\/","url":"https:\/\/blogs.autodesk.com\/mundoaec\/lancamento-recap-pro-2022\/","name":"Lan\u00e7amento ReCap Pro 2022 | Mundo AEC - Autodesk","isPartOf":{"@id":"https:\/\/blogs.autodesk.com\/mundoaec\/#website"},"primaryImageOfPage":{"@id":"https:\/\/blogs.autodesk.com\/mundoaec\/lancamento-recap-pro-2022\/#primaryimage"},"image":{"@id":"https:\/\/blogs.autodesk.com\/mundoaec\/lancamento-recap-pro-2022\/#primaryimage"},"thumbnailUrl":"https:\/\/blogs.autodesk.com\/mundoaec\/wp-content\/uploads\/sites\/84\/2021\/06\/10\/Captura-de-Tela-434.jpg","datePublished":"2021-06-10T19:22:09+00:00","dateModified":"2021-06-10T19:30:45+00:00","author":{"@id":"https:\/\/blogs.autodesk.com\/mundoaec\/#\/schema\/person\/46b83eb8514512a76a487c625d455dea"},"breadcrumb":{"@id":"https:\/\/blogs.autodesk.com\/mundoaec\/lancamento-recap-pro-2022\/#breadcrumb"},"inLanguage":"en-US","potentialAction":[{"@type":"ReadAction","target":["https:\/\/blogs.autodesk.com\/mundoaec\/lancamento-recap-pro-2022\/"]}]},{"@type":"ImageObject","inLanguage":"en-US","@id":"https:\/\/blogs.autodesk.com\/mundoaec\/lancamento-recap-pro-2022\/#primaryimage","url":"https:\/\/blogs.autodesk.com\/mundoaec\/wp-content\/uploads\/sites\/84\/2021\/06\/10\/Captura-de-Tela-434.jpg","contentUrl":"https:\/\/blogs.autodesk.com\/mundoaec\/wp-content\/uploads\/sites\/84\/2021\/06\/10\/Captura-de-Tela-434.jpg","width":1913,"height":1079},{"@type":"BreadcrumbList","@id":"https:\/\/blogs.autodesk.com\/mundoaec\/lancamento-recap-pro-2022\/#breadcrumb","itemListElement":[{"@type":"ListItem","position":1,"name":"Home","item":"https:\/\/blogs.autodesk.com\/mundoaec\/"},{"@type":"ListItem","position":2,"name":"Lan\u00e7amento ReCap Pro 2022"}]},{"@type":"WebSite","@id":"https:\/\/blogs.autodesk.com\/mundoaec\/#website","url":"https:\/\/blogs.autodesk.com\/mundoaec\/","name":"Mundo AEC - Autodesk","description":"Blog Oficial sobre solu\u00e7\u00f5es da Autodesk Brasil","potentialAction":[{"@type":"SearchAction","target":{"@type":"EntryPoint","urlTemplate":"https:\/\/blogs.autodesk.com\/mundoaec\/?s={search_term_string}"},"query-input":{"@type":"PropertyValueSpecification","valueRequired":true,"valueName":"search_term_string"}}],"inLanguage":"en-US"},{"@type":"Person","@id":"https:\/\/blogs.autodesk.com\/mundoaec\/#\/schema\/person\/46b83eb8514512a76a487c625d455dea","name":"Vinicius Almeida Barros","image":{"@type":"ImageObject","inLanguage":"en-US","@id":"https:\/\/blogs.autodesk.com\/mundoaec\/wp-content\/uploads\/sites\/84\/2020\/12\/WhatsApp-Image-2020-12-03-at-14.22.11-150x150.jpeg","url":"https:\/\/blogs.autodesk.com\/mundoaec\/wp-content\/uploads\/sites\/84\/2020\/12\/WhatsApp-Image-2020-12-03-at-14.22.11-150x150.jpeg","contentUrl":"https:\/\/blogs.autodesk.com\/mundoaec\/wp-content\/uploads\/sites\/84\/2020\/12\/WhatsApp-Image-2020-12-03-at-14.22.11-150x150.jpeg","caption":"Vinicius Almeida Barros"},"description":"Vinicius Barros \u00e9 estudante de Arquitetura e Urbanismo na Universidade Paulista-UNIP, possui contato com softwares de modelagem BIM e renderiza\u00e7\u00f5es e integra a equipe t\u00e9cnica AEC da Autodesk Brasil. Mais sobre, acesse seu perfil do Linkedln: https:\/\/www.linkedin.com\/in\/vinicius-barros-b53a58172","url":"https:\/\/blogs.autodesk.com\/mundoaec\/author\/vinicius_almeida_barros\/"}]}},"_links":{"self":[{"href":"https:\/\/blogs.autodesk.com\/mundoaec\/wp-json\/wp\/v2\/posts\/4457","targetHints":{"allow":["GET"]}}],"collection":[{"href":"https:\/\/blogs.autodesk.com\/mundoaec\/wp-json\/wp\/v2\/posts"}],"about":[{"href":"https:\/\/blogs.autodesk.com\/mundoaec\/wp-json\/wp\/v2\/types\/post"}],"author":[{"embeddable":true,"href":"https:\/\/blogs.autodesk.com\/mundoaec\/wp-json\/wp\/v2\/users\/56860"}],"replies":[{"embeddable":true,"href":"https:\/\/blogs.autodesk.com\/mundoaec\/wp-json\/wp\/v2\/comments?post=4457"}],"version-history":[{"count":0,"href":"https:\/\/blogs.autodesk.com\/mundoaec\/wp-json\/wp\/v2\/posts\/4457\/revisions"}],"wp:featuredmedia":[{"embeddable":true,"href":"https:\/\/blogs.autodesk.com\/mundoaec\/wp-json\/wp\/v2\/media\/4463"}],"wp:attachment":[{"href":"https:\/\/blogs.autodesk.com\/mundoaec\/wp-json\/wp\/v2\/media?parent=4457"}],"wp:term":[{"taxonomy":"category","embeddable":true,"href":"https:\/\/blogs.autodesk.com\/mundoaec\/wp-json\/wp\/v2\/categories?post=4457"},{"taxonomy":"post_tag","embeddable":true,"href":"https:\/\/blogs.autodesk.com\/mundoaec\/wp-json\/wp\/v2\/tags?post=4457"}],"curies":[{"name":"wp","href":"https:\/\/api.w.org\/{rel}","templated":true}]}}