{"id":140,"date":"2016-03-30T09:00:30","date_gmt":"2016-03-30T09:00:30","guid":{"rendered":"https:\/\/blogs.autodesk.com\/presse-center-deutschland\/?p=140"},"modified":"2019-03-18T10:20:41","modified_gmt":"2019-03-18T10:20:41","slug":"autodesk-zeigt-zukunft-der-produktion-auf-der-hannover-messe","status":"publish","type":"post","link":"https:\/\/blogs.autodesk.com\/presse-center-deutschland\/2016\/03\/30\/autodesk-zeigt-zukunft-der-produktion-auf-der-hannover-messe\/","title":{"rendered":"Autodesk zeigt Zukunft der Produktion auf der Hannover Messe"},"content":{"rendered":"<p><strong>Generatives Design und innovative Produktionstechniken f\u00fcr medizinische Zwecke stehen bei Autodesk auf der diesj\u00e4hrigen Hannover Messe auf der Agenda<\/strong><\/p>\n<p>Autodesk gibt auf der diesj\u00e4hrigen Hannover Messe einen Ausblick auf die Zukunft der Produktion. <!--more-->Als Beispiel f\u00fcr generatives Design pr\u00e4sentiert der Softwareanbieter eine Kooperation mit Airbus. Welches Potenzial moderne Design- und Produktionsmethoden in der Medizintechnik entfalten k\u00f6nnen, wird in einem Projekt mit der Paracycling-Weltmeisterin Denise Schindler deutlich.<\/p>\n<p><strong>Erste \u201ebionische Trennwand\u201c in Kooperation mit Airbus<\/strong><\/p>\n<p>Bei dem in Zusammenarbeit mit Airbus entstandenen Bauteil, einer \u201ebionischen Trennwand\u201c, handelt es sich um eine Kabinenkomponente, welche die Passagierkabine von der Bordk\u00fcche trennt und die Klappsitze f\u00fcr die Flugbegleiter h\u00e4lt. Sie feiert in Hannover ihre Europapremiere. Erstellt wurde das Design mit Hilfe spezifischer Algorithmen, welche Zellstrukturen und Knochenwachstum nachbilden. Das Resultat wurde dann aus dem Material Scalmalloy, eine Legierung aus Aluminium, Magnesium und Scandium, entwickelt und mit additiven Fertigungsverfahren produziert.<\/p>\n<p>Dieses Beispiel gibt einen Ausblick auf Design- und Produktionsmethoden der Zukunft: Der Computer wird hier ein Partner des Designers. Das fertige Produkt ist leichter und gleichzeitig stabiler als vergleichbare Teile, allerdings sto\u00dfen bei der Herstellung traditionelle Verfahren an ihre Grenzen. Mit den M\u00f6glichkeiten des industriellen 3D-Drucks wird die Herstellung dieser fortschrittlichen Teile jedoch m\u00f6glich.<\/p>\n<p><strong>Denise Schindler pr\u00e4sentiert ihre Hochleistungsprothese<\/strong><\/p>\n<p>Die Zusammenarbeit mit der Paralympics-Medaillenhoffnung Denise Schindler zeigt auf, wie die Medizintechnik von innovativen Design- und Produktionsmethoden profitieren kann. Gemeinsam mit Autodesk hat Denise Schindler im vergangenen Jahr eine individuelle Hochleistungsprothese f\u00fcr die Paralympics in Rio gestaltet, entwickelt und in einem additiven Fertigungsverfahren hergestellt. Das wettkampfbereite Modell zeigt Denise Schindler in Hannover erstmals der \u00d6ffentlichkeit.<\/p>\n<p>Bei Interesse an Bildmaterial sprechen Sie uns gerne an unter <a href=\"mailto:Autodesk_Germany@edelman.com\">Autodesk_Germany@edelman.com.<\/a><\/p>\n","protected":false},"excerpt":{"rendered":"<p>Generatives Design und innovative Produktionstechniken f\u00fcr medizinische Zwecke stehen bei Autodesk auf der diesj\u00e4hrigen Hannover Messe auf der Agenda<\/p>\n<p>Autodesk gibt auf der diesj\u00e4hrigen Hannover Messe einen Ausblick auf die Zukunft der Produktion. <\/p>\n","protected":false},"author":2910,"featured_media":155,"comment_status":"open","ping_status":"open","sticky":false,"template":"","format":"standard","meta":{"_acf_changed":false,"inline_featured_image":false,"footnotes":""},"categories":[1],"tags":[],"class_list":["post-140","post","type-post","status-publish","format-standard","has-post-thumbnail","hentry","category-fertigungsindustrie-der-zukunft"],"acf":[],"yoast_head":"<!-- This site is optimized with the Yoast SEO plugin v27.3 - https:\/\/yoast.com\/product\/yoast-seo-wordpress\/ -->\n<title>Autodesk zeigt Zukunft der Produktion auf der Hannover Messe - Autodesk Presse-Center Deutschland<\/title>\n<meta name=\"robots\" content=\"index, follow, max-snippet:-1, max-image-preview:large, max-video-preview:-1\" \/>\n<link rel=\"canonical\" href=\"https:\/\/blogs.autodesk.com\/presse-center-deutschland\/2016\/03\/30\/autodesk-zeigt-zukunft-der-produktion-auf-der-hannover-messe\/\" \/>\n<meta property=\"og:locale\" content=\"en_US\" \/>\n<meta property=\"og:type\" content=\"article\" \/>\n<meta property=\"og:title\" content=\"Autodesk zeigt Zukunft der Produktion auf der Hannover Messe - Autodesk Presse-Center Deutschland\" \/>\n<meta property=\"og:description\" content=\"Generatives Design und innovative Produktionstechniken f\u00fcr medizinische Zwecke stehen bei Autodesk auf der diesj\u00e4hrigen Hannover Messe auf der Agenda Autodesk gibt auf der diesj\u00e4hrigen Hannover Messe einen Ausblick auf die Zukunft der Produktion.\" \/>\n<meta property=\"og:url\" content=\"https:\/\/blogs.autodesk.com\/presse-center-deutschland\/2016\/03\/30\/autodesk-zeigt-zukunft-der-produktion-auf-der-hannover-messe\/\" \/>\n<meta property=\"og:site_name\" content=\"Autodesk Presse-Center Deutschland\" \/>\n<meta property=\"article:published_time\" content=\"2016-03-30T09:00:30+00:00\" \/>\n<meta property=\"article:modified_time\" content=\"2019-03-18T10:20:41+00:00\" \/>\n<meta property=\"og:image\" content=\"https:\/\/blogs.autodesk.com\/presse-center-deutschland\/wp-content\/uploads\/sites\/93\/2016\/03\/Airbus_Bionische-Trennwand_1.png\" \/>\n\t<meta property=\"og:image:width\" content=\"1794\" \/>\n\t<meta property=\"og:image:height\" content=\"1046\" \/>\n\t<meta property=\"og:image:type\" content=\"image\/png\" \/>\n<meta name=\"author\" content=\"Andr\u00e9 Pechmann\" \/>\n<meta name=\"twitter:card\" content=\"summary_large_image\" \/>\n<meta name=\"twitter:creator\" content=\"@drbeckmann\" \/>\n<meta name=\"twitter:label1\" content=\"Written by\" \/>\n\t<meta name=\"twitter:data1\" content=\"Andr\u00e9 Pechmann\" \/>\n\t<meta name=\"twitter:label2\" content=\"Est. reading time\" \/>\n\t<meta name=\"twitter:data2\" content=\"1 minute\" \/>\n<script type=\"application\/ld+json\" class=\"yoast-schema-graph\">{\"@context\":\"https:\\\/\\\/schema.org\",\"@graph\":[{\"@type\":\"Article\",\"@id\":\"https:\\\/\\\/blogs.autodesk.com\\\/presse-center-deutschland\\\/2016\\\/03\\\/30\\\/autodesk-zeigt-zukunft-der-produktion-auf-der-hannover-messe\\\/#article\",\"isPartOf\":{\"@id\":\"https:\\\/\\\/blogs.autodesk.com\\\/presse-center-deutschland\\\/2016\\\/03\\\/30\\\/autodesk-zeigt-zukunft-der-produktion-auf-der-hannover-messe\\\/\"},\"author\":{\"name\":\"Andr\u00e9 Pechmann\",\"@id\":\"https:\\\/\\\/blogs.autodesk.com\\\/presse-center-deutschland\\\/#\\\/schema\\\/person\\\/9a01d971738fb64cd6681c8f9409709b\"},\"headline\":\"Autodesk zeigt Zukunft der Produktion auf der Hannover Messe\",\"datePublished\":\"2016-03-30T09:00:30+00:00\",\"dateModified\":\"2019-03-18T10:20:41+00:00\",\"mainEntityOfPage\":{\"@id\":\"https:\\\/\\\/blogs.autodesk.com\\\/presse-center-deutschland\\\/2016\\\/03\\\/30\\\/autodesk-zeigt-zukunft-der-produktion-auf-der-hannover-messe\\\/\"},\"wordCount\":295,\"commentCount\":0,\"image\":{\"@id\":\"https:\\\/\\\/blogs.autodesk.com\\\/presse-center-deutschland\\\/2016\\\/03\\\/30\\\/autodesk-zeigt-zukunft-der-produktion-auf-der-hannover-messe\\\/#primaryimage\"},\"thumbnailUrl\":\"https:\\\/\\\/blogs.autodesk.com\\\/presse-center-deutschland\\\/wp-content\\\/uploads\\\/sites\\\/93\\\/2016\\\/03\\\/Airbus_Bionische-Trennwand_1.png\",\"articleSection\":[\"Fertigungsindustrie der Zukunft\"],\"inLanguage\":\"en-US\",\"potentialAction\":[{\"@type\":\"CommentAction\",\"name\":\"Comment\",\"target\":[\"https:\\\/\\\/blogs.autodesk.com\\\/presse-center-deutschland\\\/2016\\\/03\\\/30\\\/autodesk-zeigt-zukunft-der-produktion-auf-der-hannover-messe\\\/#respond\"]}]},{\"@type\":\"WebPage\",\"@id\":\"https:\\\/\\\/blogs.autodesk.com\\\/presse-center-deutschland\\\/2016\\\/03\\\/30\\\/autodesk-zeigt-zukunft-der-produktion-auf-der-hannover-messe\\\/\",\"url\":\"https:\\\/\\\/blogs.autodesk.com\\\/presse-center-deutschland\\\/2016\\\/03\\\/30\\\/autodesk-zeigt-zukunft-der-produktion-auf-der-hannover-messe\\\/\",\"name\":\"Autodesk zeigt Zukunft der Produktion auf der Hannover Messe - Autodesk Presse-Center Deutschland\",\"isPartOf\":{\"@id\":\"https:\\\/\\\/blogs.autodesk.com\\\/presse-center-deutschland\\\/#website\"},\"primaryImageOfPage\":{\"@id\":\"https:\\\/\\\/blogs.autodesk.com\\\/presse-center-deutschland\\\/2016\\\/03\\\/30\\\/autodesk-zeigt-zukunft-der-produktion-auf-der-hannover-messe\\\/#primaryimage\"},\"image\":{\"@id\":\"https:\\\/\\\/blogs.autodesk.com\\\/presse-center-deutschland\\\/2016\\\/03\\\/30\\\/autodesk-zeigt-zukunft-der-produktion-auf-der-hannover-messe\\\/#primaryimage\"},\"thumbnailUrl\":\"https:\\\/\\\/blogs.autodesk.com\\\/presse-center-deutschland\\\/wp-content\\\/uploads\\\/sites\\\/93\\\/2016\\\/03\\\/Airbus_Bionische-Trennwand_1.png\",\"datePublished\":\"2016-03-30T09:00:30+00:00\",\"dateModified\":\"2019-03-18T10:20:41+00:00\",\"author\":{\"@id\":\"https:\\\/\\\/blogs.autodesk.com\\\/presse-center-deutschland\\\/#\\\/schema\\\/person\\\/9a01d971738fb64cd6681c8f9409709b\"},\"breadcrumb\":{\"@id\":\"https:\\\/\\\/blogs.autodesk.com\\\/presse-center-deutschland\\\/2016\\\/03\\\/30\\\/autodesk-zeigt-zukunft-der-produktion-auf-der-hannover-messe\\\/#breadcrumb\"},\"inLanguage\":\"en-US\",\"potentialAction\":[{\"@type\":\"ReadAction\",\"target\":[\"https:\\\/\\\/blogs.autodesk.com\\\/presse-center-deutschland\\\/2016\\\/03\\\/30\\\/autodesk-zeigt-zukunft-der-produktion-auf-der-hannover-messe\\\/\"]}]},{\"@type\":\"ImageObject\",\"inLanguage\":\"en-US\",\"@id\":\"https:\\\/\\\/blogs.autodesk.com\\\/presse-center-deutschland\\\/2016\\\/03\\\/30\\\/autodesk-zeigt-zukunft-der-produktion-auf-der-hannover-messe\\\/#primaryimage\",\"url\":\"https:\\\/\\\/blogs.autodesk.com\\\/presse-center-deutschland\\\/wp-content\\\/uploads\\\/sites\\\/93\\\/2016\\\/03\\\/Airbus_Bionische-Trennwand_1.png\",\"contentUrl\":\"https:\\\/\\\/blogs.autodesk.com\\\/presse-center-deutschland\\\/wp-content\\\/uploads\\\/sites\\\/93\\\/2016\\\/03\\\/Airbus_Bionische-Trennwand_1.png\",\"width\":1794,\"height\":1046},{\"@type\":\"BreadcrumbList\",\"@id\":\"https:\\\/\\\/blogs.autodesk.com\\\/presse-center-deutschland\\\/2016\\\/03\\\/30\\\/autodesk-zeigt-zukunft-der-produktion-auf-der-hannover-messe\\\/#breadcrumb\",\"itemListElement\":[{\"@type\":\"ListItem\",\"position\":1,\"name\":\"Home\",\"item\":\"https:\\\/\\\/blogs.autodesk.com\\\/presse-center-deutschland\\\/\"},{\"@type\":\"ListItem\",\"position\":2,\"name\":\"Autodesk zeigt Zukunft der Produktion auf der Hannover Messe\"}]},{\"@type\":\"WebSite\",\"@id\":\"https:\\\/\\\/blogs.autodesk.com\\\/presse-center-deutschland\\\/#website\",\"url\":\"https:\\\/\\\/blogs.autodesk.com\\\/presse-center-deutschland\\\/\",\"name\":\"Autodesk Presse-Center Deutschland\",\"description\":\"Just another Autodesk Blogs site\",\"potentialAction\":[{\"@type\":\"SearchAction\",\"target\":{\"@type\":\"EntryPoint\",\"urlTemplate\":\"https:\\\/\\\/blogs.autodesk.com\\\/presse-center-deutschland\\\/?s={search_term_string}\"},\"query-input\":{\"@type\":\"PropertyValueSpecification\",\"valueRequired\":true,\"valueName\":\"search_term_string\"}}],\"inLanguage\":\"en-US\"},{\"@type\":\"Person\",\"@id\":\"https:\\\/\\\/blogs.autodesk.com\\\/presse-center-deutschland\\\/#\\\/schema\\\/person\\\/9a01d971738fb64cd6681c8f9409709b\",\"name\":\"Andr\u00e9 Pechmann\",\"image\":{\"@type\":\"ImageObject\",\"inLanguage\":\"en-US\",\"@id\":\"https:\\\/\\\/blogs.autodesk.com\\\/presse-center-deutschland\\\/wp-content\\\/uploads\\\/sites\\\/93\\\/2022\\\/07\\\/19\\\/Autodesk-Logo.svg\",\"url\":\"https:\\\/\\\/blogs.autodesk.com\\\/presse-center-deutschland\\\/wp-content\\\/uploads\\\/sites\\\/93\\\/2022\\\/07\\\/19\\\/Autodesk-Logo.svg\",\"contentUrl\":\"https:\\\/\\\/blogs.autodesk.com\\\/presse-center-deutschland\\\/wp-content\\\/uploads\\\/sites\\\/93\\\/2022\\\/07\\\/19\\\/Autodesk-Logo.svg\",\"caption\":\"Andr\u00e9 Pechmann\"},\"sameAs\":[\"https:\\\/\\\/x.com\\\/drbeckmann\"],\"url\":\"https:\\\/\\\/blogs.autodesk.com\\\/presse-center-deutschland\\\/author\\\/andrepechmann\\\/\"}]}<\/script>\n<!-- \/ Yoast SEO plugin. -->","yoast_head_json":{"title":"Autodesk zeigt Zukunft der Produktion auf der Hannover Messe - Autodesk Presse-Center Deutschland","robots":{"index":"index","follow":"follow","max-snippet":"max-snippet:-1","max-image-preview":"max-image-preview:large","max-video-preview":"max-video-preview:-1"},"canonical":"https:\/\/blogs.autodesk.com\/presse-center-deutschland\/2016\/03\/30\/autodesk-zeigt-zukunft-der-produktion-auf-der-hannover-messe\/","og_locale":"en_US","og_type":"article","og_title":"Autodesk zeigt Zukunft der Produktion auf der Hannover Messe - Autodesk Presse-Center Deutschland","og_description":"Generatives Design und innovative Produktionstechniken f\u00fcr medizinische Zwecke stehen bei Autodesk auf der diesj\u00e4hrigen Hannover Messe auf der Agenda Autodesk gibt auf der diesj\u00e4hrigen Hannover Messe einen Ausblick auf die Zukunft der Produktion.","og_url":"https:\/\/blogs.autodesk.com\/presse-center-deutschland\/2016\/03\/30\/autodesk-zeigt-zukunft-der-produktion-auf-der-hannover-messe\/","og_site_name":"Autodesk Presse-Center Deutschland","article_published_time":"2016-03-30T09:00:30+00:00","article_modified_time":"2019-03-18T10:20:41+00:00","og_image":[{"width":1794,"height":1046,"url":"https:\/\/blogs.autodesk.com\/presse-center-deutschland\/wp-content\/uploads\/sites\/93\/2016\/03\/Airbus_Bionische-Trennwand_1.png","type":"image\/png"}],"author":"Andr\u00e9 Pechmann","twitter_card":"summary_large_image","twitter_creator":"@drbeckmann","twitter_misc":{"Written by":"Andr\u00e9 Pechmann","Est. reading time":"1 minute"},"schema":{"@context":"https:\/\/schema.org","@graph":[{"@type":"Article","@id":"https:\/\/blogs.autodesk.com\/presse-center-deutschland\/2016\/03\/30\/autodesk-zeigt-zukunft-der-produktion-auf-der-hannover-messe\/#article","isPartOf":{"@id":"https:\/\/blogs.autodesk.com\/presse-center-deutschland\/2016\/03\/30\/autodesk-zeigt-zukunft-der-produktion-auf-der-hannover-messe\/"},"author":{"name":"Andr\u00e9 Pechmann","@id":"https:\/\/blogs.autodesk.com\/presse-center-deutschland\/#\/schema\/person\/9a01d971738fb64cd6681c8f9409709b"},"headline":"Autodesk zeigt Zukunft der Produktion auf der Hannover Messe","datePublished":"2016-03-30T09:00:30+00:00","dateModified":"2019-03-18T10:20:41+00:00","mainEntityOfPage":{"@id":"https:\/\/blogs.autodesk.com\/presse-center-deutschland\/2016\/03\/30\/autodesk-zeigt-zukunft-der-produktion-auf-der-hannover-messe\/"},"wordCount":295,"commentCount":0,"image":{"@id":"https:\/\/blogs.autodesk.com\/presse-center-deutschland\/2016\/03\/30\/autodesk-zeigt-zukunft-der-produktion-auf-der-hannover-messe\/#primaryimage"},"thumbnailUrl":"https:\/\/blogs.autodesk.com\/presse-center-deutschland\/wp-content\/uploads\/sites\/93\/2016\/03\/Airbus_Bionische-Trennwand_1.png","articleSection":["Fertigungsindustrie der Zukunft"],"inLanguage":"en-US","potentialAction":[{"@type":"CommentAction","name":"Comment","target":["https:\/\/blogs.autodesk.com\/presse-center-deutschland\/2016\/03\/30\/autodesk-zeigt-zukunft-der-produktion-auf-der-hannover-messe\/#respond"]}]},{"@type":"WebPage","@id":"https:\/\/blogs.autodesk.com\/presse-center-deutschland\/2016\/03\/30\/autodesk-zeigt-zukunft-der-produktion-auf-der-hannover-messe\/","url":"https:\/\/blogs.autodesk.com\/presse-center-deutschland\/2016\/03\/30\/autodesk-zeigt-zukunft-der-produktion-auf-der-hannover-messe\/","name":"Autodesk zeigt Zukunft der Produktion auf der Hannover Messe - Autodesk Presse-Center Deutschland","isPartOf":{"@id":"https:\/\/blogs.autodesk.com\/presse-center-deutschland\/#website"},"primaryImageOfPage":{"@id":"https:\/\/blogs.autodesk.com\/presse-center-deutschland\/2016\/03\/30\/autodesk-zeigt-zukunft-der-produktion-auf-der-hannover-messe\/#primaryimage"},"image":{"@id":"https:\/\/blogs.autodesk.com\/presse-center-deutschland\/2016\/03\/30\/autodesk-zeigt-zukunft-der-produktion-auf-der-hannover-messe\/#primaryimage"},"thumbnailUrl":"https:\/\/blogs.autodesk.com\/presse-center-deutschland\/wp-content\/uploads\/sites\/93\/2016\/03\/Airbus_Bionische-Trennwand_1.png","datePublished":"2016-03-30T09:00:30+00:00","dateModified":"2019-03-18T10:20:41+00:00","author":{"@id":"https:\/\/blogs.autodesk.com\/presse-center-deutschland\/#\/schema\/person\/9a01d971738fb64cd6681c8f9409709b"},"breadcrumb":{"@id":"https:\/\/blogs.autodesk.com\/presse-center-deutschland\/2016\/03\/30\/autodesk-zeigt-zukunft-der-produktion-auf-der-hannover-messe\/#breadcrumb"},"inLanguage":"en-US","potentialAction":[{"@type":"ReadAction","target":["https:\/\/blogs.autodesk.com\/presse-center-deutschland\/2016\/03\/30\/autodesk-zeigt-zukunft-der-produktion-auf-der-hannover-messe\/"]}]},{"@type":"ImageObject","inLanguage":"en-US","@id":"https:\/\/blogs.autodesk.com\/presse-center-deutschland\/2016\/03\/30\/autodesk-zeigt-zukunft-der-produktion-auf-der-hannover-messe\/#primaryimage","url":"https:\/\/blogs.autodesk.com\/presse-center-deutschland\/wp-content\/uploads\/sites\/93\/2016\/03\/Airbus_Bionische-Trennwand_1.png","contentUrl":"https:\/\/blogs.autodesk.com\/presse-center-deutschland\/wp-content\/uploads\/sites\/93\/2016\/03\/Airbus_Bionische-Trennwand_1.png","width":1794,"height":1046},{"@type":"BreadcrumbList","@id":"https:\/\/blogs.autodesk.com\/presse-center-deutschland\/2016\/03\/30\/autodesk-zeigt-zukunft-der-produktion-auf-der-hannover-messe\/#breadcrumb","itemListElement":[{"@type":"ListItem","position":1,"name":"Home","item":"https:\/\/blogs.autodesk.com\/presse-center-deutschland\/"},{"@type":"ListItem","position":2,"name":"Autodesk zeigt Zukunft der Produktion auf der Hannover Messe"}]},{"@type":"WebSite","@id":"https:\/\/blogs.autodesk.com\/presse-center-deutschland\/#website","url":"https:\/\/blogs.autodesk.com\/presse-center-deutschland\/","name":"Autodesk Presse-Center Deutschland","description":"Just another Autodesk Blogs site","potentialAction":[{"@type":"SearchAction","target":{"@type":"EntryPoint","urlTemplate":"https:\/\/blogs.autodesk.com\/presse-center-deutschland\/?s={search_term_string}"},"query-input":{"@type":"PropertyValueSpecification","valueRequired":true,"valueName":"search_term_string"}}],"inLanguage":"en-US"},{"@type":"Person","@id":"https:\/\/blogs.autodesk.com\/presse-center-deutschland\/#\/schema\/person\/9a01d971738fb64cd6681c8f9409709b","name":"Andr\u00e9 Pechmann","image":{"@type":"ImageObject","inLanguage":"en-US","@id":"https:\/\/blogs.autodesk.com\/presse-center-deutschland\/wp-content\/uploads\/sites\/93\/2022\/07\/19\/Autodesk-Logo.svg","url":"https:\/\/blogs.autodesk.com\/presse-center-deutschland\/wp-content\/uploads\/sites\/93\/2022\/07\/19\/Autodesk-Logo.svg","contentUrl":"https:\/\/blogs.autodesk.com\/presse-center-deutschland\/wp-content\/uploads\/sites\/93\/2022\/07\/19\/Autodesk-Logo.svg","caption":"Andr\u00e9 Pechmann"},"sameAs":["https:\/\/x.com\/drbeckmann"],"url":"https:\/\/blogs.autodesk.com\/presse-center-deutschland\/author\/andrepechmann\/"}]}},"_links":{"self":[{"href":"https:\/\/blogs.autodesk.com\/presse-center-deutschland\/wp-json\/wp\/v2\/posts\/140","targetHints":{"allow":["GET"]}}],"collection":[{"href":"https:\/\/blogs.autodesk.com\/presse-center-deutschland\/wp-json\/wp\/v2\/posts"}],"about":[{"href":"https:\/\/blogs.autodesk.com\/presse-center-deutschland\/wp-json\/wp\/v2\/types\/post"}],"author":[{"embeddable":true,"href":"https:\/\/blogs.autodesk.com\/presse-center-deutschland\/wp-json\/wp\/v2\/users\/2910"}],"replies":[{"embeddable":true,"href":"https:\/\/blogs.autodesk.com\/presse-center-deutschland\/wp-json\/wp\/v2\/comments?post=140"}],"version-history":[{"count":0,"href":"https:\/\/blogs.autodesk.com\/presse-center-deutschland\/wp-json\/wp\/v2\/posts\/140\/revisions"}],"wp:featuredmedia":[{"embeddable":true,"href":"https:\/\/blogs.autodesk.com\/presse-center-deutschland\/wp-json\/wp\/v2\/media\/155"}],"wp:attachment":[{"href":"https:\/\/blogs.autodesk.com\/presse-center-deutschland\/wp-json\/wp\/v2\/media?parent=140"}],"wp:term":[{"taxonomy":"category","embeddable":true,"href":"https:\/\/blogs.autodesk.com\/presse-center-deutschland\/wp-json\/wp\/v2\/categories?post=140"},{"taxonomy":"post_tag","embeddable":true,"href":"https:\/\/blogs.autodesk.com\/presse-center-deutschland\/wp-json\/wp\/v2\/tags?post=140"}],"curies":[{"name":"wp","href":"https:\/\/api.w.org\/{rel}","templated":true}]}}