{"id":194,"date":"2016-09-13T15:18:23","date_gmt":"2016-09-13T15:18:23","guid":{"rendered":"https:\/\/blogs.autodesk.com\/presse-center-deutschland\/?p=194"},"modified":"2016-09-13T15:27:57","modified_gmt":"2016-09-13T15:27:57","slug":"autodesk-prasentiert-integriertes-portfolio-fur-die-fertigungsindustrie-der-zukunft","status":"publish","type":"post","link":"https:\/\/blogs.autodesk.com\/presse-center-deutschland\/2016\/09\/13\/autodesk-prasentiert-integriertes-portfolio-fur-die-fertigungsindustrie-der-zukunft\/","title":{"rendered":"Autodesk pr\u00e4sentiert integriertes Portfolio f\u00fcr die Fertigungsindustrie der Zukunft"},"content":{"rendered":"<p><strong>Portfolio mit L\u00f6sungen von Autodesk, Delcam, Netfabb, Pan Computing und Magestic Systems f\u00fcr umfassende hybride Fertigung auf AMB vorgestellt<\/strong><\/p>\n<p>Die Welt der Produktion ver\u00e4ndert sich st\u00e4ndig \u2013 neue Marktkr\u00e4fte und Technologien erm\u00f6glichen optimierte Verfahren und Ressourcenschonung. <!--more-->Autodesk f\u00f6rdert diesen Wandel mit seinem erweiterten und ab sofort integrierten Portfolio, das L\u00f6sungen f\u00fcr hybride Fertigung\u00a0(additiv und subtraktiv) beinhaltet.\u00a0Es unterst\u00fctzt Hersteller dabei, die Vorteile technologischer Ver\u00e4nderungen optimal zu nutzen, um Produkte mit h\u00f6herer Qualit\u00e4t in k\u00fcrzerer Zeit und zu geringeren Kosten zu entwickeln.<\/p>\n<p>Das neue Portfolio f\u00fcr hybride Fertigung bringt die Produkte der f\u00fchrenden Software-Anbieter der Fertigungsindustrie Autodesk, Delcam, Netfabb, Pan Computing und Magestic Systems zusammen. Hierzu geh\u00f6ren Software-L\u00f6sungen wie HSMWorks, Inventor HSM, Fusion 360, FeatureCAM, PowerMill, PartMaker (jetzt Teil von FeatureCAM), PowerShape, PowerInspect und Netfabb.<\/p>\n<p>\u201eAutodesk z\u00e4hlt schon immer zu den Vorreitern f\u00fcr industrielle 3D-Druck-Technologien\u201c, sagt Amar Hanspal, Senior Vice President of Products bei Autodesk. \u201eDas neue Portfolio geht nun einen Schritt weiter: Es integriert alle Phasen der Produktentwicklung \u2013 das Design, die Fertigung und Anwendung (Design \u2013 Make \u2013 Use). Insbesondere bei der Fertigung unterst\u00fctzen die zusammengef\u00fchrten L\u00f6sungen die Hersteller von der Entwicklung des digitalen Designs bis hin zum fertigen Produkt.\u201c<\/p>\n<p>Wie diese Woche im Rahmen der Internationalen Ausstellung f\u00fcr Metallbearbeitung (AMB) in Stuttgart vorgestellt, umfasst das Portfolio Computer Aided Manufacturing (CAM), additive Fertigung, Verbundwerkstoffe, roboterunterst\u00fctzte Fabrikation, Fabriklayout, Inspektion und Modellierung. Damit k\u00f6nnen Nutzer selbst komplexe Herstellungsprozesse bew\u00e4ltigen und den Design-Prozess nahtlos mit der maschinellen Bearbeitung verbinden.<\/p>\n<p>Da die Software durch die Cloud verbunden ist, ist ein geschlossenerer Manufacturing-Workflow m\u00f6glich, wodurch mehr Zeit f\u00fcr die Produktentwicklung gewonnen wird. Dank der Cloud haben Nutzer au\u00dferdem schnelleren sowie universalen Zugriff auf Software und Daten, die den Herstellungsprozess unterst\u00fctzen und zudem einfacheren Zugang zu Software-Upgrades.<\/p>\n<p><strong>Zum Autodesk Portfolio f\u00fcr hybride L\u00f6sungen geh\u00f6ren:<\/strong><\/p>\n<ul>\n<li><a href=\"http:\/\/cam.autodesk.de\/hsmworks\/\">Autodesk HSMWorks<\/a>: Eine voll integrierte CAM-L\u00f6sung f\u00fcr SOLIDWORKS, mit der Nutzer schneller und in innerhalb k\u00fcrzester Zeit produktiv arbeiten k\u00f6nnen, da sie auf vertraute Befehle und Arbeitsabl\u00e4ufe zugreifen k\u00f6nnen.<\/li>\n<\/ul>\n<ul>\n<li><a href=\"http:\/\/cam.autodesk.de\/get-inventor-hsm\/\">Autodesk Inventor HSM<\/a>: Unterst\u00fctzt CNC-Programmierer, Designer und Ingenieure bei der Generierung von Zerspanungsteilen in jedem CAD-System.<\/li>\n<\/ul>\n<ul>\n<li><a href=\"https:\/\/blogs.autodesk.com\/inthefold\/autodesk-introduces-2017-cam-products-for-industrial-manufacturing\/\">Autodesk\u00a02017 CAM Products<\/a>: Die Produkte verbinden CAM-Software von Delcam mit den L\u00f6sungen von Autodesk f\u00fcr 3D-Design und Fertigung. Hierzu geh\u00f6ren FeatureCAM f\u00fcr automatisierte CNC-Programmierung, PartMaker f\u00fcr pr\u00e4zise Fertigung mit Langdrehmaschinen, PowerMill f\u00fcr die Programmierung von komplexen Formen und Komponenten, PowerShape f\u00fcr die Vorbereitung von komplexen Modellen in der Fertigung und PowerInspect, eine Hardware-unabh\u00e4ngige Inspektions-Software.<\/li>\n<\/ul>\n<ul>\n<li>Autodesk Netfabb: Software-L\u00f6sungen, die additive Fertigung und 3D-Druck unterst\u00fctzen und so helfen, Kosten zu senken, Effizienz zu erh\u00f6hen und die Leistung zu verbessern.<\/li>\n<\/ul>\n<ul>\n<li><a href=\"http:\/\/www.autodesk.de\/products\/fusion-360\/overview\">Fusion 360<\/a>: Fusion 360 ist das Herzst\u00fcck von Autodesk\u2019s cloud-basierten Produktplattformen, das CAD, CAM und CAE in einem einzigen Paket vereint. So k\u00f6nnen Hersteller vom Design bis zur Produktion die inbegriffenen L\u00f6sungen f\u00fcr 3D-Druck oder HSM unterst\u00fctzte Technologie f\u00fcr Werkzeugwege f\u00fcr zwei bis f\u00fcnf-achsige Fr\u00e4smaschinen, Drehzentren oder Wasserd\u00fcsen nutzen.<\/li>\n<\/ul>\n<p>\u201eDas Netfabb-Paket ist nicht nur einfach zu nutzen, es unterst\u00fctzt zudem ma\u00dfgeblich bei der Vorbereitung von Modellen f\u00fcr den 3D-Druck\u201c, sagt Dan Ko, Strategic Initiatives Lead bei Shapeways. \u201eDie Software optimiert ohne gro\u00dfen Aufwand den L\u00f6sungsprozess bei \u00fcblichen 3D-Druck-Problemen. Dadurch k\u00f6nnen wir deutlich Zeit sparen.\u201c<\/p>\n<p>\u201eDas neue integrierte Portfolio f\u00fcr hybride Fertigung bringt von Autodesk entwickelte und gef\u00f6rderte Technologien f\u00fcr das gesamte Spektrum der Fertigung zusammen\u201c, kommentiert Amar Hanspal. \u201eDamit bietet es modulare und skalierbare Fertigungsl\u00f6sungen f\u00fcr Hersteller aller Art und Gr\u00f6\u00dfe.\u201c<\/p>\n","protected":false},"excerpt":{"rendered":"<p>Portfolio mit L\u00f6sungen von Autodesk, Delcam, Netfabb, Pan Computing und Magestic Systems f\u00fcr umfassende hybride Fertigung auf AMB vorgestellt<\/p>\n<p>Die Welt der Produktion ver\u00e4ndert sich st\u00e4ndig \u2013 neue Marktkr\u00e4fte und Technologien erm\u00f6glichen optimierte Verfahren und Ressourcenschonung. <\/p>\n","protected":false},"author":2910,"featured_media":200,"comment_status":"open","ping_status":"open","sticky":false,"template":"","format":"standard","meta":{"_acf_changed":false,"inline_featured_image":false,"footnotes":""},"categories":[9,1],"tags":[],"class_list":["post-194","post","type-post","status-publish","format-standard","has-post-thumbnail","hentry","category-digitale-bauindustrie","category-fertigungsindustrie-der-zukunft"],"acf":[],"yoast_head":"<!-- This site is optimized with the Yoast SEO plugin v27.3 - https:\/\/yoast.com\/product\/yoast-seo-wordpress\/ -->\n<title>Autodesk pr\u00e4sentiert integriertes Portfolio f\u00fcr die Fertigungsindustrie der Zukunft - Autodesk Presse-Center Deutschland<\/title>\n<meta name=\"robots\" content=\"index, follow, max-snippet:-1, max-image-preview:large, max-video-preview:-1\" \/>\n<link rel=\"canonical\" href=\"https:\/\/blogs.autodesk.com\/presse-center-deutschland\/2016\/09\/13\/autodesk-prasentiert-integriertes-portfolio-fur-die-fertigungsindustrie-der-zukunft\/\" \/>\n<meta property=\"og:locale\" content=\"en_US\" \/>\n<meta property=\"og:type\" content=\"article\" \/>\n<meta property=\"og:title\" content=\"Autodesk pr\u00e4sentiert integriertes Portfolio f\u00fcr die Fertigungsindustrie der Zukunft - Autodesk Presse-Center Deutschland\" \/>\n<meta property=\"og:description\" content=\"Portfolio mit L\u00f6sungen von Autodesk, Delcam, Netfabb, Pan Computing und Magestic Systems f\u00fcr umfassende hybride Fertigung auf AMB vorgestellt Die Welt der Produktion ver\u00e4ndert sich st\u00e4ndig \u2013 neue Marktkr\u00e4fte und Technologien erm\u00f6glichen optimierte Verfahren und Ressourcenschonung.\" \/>\n<meta property=\"og:url\" content=\"https:\/\/blogs.autodesk.com\/presse-center-deutschland\/2016\/09\/13\/autodesk-prasentiert-integriertes-portfolio-fur-die-fertigungsindustrie-der-zukunft\/\" \/>\n<meta property=\"og:site_name\" content=\"Autodesk Presse-Center Deutschland\" \/>\n<meta property=\"article:published_time\" content=\"2016-09-13T15:18:23+00:00\" \/>\n<meta property=\"article:modified_time\" content=\"2016-09-13T15:27:57+00:00\" \/>\n<meta property=\"og:image\" content=\"https:\/\/blogs.autodesk.com\/presse-center-deutschland\/wp-content\/uploads\/sites\/93\/2016\/09\/Autodesk-FeatureCAM-Bild-einer-Langdrehmaschine-1.jpg\" \/>\n\t<meta property=\"og:image:width\" content=\"1920\" \/>\n\t<meta property=\"og:image:height\" content=\"1080\" \/>\n\t<meta property=\"og:image:type\" content=\"image\/jpeg\" \/>\n<meta name=\"author\" content=\"Andr\u00e9 Pechmann\" \/>\n<meta name=\"twitter:card\" content=\"summary_large_image\" \/>\n<meta name=\"twitter:creator\" content=\"@drbeckmann\" \/>\n<meta name=\"twitter:label1\" content=\"Written by\" \/>\n\t<meta name=\"twitter:data1\" content=\"Andr\u00e9 Pechmann\" \/>\n\t<meta name=\"twitter:label2\" content=\"Est. reading time\" \/>\n\t<meta name=\"twitter:data2\" content=\"3 minutes\" \/>\n<script type=\"application\/ld+json\" class=\"yoast-schema-graph\">{\"@context\":\"https:\\\/\\\/schema.org\",\"@graph\":[{\"@type\":\"Article\",\"@id\":\"https:\\\/\\\/blogs.autodesk.com\\\/presse-center-deutschland\\\/2016\\\/09\\\/13\\\/autodesk-prasentiert-integriertes-portfolio-fur-die-fertigungsindustrie-der-zukunft\\\/#article\",\"isPartOf\":{\"@id\":\"https:\\\/\\\/blogs.autodesk.com\\\/presse-center-deutschland\\\/2016\\\/09\\\/13\\\/autodesk-prasentiert-integriertes-portfolio-fur-die-fertigungsindustrie-der-zukunft\\\/\"},\"author\":{\"name\":\"Andr\u00e9 Pechmann\",\"@id\":\"https:\\\/\\\/blogs.autodesk.com\\\/presse-center-deutschland\\\/#\\\/schema\\\/person\\\/9a01d971738fb64cd6681c8f9409709b\"},\"headline\":\"Autodesk pr\u00e4sentiert integriertes Portfolio f\u00fcr die Fertigungsindustrie der Zukunft\",\"datePublished\":\"2016-09-13T15:18:23+00:00\",\"dateModified\":\"2016-09-13T15:27:57+00:00\",\"mainEntityOfPage\":{\"@id\":\"https:\\\/\\\/blogs.autodesk.com\\\/presse-center-deutschland\\\/2016\\\/09\\\/13\\\/autodesk-prasentiert-integriertes-portfolio-fur-die-fertigungsindustrie-der-zukunft\\\/\"},\"wordCount\":623,\"commentCount\":0,\"image\":{\"@id\":\"https:\\\/\\\/blogs.autodesk.com\\\/presse-center-deutschland\\\/2016\\\/09\\\/13\\\/autodesk-prasentiert-integriertes-portfolio-fur-die-fertigungsindustrie-der-zukunft\\\/#primaryimage\"},\"thumbnailUrl\":\"https:\\\/\\\/blogs.autodesk.com\\\/presse-center-deutschland\\\/wp-content\\\/uploads\\\/sites\\\/93\\\/2016\\\/09\\\/Autodesk-FeatureCAM-Bild-einer-Langdrehmaschine-1.jpg\",\"articleSection\":[\"Digitale Bauindustrie\",\"Fertigungsindustrie der Zukunft\"],\"inLanguage\":\"en-US\",\"potentialAction\":[{\"@type\":\"CommentAction\",\"name\":\"Comment\",\"target\":[\"https:\\\/\\\/blogs.autodesk.com\\\/presse-center-deutschland\\\/2016\\\/09\\\/13\\\/autodesk-prasentiert-integriertes-portfolio-fur-die-fertigungsindustrie-der-zukunft\\\/#respond\"]}]},{\"@type\":\"WebPage\",\"@id\":\"https:\\\/\\\/blogs.autodesk.com\\\/presse-center-deutschland\\\/2016\\\/09\\\/13\\\/autodesk-prasentiert-integriertes-portfolio-fur-die-fertigungsindustrie-der-zukunft\\\/\",\"url\":\"https:\\\/\\\/blogs.autodesk.com\\\/presse-center-deutschland\\\/2016\\\/09\\\/13\\\/autodesk-prasentiert-integriertes-portfolio-fur-die-fertigungsindustrie-der-zukunft\\\/\",\"name\":\"Autodesk pr\u00e4sentiert integriertes Portfolio f\u00fcr die Fertigungsindustrie der Zukunft - Autodesk Presse-Center Deutschland\",\"isPartOf\":{\"@id\":\"https:\\\/\\\/blogs.autodesk.com\\\/presse-center-deutschland\\\/#website\"},\"primaryImageOfPage\":{\"@id\":\"https:\\\/\\\/blogs.autodesk.com\\\/presse-center-deutschland\\\/2016\\\/09\\\/13\\\/autodesk-prasentiert-integriertes-portfolio-fur-die-fertigungsindustrie-der-zukunft\\\/#primaryimage\"},\"image\":{\"@id\":\"https:\\\/\\\/blogs.autodesk.com\\\/presse-center-deutschland\\\/2016\\\/09\\\/13\\\/autodesk-prasentiert-integriertes-portfolio-fur-die-fertigungsindustrie-der-zukunft\\\/#primaryimage\"},\"thumbnailUrl\":\"https:\\\/\\\/blogs.autodesk.com\\\/presse-center-deutschland\\\/wp-content\\\/uploads\\\/sites\\\/93\\\/2016\\\/09\\\/Autodesk-FeatureCAM-Bild-einer-Langdrehmaschine-1.jpg\",\"datePublished\":\"2016-09-13T15:18:23+00:00\",\"dateModified\":\"2016-09-13T15:27:57+00:00\",\"author\":{\"@id\":\"https:\\\/\\\/blogs.autodesk.com\\\/presse-center-deutschland\\\/#\\\/schema\\\/person\\\/9a01d971738fb64cd6681c8f9409709b\"},\"breadcrumb\":{\"@id\":\"https:\\\/\\\/blogs.autodesk.com\\\/presse-center-deutschland\\\/2016\\\/09\\\/13\\\/autodesk-prasentiert-integriertes-portfolio-fur-die-fertigungsindustrie-der-zukunft\\\/#breadcrumb\"},\"inLanguage\":\"en-US\",\"potentialAction\":[{\"@type\":\"ReadAction\",\"target\":[\"https:\\\/\\\/blogs.autodesk.com\\\/presse-center-deutschland\\\/2016\\\/09\\\/13\\\/autodesk-prasentiert-integriertes-portfolio-fur-die-fertigungsindustrie-der-zukunft\\\/\"]}]},{\"@type\":\"ImageObject\",\"inLanguage\":\"en-US\",\"@id\":\"https:\\\/\\\/blogs.autodesk.com\\\/presse-center-deutschland\\\/2016\\\/09\\\/13\\\/autodesk-prasentiert-integriertes-portfolio-fur-die-fertigungsindustrie-der-zukunft\\\/#primaryimage\",\"url\":\"https:\\\/\\\/blogs.autodesk.com\\\/presse-center-deutschland\\\/wp-content\\\/uploads\\\/sites\\\/93\\\/2016\\\/09\\\/Autodesk-FeatureCAM-Bild-einer-Langdrehmaschine-1.jpg\",\"contentUrl\":\"https:\\\/\\\/blogs.autodesk.com\\\/presse-center-deutschland\\\/wp-content\\\/uploads\\\/sites\\\/93\\\/2016\\\/09\\\/Autodesk-FeatureCAM-Bild-einer-Langdrehmaschine-1.jpg\",\"width\":1920,\"height\":1080},{\"@type\":\"BreadcrumbList\",\"@id\":\"https:\\\/\\\/blogs.autodesk.com\\\/presse-center-deutschland\\\/2016\\\/09\\\/13\\\/autodesk-prasentiert-integriertes-portfolio-fur-die-fertigungsindustrie-der-zukunft\\\/#breadcrumb\",\"itemListElement\":[{\"@type\":\"ListItem\",\"position\":1,\"name\":\"Home\",\"item\":\"https:\\\/\\\/blogs.autodesk.com\\\/presse-center-deutschland\\\/\"},{\"@type\":\"ListItem\",\"position\":2,\"name\":\"Autodesk pr\u00e4sentiert integriertes Portfolio f\u00fcr die Fertigungsindustrie der Zukunft\"}]},{\"@type\":\"WebSite\",\"@id\":\"https:\\\/\\\/blogs.autodesk.com\\\/presse-center-deutschland\\\/#website\",\"url\":\"https:\\\/\\\/blogs.autodesk.com\\\/presse-center-deutschland\\\/\",\"name\":\"Autodesk Presse-Center Deutschland\",\"description\":\"Just another Autodesk Blogs site\",\"potentialAction\":[{\"@type\":\"SearchAction\",\"target\":{\"@type\":\"EntryPoint\",\"urlTemplate\":\"https:\\\/\\\/blogs.autodesk.com\\\/presse-center-deutschland\\\/?s={search_term_string}\"},\"query-input\":{\"@type\":\"PropertyValueSpecification\",\"valueRequired\":true,\"valueName\":\"search_term_string\"}}],\"inLanguage\":\"en-US\"},{\"@type\":\"Person\",\"@id\":\"https:\\\/\\\/blogs.autodesk.com\\\/presse-center-deutschland\\\/#\\\/schema\\\/person\\\/9a01d971738fb64cd6681c8f9409709b\",\"name\":\"Andr\u00e9 Pechmann\",\"image\":{\"@type\":\"ImageObject\",\"inLanguage\":\"en-US\",\"@id\":\"https:\\\/\\\/blogs.autodesk.com\\\/presse-center-deutschland\\\/wp-content\\\/uploads\\\/sites\\\/93\\\/2022\\\/07\\\/19\\\/Autodesk-Logo.svg\",\"url\":\"https:\\\/\\\/blogs.autodesk.com\\\/presse-center-deutschland\\\/wp-content\\\/uploads\\\/sites\\\/93\\\/2022\\\/07\\\/19\\\/Autodesk-Logo.svg\",\"contentUrl\":\"https:\\\/\\\/blogs.autodesk.com\\\/presse-center-deutschland\\\/wp-content\\\/uploads\\\/sites\\\/93\\\/2022\\\/07\\\/19\\\/Autodesk-Logo.svg\",\"caption\":\"Andr\u00e9 Pechmann\"},\"sameAs\":[\"https:\\\/\\\/x.com\\\/drbeckmann\"],\"url\":\"https:\\\/\\\/blogs.autodesk.com\\\/presse-center-deutschland\\\/author\\\/andrepechmann\\\/\"}]}<\/script>\n<!-- \/ Yoast SEO plugin. -->","yoast_head_json":{"title":"Autodesk pr\u00e4sentiert integriertes Portfolio f\u00fcr die Fertigungsindustrie der Zukunft - Autodesk Presse-Center Deutschland","robots":{"index":"index","follow":"follow","max-snippet":"max-snippet:-1","max-image-preview":"max-image-preview:large","max-video-preview":"max-video-preview:-1"},"canonical":"https:\/\/blogs.autodesk.com\/presse-center-deutschland\/2016\/09\/13\/autodesk-prasentiert-integriertes-portfolio-fur-die-fertigungsindustrie-der-zukunft\/","og_locale":"en_US","og_type":"article","og_title":"Autodesk pr\u00e4sentiert integriertes Portfolio f\u00fcr die Fertigungsindustrie der Zukunft - Autodesk Presse-Center Deutschland","og_description":"Portfolio mit L\u00f6sungen von Autodesk, Delcam, Netfabb, Pan Computing und Magestic Systems f\u00fcr umfassende hybride Fertigung auf AMB vorgestellt Die Welt der Produktion ver\u00e4ndert sich st\u00e4ndig \u2013 neue Marktkr\u00e4fte und Technologien erm\u00f6glichen optimierte Verfahren und Ressourcenschonung.","og_url":"https:\/\/blogs.autodesk.com\/presse-center-deutschland\/2016\/09\/13\/autodesk-prasentiert-integriertes-portfolio-fur-die-fertigungsindustrie-der-zukunft\/","og_site_name":"Autodesk Presse-Center Deutschland","article_published_time":"2016-09-13T15:18:23+00:00","article_modified_time":"2016-09-13T15:27:57+00:00","og_image":[{"width":1920,"height":1080,"url":"https:\/\/blogs.autodesk.com\/presse-center-deutschland\/wp-content\/uploads\/sites\/93\/2016\/09\/Autodesk-FeatureCAM-Bild-einer-Langdrehmaschine-1.jpg","type":"image\/jpeg"}],"author":"Andr\u00e9 Pechmann","twitter_card":"summary_large_image","twitter_creator":"@drbeckmann","twitter_misc":{"Written by":"Andr\u00e9 Pechmann","Est. reading time":"3 minutes"},"schema":{"@context":"https:\/\/schema.org","@graph":[{"@type":"Article","@id":"https:\/\/blogs.autodesk.com\/presse-center-deutschland\/2016\/09\/13\/autodesk-prasentiert-integriertes-portfolio-fur-die-fertigungsindustrie-der-zukunft\/#article","isPartOf":{"@id":"https:\/\/blogs.autodesk.com\/presse-center-deutschland\/2016\/09\/13\/autodesk-prasentiert-integriertes-portfolio-fur-die-fertigungsindustrie-der-zukunft\/"},"author":{"name":"Andr\u00e9 Pechmann","@id":"https:\/\/blogs.autodesk.com\/presse-center-deutschland\/#\/schema\/person\/9a01d971738fb64cd6681c8f9409709b"},"headline":"Autodesk pr\u00e4sentiert integriertes Portfolio f\u00fcr die Fertigungsindustrie der Zukunft","datePublished":"2016-09-13T15:18:23+00:00","dateModified":"2016-09-13T15:27:57+00:00","mainEntityOfPage":{"@id":"https:\/\/blogs.autodesk.com\/presse-center-deutschland\/2016\/09\/13\/autodesk-prasentiert-integriertes-portfolio-fur-die-fertigungsindustrie-der-zukunft\/"},"wordCount":623,"commentCount":0,"image":{"@id":"https:\/\/blogs.autodesk.com\/presse-center-deutschland\/2016\/09\/13\/autodesk-prasentiert-integriertes-portfolio-fur-die-fertigungsindustrie-der-zukunft\/#primaryimage"},"thumbnailUrl":"https:\/\/blogs.autodesk.com\/presse-center-deutschland\/wp-content\/uploads\/sites\/93\/2016\/09\/Autodesk-FeatureCAM-Bild-einer-Langdrehmaschine-1.jpg","articleSection":["Digitale Bauindustrie","Fertigungsindustrie der Zukunft"],"inLanguage":"en-US","potentialAction":[{"@type":"CommentAction","name":"Comment","target":["https:\/\/blogs.autodesk.com\/presse-center-deutschland\/2016\/09\/13\/autodesk-prasentiert-integriertes-portfolio-fur-die-fertigungsindustrie-der-zukunft\/#respond"]}]},{"@type":"WebPage","@id":"https:\/\/blogs.autodesk.com\/presse-center-deutschland\/2016\/09\/13\/autodesk-prasentiert-integriertes-portfolio-fur-die-fertigungsindustrie-der-zukunft\/","url":"https:\/\/blogs.autodesk.com\/presse-center-deutschland\/2016\/09\/13\/autodesk-prasentiert-integriertes-portfolio-fur-die-fertigungsindustrie-der-zukunft\/","name":"Autodesk pr\u00e4sentiert integriertes Portfolio f\u00fcr die Fertigungsindustrie der Zukunft - Autodesk Presse-Center Deutschland","isPartOf":{"@id":"https:\/\/blogs.autodesk.com\/presse-center-deutschland\/#website"},"primaryImageOfPage":{"@id":"https:\/\/blogs.autodesk.com\/presse-center-deutschland\/2016\/09\/13\/autodesk-prasentiert-integriertes-portfolio-fur-die-fertigungsindustrie-der-zukunft\/#primaryimage"},"image":{"@id":"https:\/\/blogs.autodesk.com\/presse-center-deutschland\/2016\/09\/13\/autodesk-prasentiert-integriertes-portfolio-fur-die-fertigungsindustrie-der-zukunft\/#primaryimage"},"thumbnailUrl":"https:\/\/blogs.autodesk.com\/presse-center-deutschland\/wp-content\/uploads\/sites\/93\/2016\/09\/Autodesk-FeatureCAM-Bild-einer-Langdrehmaschine-1.jpg","datePublished":"2016-09-13T15:18:23+00:00","dateModified":"2016-09-13T15:27:57+00:00","author":{"@id":"https:\/\/blogs.autodesk.com\/presse-center-deutschland\/#\/schema\/person\/9a01d971738fb64cd6681c8f9409709b"},"breadcrumb":{"@id":"https:\/\/blogs.autodesk.com\/presse-center-deutschland\/2016\/09\/13\/autodesk-prasentiert-integriertes-portfolio-fur-die-fertigungsindustrie-der-zukunft\/#breadcrumb"},"inLanguage":"en-US","potentialAction":[{"@type":"ReadAction","target":["https:\/\/blogs.autodesk.com\/presse-center-deutschland\/2016\/09\/13\/autodesk-prasentiert-integriertes-portfolio-fur-die-fertigungsindustrie-der-zukunft\/"]}]},{"@type":"ImageObject","inLanguage":"en-US","@id":"https:\/\/blogs.autodesk.com\/presse-center-deutschland\/2016\/09\/13\/autodesk-prasentiert-integriertes-portfolio-fur-die-fertigungsindustrie-der-zukunft\/#primaryimage","url":"https:\/\/blogs.autodesk.com\/presse-center-deutschland\/wp-content\/uploads\/sites\/93\/2016\/09\/Autodesk-FeatureCAM-Bild-einer-Langdrehmaschine-1.jpg","contentUrl":"https:\/\/blogs.autodesk.com\/presse-center-deutschland\/wp-content\/uploads\/sites\/93\/2016\/09\/Autodesk-FeatureCAM-Bild-einer-Langdrehmaschine-1.jpg","width":1920,"height":1080},{"@type":"BreadcrumbList","@id":"https:\/\/blogs.autodesk.com\/presse-center-deutschland\/2016\/09\/13\/autodesk-prasentiert-integriertes-portfolio-fur-die-fertigungsindustrie-der-zukunft\/#breadcrumb","itemListElement":[{"@type":"ListItem","position":1,"name":"Home","item":"https:\/\/blogs.autodesk.com\/presse-center-deutschland\/"},{"@type":"ListItem","position":2,"name":"Autodesk pr\u00e4sentiert integriertes Portfolio f\u00fcr die Fertigungsindustrie der Zukunft"}]},{"@type":"WebSite","@id":"https:\/\/blogs.autodesk.com\/presse-center-deutschland\/#website","url":"https:\/\/blogs.autodesk.com\/presse-center-deutschland\/","name":"Autodesk Presse-Center Deutschland","description":"Just another Autodesk Blogs site","potentialAction":[{"@type":"SearchAction","target":{"@type":"EntryPoint","urlTemplate":"https:\/\/blogs.autodesk.com\/presse-center-deutschland\/?s={search_term_string}"},"query-input":{"@type":"PropertyValueSpecification","valueRequired":true,"valueName":"search_term_string"}}],"inLanguage":"en-US"},{"@type":"Person","@id":"https:\/\/blogs.autodesk.com\/presse-center-deutschland\/#\/schema\/person\/9a01d971738fb64cd6681c8f9409709b","name":"Andr\u00e9 Pechmann","image":{"@type":"ImageObject","inLanguage":"en-US","@id":"https:\/\/blogs.autodesk.com\/presse-center-deutschland\/wp-content\/uploads\/sites\/93\/2022\/07\/19\/Autodesk-Logo.svg","url":"https:\/\/blogs.autodesk.com\/presse-center-deutschland\/wp-content\/uploads\/sites\/93\/2022\/07\/19\/Autodesk-Logo.svg","contentUrl":"https:\/\/blogs.autodesk.com\/presse-center-deutschland\/wp-content\/uploads\/sites\/93\/2022\/07\/19\/Autodesk-Logo.svg","caption":"Andr\u00e9 Pechmann"},"sameAs":["https:\/\/x.com\/drbeckmann"],"url":"https:\/\/blogs.autodesk.com\/presse-center-deutschland\/author\/andrepechmann\/"}]}},"_links":{"self":[{"href":"https:\/\/blogs.autodesk.com\/presse-center-deutschland\/wp-json\/wp\/v2\/posts\/194","targetHints":{"allow":["GET"]}}],"collection":[{"href":"https:\/\/blogs.autodesk.com\/presse-center-deutschland\/wp-json\/wp\/v2\/posts"}],"about":[{"href":"https:\/\/blogs.autodesk.com\/presse-center-deutschland\/wp-json\/wp\/v2\/types\/post"}],"author":[{"embeddable":true,"href":"https:\/\/blogs.autodesk.com\/presse-center-deutschland\/wp-json\/wp\/v2\/users\/2910"}],"replies":[{"embeddable":true,"href":"https:\/\/blogs.autodesk.com\/presse-center-deutschland\/wp-json\/wp\/v2\/comments?post=194"}],"version-history":[{"count":0,"href":"https:\/\/blogs.autodesk.com\/presse-center-deutschland\/wp-json\/wp\/v2\/posts\/194\/revisions"}],"wp:featuredmedia":[{"embeddable":true,"href":"https:\/\/blogs.autodesk.com\/presse-center-deutschland\/wp-json\/wp\/v2\/media\/200"}],"wp:attachment":[{"href":"https:\/\/blogs.autodesk.com\/presse-center-deutschland\/wp-json\/wp\/v2\/media?parent=194"}],"wp:term":[{"taxonomy":"category","embeddable":true,"href":"https:\/\/blogs.autodesk.com\/presse-center-deutschland\/wp-json\/wp\/v2\/categories?post=194"},{"taxonomy":"post_tag","embeddable":true,"href":"https:\/\/blogs.autodesk.com\/presse-center-deutschland\/wp-json\/wp\/v2\/tags?post=194"}],"curies":[{"name":"wp","href":"https:\/\/api.w.org\/{rel}","templated":true}]}}