{"id":223,"date":"2016-10-12T13:40:27","date_gmt":"2016-10-12T13:40:27","guid":{"rendered":"https:\/\/blogs.autodesk.com\/presse-center-deutschland\/?p=223"},"modified":"2019-03-18T10:16:16","modified_gmt":"2019-03-18T10:16:16","slug":"fusion-360-ist-jetzt-auf-deutsch-verfugbar","status":"publish","type":"post","link":"https:\/\/blogs.autodesk.com\/presse-center-deutschland\/2016\/10\/12\/fusion-360-ist-jetzt-auf-deutsch-verfugbar\/","title":{"rendered":"Fusion 360 ist jetzt auf Deutsch verf\u00fcgbar"},"content":{"rendered":"<p><img loading=\"lazy\" decoding=\"async\" class=\"size-medium wp-image-271 alignleft\" src=\"https:\/\/blogs.autodesk.com\/presse-center-deutschland\/wp-content\/uploads\/sites\/93\/2016\/10\/Autodesk_Fusion-360-300x162.png\" alt=\"autodesk_fusion-360\" width=\"300\" height=\"162\" srcset=\"https:\/\/blogs.autodesk.com\/presse-center-deutschland\/wp-content\/uploads\/sites\/93\/2016\/10\/Autodesk_Fusion-360-300x162.png 300w, https:\/\/blogs.autodesk.com\/presse-center-deutschland\/wp-content\/uploads\/sites\/93\/2016\/10\/Autodesk_Fusion-360-768x416.png 768w, https:\/\/blogs.autodesk.com\/presse-center-deutschland\/wp-content\/uploads\/sites\/93\/2016\/10\/Autodesk_Fusion-360-1024x554.png 1024w, https:\/\/blogs.autodesk.com\/presse-center-deutschland\/wp-content\/uploads\/sites\/93\/2016\/10\/Autodesk_Fusion-360.png 1919w\" sizes=\"auto, (max-width: 300px) 100vw, 300px\" \/> W\u00e4hrend der <a href=\"https:\/\/www.rayseven.com\/r7\/runtime\/autodesk\/au2016\/website.php\">Autodesk University<\/a> Germany in Darmstadt gab das Unternehmen bekannt, dass <a href=\"http:\/\/www.autodesk.de\/products\/fusion-360\/overview?mktvar002=676037&amp;utm_medium=banner&amp;utm_campaign=emea-edu-fy17-q2-aex-fusion-retargeting-redirects&amp;utm_id=676037&amp;td=aexfusion&amp;mkwid=sPgccn7G2|pcrid|138350795412|pkw|fusion%20360%20student|pmt|b|pdv|c|&amp;gclid=CjwKEAjwydK_BRDK34GenvLB61YSJACZ8da3S026XQb78kfn7ERQDsbXZRwCVA_8y872Li2neFMdARoCGaPw_wcB\">Fusion 360<\/a> jetzt auch in deutscher Sprache verf\u00fcgbar ist.<!--more-->Fusion 360 vereint CAD, CAM, CAE, Zusammenarbeit und Datenmanagement in der Cloud. Durch die enge Integration mit <a href=\"https:\/\/a360.autodesk.com\/\">Autodesk A360<\/a> und den Collaboration-Funktionen ist es eine integrierte, verkn\u00fcpfte und leicht zug\u00e4ngliche Produktinnovationsplattform um Produkte auf neue Art und Weise zu entwerfen und herzustellen.<\/p>\n<p>Die deutsche Version von Fusion 360 enth\u00e4lt k\u00fcrzlich <a href=\"http:\/\/inthefold.autodesk.com\/in_the_fold\/2015\/09\/fusion-360-adds-simulation-and-more-in-major-update.html\">angek\u00fcndigte<\/a> Simulationsm\u00f6glichkeiten, so dass Anwender ihre Konstruktionen mit linearen statischen und Modalfrequenz-Analysen optimieren k\u00f6nnen. Die Simulation ist direkt in den Design-Workflow integriert, Anwender k\u00f6nnen dadurch schneller und mit weniger Iterationen und teuren Revisionen die Validierung erreichen.<\/p>\n<p>\u201eAu\u00dferhalb der USA ist Deutschland einer der wichtigsten M\u00e4rkte f\u00fcr Fusion 360, deshalb ist es so wichtig\u00a0 die bestm\u00f6gliche Erfahrung anzubieten\u201c erkl\u00e4rt Karl Osti, Industry Manager Manufacturing bei Autodesk.<\/p>\n<p>Fusion 360 kostet 265 Euro im Jahr. F\u00fcr Studenten, P\u00e4dagogen, Bastler und Start-ups ist es immer kostenlos.* <a href=\"http:\/\/www.autodesk.de\/suites\/product-design-suite\/overview\">Autodesk Product Design<\/a> Suite Abo-Kunden in Deutschland (und anderswo) haben freien Zugang zu Fusion 360 als Teil ihrer Bezugsberechtigung.<\/p>\n<p>* Weitere Informationen zum freien Zugang zu Fusion 360 f\u00fcr Auszubildende, Studenten und Start-ups, finden Sie <a href=\"http:\/\/www.autodesk.com\/company\/legal-notices-trademarks\/terms-of-service-autodesk360-web-services\/autodesk-web-services-entitlements?_ga=1.196534188.1098280570.1464785272\">hier<\/a>.<\/p>\n<p>Bei Interesse an Bildmaterial sprechen Sie uns gerne an unter <a href=\"mailto:Autodesk_Germany@edelman.com\">Autodesk_Germany@edelman.com.<\/a><\/p>\n","protected":false},"excerpt":{"rendered":"<p> W\u00e4hrend der <a href=\"https:\/\/www.rayseven.com\/r7\/runtime\/autodesk\/au2016\/website.php\">Autodesk University<\/a> Germany in Darmstadt gab das Unternehmen bekannt, dass <a href=\"http:\/\/www.autodesk.de\/products\/fusion-360\/overview?mktvar002=676037&amp;utm_medium=banner&amp;utm_campaign=emea-edu-fy17-q2-aex-fusion-retargeting-redirects&amp;utm_id=676037&amp;td=aexfusion&amp;mkwid=sPgccn7G2|pcrid|138350795412|pkw|fusion%20360%20student|pmt|b|pdv|c|&amp;gclid=CjwKEAjwydK_BRDK34GenvLB61YSJACZ8da3S026XQb78kfn7ERQDsbXZRwCVA_8y872Li2neFMdARoCGaPw_wcB\">Fusion 360<\/a> jetzt auch in deutscher Sprache verf\u00fcgbar ist.<\/p>\n","protected":false},"author":2910,"featured_media":271,"comment_status":"open","ping_status":"open","sticky":false,"template":"","format":"standard","meta":{"_acf_changed":false,"inline_featured_image":false,"footnotes":""},"categories":[1],"tags":[],"class_list":["post-223","post","type-post","status-publish","format-standard","has-post-thumbnail","hentry","category-fertigungsindustrie-der-zukunft"],"acf":[],"yoast_head":"<!-- This site is optimized with the Yoast SEO plugin v27.3 - https:\/\/yoast.com\/product\/yoast-seo-wordpress\/ -->\n<title>Fusion 360 ist jetzt auf Deutsch verf\u00fcgbar - Autodesk Presse-Center Deutschland<\/title>\n<meta name=\"robots\" content=\"index, follow, max-snippet:-1, max-image-preview:large, max-video-preview:-1\" \/>\n<link rel=\"canonical\" href=\"https:\/\/blogs.autodesk.com\/presse-center-deutschland\/2016\/10\/12\/fusion-360-ist-jetzt-auf-deutsch-verfugbar\/\" \/>\n<meta property=\"og:locale\" content=\"en_US\" \/>\n<meta property=\"og:type\" content=\"article\" \/>\n<meta property=\"og:title\" content=\"Fusion 360 ist jetzt auf Deutsch verf\u00fcgbar - Autodesk Presse-Center Deutschland\" \/>\n<meta property=\"og:description\" content=\"W\u00e4hrend der Autodesk University Germany in Darmstadt gab das Unternehmen bekannt, dass Fusion 360 jetzt auch in deutscher Sprache verf\u00fcgbar ist.\" \/>\n<meta property=\"og:url\" content=\"https:\/\/blogs.autodesk.com\/presse-center-deutschland\/2016\/10\/12\/fusion-360-ist-jetzt-auf-deutsch-verfugbar\/\" \/>\n<meta property=\"og:site_name\" content=\"Autodesk Presse-Center Deutschland\" \/>\n<meta property=\"article:published_time\" content=\"2016-10-12T13:40:27+00:00\" \/>\n<meta property=\"article:modified_time\" content=\"2019-03-18T10:16:16+00:00\" \/>\n<meta property=\"og:image\" content=\"https:\/\/blogs.autodesk.com\/presse-center-deutschland\/wp-content\/uploads\/sites\/93\/2016\/10\/Autodesk_Fusion-360.png\" \/>\n\t<meta property=\"og:image:width\" content=\"1919\" \/>\n\t<meta property=\"og:image:height\" content=\"1039\" \/>\n\t<meta property=\"og:image:type\" content=\"image\/png\" \/>\n<meta name=\"author\" content=\"Andr\u00e9 Pechmann\" \/>\n<meta name=\"twitter:card\" content=\"summary_large_image\" \/>\n<meta name=\"twitter:creator\" content=\"@drbeckmann\" \/>\n<meta name=\"twitter:label1\" content=\"Written by\" \/>\n\t<meta name=\"twitter:data1\" content=\"Andr\u00e9 Pechmann\" \/>\n\t<meta name=\"twitter:label2\" content=\"Est. reading time\" \/>\n\t<meta name=\"twitter:data2\" content=\"1 minute\" \/>\n<script type=\"application\/ld+json\" class=\"yoast-schema-graph\">{\"@context\":\"https:\\\/\\\/schema.org\",\"@graph\":[{\"@type\":\"Article\",\"@id\":\"https:\\\/\\\/blogs.autodesk.com\\\/presse-center-deutschland\\\/2016\\\/10\\\/12\\\/fusion-360-ist-jetzt-auf-deutsch-verfugbar\\\/#article\",\"isPartOf\":{\"@id\":\"https:\\\/\\\/blogs.autodesk.com\\\/presse-center-deutschland\\\/2016\\\/10\\\/12\\\/fusion-360-ist-jetzt-auf-deutsch-verfugbar\\\/\"},\"author\":{\"name\":\"Andr\u00e9 Pechmann\",\"@id\":\"https:\\\/\\\/blogs.autodesk.com\\\/presse-center-deutschland\\\/#\\\/schema\\\/person\\\/9a01d971738fb64cd6681c8f9409709b\"},\"headline\":\"Fusion 360 ist jetzt auf Deutsch verf\u00fcgbar\",\"datePublished\":\"2016-10-12T13:40:27+00:00\",\"dateModified\":\"2019-03-18T10:16:16+00:00\",\"mainEntityOfPage\":{\"@id\":\"https:\\\/\\\/blogs.autodesk.com\\\/presse-center-deutschland\\\/2016\\\/10\\\/12\\\/fusion-360-ist-jetzt-auf-deutsch-verfugbar\\\/\"},\"wordCount\":219,\"commentCount\":0,\"image\":{\"@id\":\"https:\\\/\\\/blogs.autodesk.com\\\/presse-center-deutschland\\\/2016\\\/10\\\/12\\\/fusion-360-ist-jetzt-auf-deutsch-verfugbar\\\/#primaryimage\"},\"thumbnailUrl\":\"https:\\\/\\\/blogs.autodesk.com\\\/presse-center-deutschland\\\/wp-content\\\/uploads\\\/sites\\\/93\\\/2016\\\/10\\\/Autodesk_Fusion-360.png\",\"articleSection\":[\"Fertigungsindustrie der Zukunft\"],\"inLanguage\":\"en-US\",\"potentialAction\":[{\"@type\":\"CommentAction\",\"name\":\"Comment\",\"target\":[\"https:\\\/\\\/blogs.autodesk.com\\\/presse-center-deutschland\\\/2016\\\/10\\\/12\\\/fusion-360-ist-jetzt-auf-deutsch-verfugbar\\\/#respond\"]}]},{\"@type\":\"WebPage\",\"@id\":\"https:\\\/\\\/blogs.autodesk.com\\\/presse-center-deutschland\\\/2016\\\/10\\\/12\\\/fusion-360-ist-jetzt-auf-deutsch-verfugbar\\\/\",\"url\":\"https:\\\/\\\/blogs.autodesk.com\\\/presse-center-deutschland\\\/2016\\\/10\\\/12\\\/fusion-360-ist-jetzt-auf-deutsch-verfugbar\\\/\",\"name\":\"Fusion 360 ist jetzt auf Deutsch verf\u00fcgbar - Autodesk Presse-Center Deutschland\",\"isPartOf\":{\"@id\":\"https:\\\/\\\/blogs.autodesk.com\\\/presse-center-deutschland\\\/#website\"},\"primaryImageOfPage\":{\"@id\":\"https:\\\/\\\/blogs.autodesk.com\\\/presse-center-deutschland\\\/2016\\\/10\\\/12\\\/fusion-360-ist-jetzt-auf-deutsch-verfugbar\\\/#primaryimage\"},\"image\":{\"@id\":\"https:\\\/\\\/blogs.autodesk.com\\\/presse-center-deutschland\\\/2016\\\/10\\\/12\\\/fusion-360-ist-jetzt-auf-deutsch-verfugbar\\\/#primaryimage\"},\"thumbnailUrl\":\"https:\\\/\\\/blogs.autodesk.com\\\/presse-center-deutschland\\\/wp-content\\\/uploads\\\/sites\\\/93\\\/2016\\\/10\\\/Autodesk_Fusion-360.png\",\"datePublished\":\"2016-10-12T13:40:27+00:00\",\"dateModified\":\"2019-03-18T10:16:16+00:00\",\"author\":{\"@id\":\"https:\\\/\\\/blogs.autodesk.com\\\/presse-center-deutschland\\\/#\\\/schema\\\/person\\\/9a01d971738fb64cd6681c8f9409709b\"},\"breadcrumb\":{\"@id\":\"https:\\\/\\\/blogs.autodesk.com\\\/presse-center-deutschland\\\/2016\\\/10\\\/12\\\/fusion-360-ist-jetzt-auf-deutsch-verfugbar\\\/#breadcrumb\"},\"inLanguage\":\"en-US\",\"potentialAction\":[{\"@type\":\"ReadAction\",\"target\":[\"https:\\\/\\\/blogs.autodesk.com\\\/presse-center-deutschland\\\/2016\\\/10\\\/12\\\/fusion-360-ist-jetzt-auf-deutsch-verfugbar\\\/\"]}]},{\"@type\":\"ImageObject\",\"inLanguage\":\"en-US\",\"@id\":\"https:\\\/\\\/blogs.autodesk.com\\\/presse-center-deutschland\\\/2016\\\/10\\\/12\\\/fusion-360-ist-jetzt-auf-deutsch-verfugbar\\\/#primaryimage\",\"url\":\"https:\\\/\\\/blogs.autodesk.com\\\/presse-center-deutschland\\\/wp-content\\\/uploads\\\/sites\\\/93\\\/2016\\\/10\\\/Autodesk_Fusion-360.png\",\"contentUrl\":\"https:\\\/\\\/blogs.autodesk.com\\\/presse-center-deutschland\\\/wp-content\\\/uploads\\\/sites\\\/93\\\/2016\\\/10\\\/Autodesk_Fusion-360.png\",\"width\":1919,\"height\":1039},{\"@type\":\"BreadcrumbList\",\"@id\":\"https:\\\/\\\/blogs.autodesk.com\\\/presse-center-deutschland\\\/2016\\\/10\\\/12\\\/fusion-360-ist-jetzt-auf-deutsch-verfugbar\\\/#breadcrumb\",\"itemListElement\":[{\"@type\":\"ListItem\",\"position\":1,\"name\":\"Home\",\"item\":\"https:\\\/\\\/blogs.autodesk.com\\\/presse-center-deutschland\\\/\"},{\"@type\":\"ListItem\",\"position\":2,\"name\":\"Fusion 360 ist jetzt auf Deutsch verf\u00fcgbar\"}]},{\"@type\":\"WebSite\",\"@id\":\"https:\\\/\\\/blogs.autodesk.com\\\/presse-center-deutschland\\\/#website\",\"url\":\"https:\\\/\\\/blogs.autodesk.com\\\/presse-center-deutschland\\\/\",\"name\":\"Autodesk Presse-Center Deutschland\",\"description\":\"Just another Autodesk Blogs site\",\"potentialAction\":[{\"@type\":\"SearchAction\",\"target\":{\"@type\":\"EntryPoint\",\"urlTemplate\":\"https:\\\/\\\/blogs.autodesk.com\\\/presse-center-deutschland\\\/?s={search_term_string}\"},\"query-input\":{\"@type\":\"PropertyValueSpecification\",\"valueRequired\":true,\"valueName\":\"search_term_string\"}}],\"inLanguage\":\"en-US\"},{\"@type\":\"Person\",\"@id\":\"https:\\\/\\\/blogs.autodesk.com\\\/presse-center-deutschland\\\/#\\\/schema\\\/person\\\/9a01d971738fb64cd6681c8f9409709b\",\"name\":\"Andr\u00e9 Pechmann\",\"image\":{\"@type\":\"ImageObject\",\"inLanguage\":\"en-US\",\"@id\":\"https:\\\/\\\/blogs.autodesk.com\\\/presse-center-deutschland\\\/wp-content\\\/uploads\\\/sites\\\/93\\\/2022\\\/07\\\/19\\\/Autodesk-Logo.svg\",\"url\":\"https:\\\/\\\/blogs.autodesk.com\\\/presse-center-deutschland\\\/wp-content\\\/uploads\\\/sites\\\/93\\\/2022\\\/07\\\/19\\\/Autodesk-Logo.svg\",\"contentUrl\":\"https:\\\/\\\/blogs.autodesk.com\\\/presse-center-deutschland\\\/wp-content\\\/uploads\\\/sites\\\/93\\\/2022\\\/07\\\/19\\\/Autodesk-Logo.svg\",\"caption\":\"Andr\u00e9 Pechmann\"},\"sameAs\":[\"https:\\\/\\\/x.com\\\/drbeckmann\"],\"url\":\"https:\\\/\\\/blogs.autodesk.com\\\/presse-center-deutschland\\\/author\\\/andrepechmann\\\/\"}]}<\/script>\n<!-- \/ Yoast SEO plugin. -->","yoast_head_json":{"title":"Fusion 360 ist jetzt auf Deutsch verf\u00fcgbar - Autodesk Presse-Center Deutschland","robots":{"index":"index","follow":"follow","max-snippet":"max-snippet:-1","max-image-preview":"max-image-preview:large","max-video-preview":"max-video-preview:-1"},"canonical":"https:\/\/blogs.autodesk.com\/presse-center-deutschland\/2016\/10\/12\/fusion-360-ist-jetzt-auf-deutsch-verfugbar\/","og_locale":"en_US","og_type":"article","og_title":"Fusion 360 ist jetzt auf Deutsch verf\u00fcgbar - Autodesk Presse-Center Deutschland","og_description":"W\u00e4hrend der Autodesk University Germany in Darmstadt gab das Unternehmen bekannt, dass Fusion 360 jetzt auch in deutscher Sprache verf\u00fcgbar ist.","og_url":"https:\/\/blogs.autodesk.com\/presse-center-deutschland\/2016\/10\/12\/fusion-360-ist-jetzt-auf-deutsch-verfugbar\/","og_site_name":"Autodesk Presse-Center Deutschland","article_published_time":"2016-10-12T13:40:27+00:00","article_modified_time":"2019-03-18T10:16:16+00:00","og_image":[{"width":1919,"height":1039,"url":"https:\/\/blogs.autodesk.com\/presse-center-deutschland\/wp-content\/uploads\/sites\/93\/2016\/10\/Autodesk_Fusion-360.png","type":"image\/png"}],"author":"Andr\u00e9 Pechmann","twitter_card":"summary_large_image","twitter_creator":"@drbeckmann","twitter_misc":{"Written by":"Andr\u00e9 Pechmann","Est. reading time":"1 minute"},"schema":{"@context":"https:\/\/schema.org","@graph":[{"@type":"Article","@id":"https:\/\/blogs.autodesk.com\/presse-center-deutschland\/2016\/10\/12\/fusion-360-ist-jetzt-auf-deutsch-verfugbar\/#article","isPartOf":{"@id":"https:\/\/blogs.autodesk.com\/presse-center-deutschland\/2016\/10\/12\/fusion-360-ist-jetzt-auf-deutsch-verfugbar\/"},"author":{"name":"Andr\u00e9 Pechmann","@id":"https:\/\/blogs.autodesk.com\/presse-center-deutschland\/#\/schema\/person\/9a01d971738fb64cd6681c8f9409709b"},"headline":"Fusion 360 ist jetzt auf Deutsch verf\u00fcgbar","datePublished":"2016-10-12T13:40:27+00:00","dateModified":"2019-03-18T10:16:16+00:00","mainEntityOfPage":{"@id":"https:\/\/blogs.autodesk.com\/presse-center-deutschland\/2016\/10\/12\/fusion-360-ist-jetzt-auf-deutsch-verfugbar\/"},"wordCount":219,"commentCount":0,"image":{"@id":"https:\/\/blogs.autodesk.com\/presse-center-deutschland\/2016\/10\/12\/fusion-360-ist-jetzt-auf-deutsch-verfugbar\/#primaryimage"},"thumbnailUrl":"https:\/\/blogs.autodesk.com\/presse-center-deutschland\/wp-content\/uploads\/sites\/93\/2016\/10\/Autodesk_Fusion-360.png","articleSection":["Fertigungsindustrie der Zukunft"],"inLanguage":"en-US","potentialAction":[{"@type":"CommentAction","name":"Comment","target":["https:\/\/blogs.autodesk.com\/presse-center-deutschland\/2016\/10\/12\/fusion-360-ist-jetzt-auf-deutsch-verfugbar\/#respond"]}]},{"@type":"WebPage","@id":"https:\/\/blogs.autodesk.com\/presse-center-deutschland\/2016\/10\/12\/fusion-360-ist-jetzt-auf-deutsch-verfugbar\/","url":"https:\/\/blogs.autodesk.com\/presse-center-deutschland\/2016\/10\/12\/fusion-360-ist-jetzt-auf-deutsch-verfugbar\/","name":"Fusion 360 ist jetzt auf Deutsch verf\u00fcgbar - Autodesk Presse-Center Deutschland","isPartOf":{"@id":"https:\/\/blogs.autodesk.com\/presse-center-deutschland\/#website"},"primaryImageOfPage":{"@id":"https:\/\/blogs.autodesk.com\/presse-center-deutschland\/2016\/10\/12\/fusion-360-ist-jetzt-auf-deutsch-verfugbar\/#primaryimage"},"image":{"@id":"https:\/\/blogs.autodesk.com\/presse-center-deutschland\/2016\/10\/12\/fusion-360-ist-jetzt-auf-deutsch-verfugbar\/#primaryimage"},"thumbnailUrl":"https:\/\/blogs.autodesk.com\/presse-center-deutschland\/wp-content\/uploads\/sites\/93\/2016\/10\/Autodesk_Fusion-360.png","datePublished":"2016-10-12T13:40:27+00:00","dateModified":"2019-03-18T10:16:16+00:00","author":{"@id":"https:\/\/blogs.autodesk.com\/presse-center-deutschland\/#\/schema\/person\/9a01d971738fb64cd6681c8f9409709b"},"breadcrumb":{"@id":"https:\/\/blogs.autodesk.com\/presse-center-deutschland\/2016\/10\/12\/fusion-360-ist-jetzt-auf-deutsch-verfugbar\/#breadcrumb"},"inLanguage":"en-US","potentialAction":[{"@type":"ReadAction","target":["https:\/\/blogs.autodesk.com\/presse-center-deutschland\/2016\/10\/12\/fusion-360-ist-jetzt-auf-deutsch-verfugbar\/"]}]},{"@type":"ImageObject","inLanguage":"en-US","@id":"https:\/\/blogs.autodesk.com\/presse-center-deutschland\/2016\/10\/12\/fusion-360-ist-jetzt-auf-deutsch-verfugbar\/#primaryimage","url":"https:\/\/blogs.autodesk.com\/presse-center-deutschland\/wp-content\/uploads\/sites\/93\/2016\/10\/Autodesk_Fusion-360.png","contentUrl":"https:\/\/blogs.autodesk.com\/presse-center-deutschland\/wp-content\/uploads\/sites\/93\/2016\/10\/Autodesk_Fusion-360.png","width":1919,"height":1039},{"@type":"BreadcrumbList","@id":"https:\/\/blogs.autodesk.com\/presse-center-deutschland\/2016\/10\/12\/fusion-360-ist-jetzt-auf-deutsch-verfugbar\/#breadcrumb","itemListElement":[{"@type":"ListItem","position":1,"name":"Home","item":"https:\/\/blogs.autodesk.com\/presse-center-deutschland\/"},{"@type":"ListItem","position":2,"name":"Fusion 360 ist jetzt auf Deutsch verf\u00fcgbar"}]},{"@type":"WebSite","@id":"https:\/\/blogs.autodesk.com\/presse-center-deutschland\/#website","url":"https:\/\/blogs.autodesk.com\/presse-center-deutschland\/","name":"Autodesk Presse-Center Deutschland","description":"Just another Autodesk Blogs site","potentialAction":[{"@type":"SearchAction","target":{"@type":"EntryPoint","urlTemplate":"https:\/\/blogs.autodesk.com\/presse-center-deutschland\/?s={search_term_string}"},"query-input":{"@type":"PropertyValueSpecification","valueRequired":true,"valueName":"search_term_string"}}],"inLanguage":"en-US"},{"@type":"Person","@id":"https:\/\/blogs.autodesk.com\/presse-center-deutschland\/#\/schema\/person\/9a01d971738fb64cd6681c8f9409709b","name":"Andr\u00e9 Pechmann","image":{"@type":"ImageObject","inLanguage":"en-US","@id":"https:\/\/blogs.autodesk.com\/presse-center-deutschland\/wp-content\/uploads\/sites\/93\/2022\/07\/19\/Autodesk-Logo.svg","url":"https:\/\/blogs.autodesk.com\/presse-center-deutschland\/wp-content\/uploads\/sites\/93\/2022\/07\/19\/Autodesk-Logo.svg","contentUrl":"https:\/\/blogs.autodesk.com\/presse-center-deutschland\/wp-content\/uploads\/sites\/93\/2022\/07\/19\/Autodesk-Logo.svg","caption":"Andr\u00e9 Pechmann"},"sameAs":["https:\/\/x.com\/drbeckmann"],"url":"https:\/\/blogs.autodesk.com\/presse-center-deutschland\/author\/andrepechmann\/"}]}},"_links":{"self":[{"href":"https:\/\/blogs.autodesk.com\/presse-center-deutschland\/wp-json\/wp\/v2\/posts\/223","targetHints":{"allow":["GET"]}}],"collection":[{"href":"https:\/\/blogs.autodesk.com\/presse-center-deutschland\/wp-json\/wp\/v2\/posts"}],"about":[{"href":"https:\/\/blogs.autodesk.com\/presse-center-deutschland\/wp-json\/wp\/v2\/types\/post"}],"author":[{"embeddable":true,"href":"https:\/\/blogs.autodesk.com\/presse-center-deutschland\/wp-json\/wp\/v2\/users\/2910"}],"replies":[{"embeddable":true,"href":"https:\/\/blogs.autodesk.com\/presse-center-deutschland\/wp-json\/wp\/v2\/comments?post=223"}],"version-history":[{"count":0,"href":"https:\/\/blogs.autodesk.com\/presse-center-deutschland\/wp-json\/wp\/v2\/posts\/223\/revisions"}],"wp:featuredmedia":[{"embeddable":true,"href":"https:\/\/blogs.autodesk.com\/presse-center-deutschland\/wp-json\/wp\/v2\/media\/271"}],"wp:attachment":[{"href":"https:\/\/blogs.autodesk.com\/presse-center-deutschland\/wp-json\/wp\/v2\/media?parent=223"}],"wp:term":[{"taxonomy":"category","embeddable":true,"href":"https:\/\/blogs.autodesk.com\/presse-center-deutschland\/wp-json\/wp\/v2\/categories?post=223"},{"taxonomy":"post_tag","embeddable":true,"href":"https:\/\/blogs.autodesk.com\/presse-center-deutschland\/wp-json\/wp\/v2\/tags?post=223"}],"curies":[{"name":"wp","href":"https:\/\/api.w.org\/{rel}","templated":true}]}}