{"id":301,"date":"2017-05-31T13:42:48","date_gmt":"2017-05-31T13:42:48","guid":{"rendered":"https:\/\/blogs.autodesk.com\/presse-center-deutschland\/?p=301"},"modified":"2017-05-31T13:42:48","modified_gmt":"2017-05-31T13:42:48","slug":"fusion360","status":"publish","type":"post","link":"https:\/\/blogs.autodesk.com\/presse-center-deutschland\/2017\/05\/31\/fusion360\/","title":{"rendered":"Autodesk Fusion 360 kann jetzt auch Blech bearbeiten"},"content":{"rendered":"<p>Fusion 360 \u2013 erstes 3D-CAD\/CAM-Tool f\u00fcr den gesamten Produktentwicklungsprozess in der Cloud \u2013 hat jetzt auch eine Blech-Bearbeitungsfunktion sowie eine Branch-and-Merge-Funktion. Die Neuerungen sind ein Ergebnis des kontinuierlichen Austausches zwischen Autodesk und der Community zur Weiterentwicklung von Fusion .<!--more--><\/p>\n<p><a href=\"https:\/\/blogs.autodesk.com\/presse-center-deutschland\/wp-content\/uploads\/sites\/93\/2017\/05\/Autodesk_Fusion360.png\"><img loading=\"lazy\" decoding=\"async\" class=\"alignleft wp-image-302 size-medium\" src=\"https:\/\/blogs.autodesk.com\/presse-center-deutschland\/wp-content\/uploads\/sites\/93\/2017\/05\/Autodesk_Fusion360-300x169.png\" alt=\"\" width=\"300\" height=\"169\" srcset=\"https:\/\/blogs.autodesk.com\/presse-center-deutschland\/wp-content\/uploads\/sites\/93\/2017\/05\/Autodesk_Fusion360-300x169.png 300w, https:\/\/blogs.autodesk.com\/presse-center-deutschland\/wp-content\/uploads\/sites\/93\/2017\/05\/Autodesk_Fusion360-768x432.png 768w, https:\/\/blogs.autodesk.com\/presse-center-deutschland\/wp-content\/uploads\/sites\/93\/2017\/05\/Autodesk_Fusion360-1024x576.png 1024w, https:\/\/blogs.autodesk.com\/presse-center-deutschland\/wp-content\/uploads\/sites\/93\/2017\/05\/Autodesk_Fusion360.png 1920w\" sizes=\"auto, (max-width: 300px) 100vw, 300px\" \/><\/a>Einer der meist ge\u00e4u\u00dferten W\u00fcnsche der Nutzer in den verschiedenen Fusion 360-Foren und der Autodesk-<a href=\"https:\/\/forums.autodesk.com\/t5\/ideastation-request-a-feature-or\/idb-p\/125\">Ideastation<\/a> war zuletzt ein Material-Feature f\u00fcr Blech. Denn bislang konnten Anwender mit dem Tool nicht in einem Workflow Blechteile entwerfen sowie im CAM-Arbeitsbereich den Werkzeugweg zum Schneiden der Abwicklung generieren.<\/p>\n<p><strong>Fusion 360 auf beliebigen Plattformen nutzbar<\/strong><\/p>\n<p>Zudem wird Fusion 360 noch flexibler und kann von Anwendern jetzt auch nahtlos auf beliebigen Plattformen genutzt werden \u2013 und das unabh\u00e4ngig davon, ob man es beispielsweise auf einem Chromebook, einem iPad, einem Linux-System oder einem anderen Ger\u00e4t nutzen m\u00f6chte.<\/p>\n<p>Mit der neuen Fusion 360 Branch-and-Merge-Funktion k\u00f6nnen Nutzer jetzt Konstruktionsideen erforschen und sie dann ohne Konflikte wieder in den Master-Zweig \u00fcberf\u00fchren. Dadurch werden komplizierte Workflows oder doppelte Dateien vermieden und sichergestellt, dass das jeweils bestm\u00f6gliche Design gefunden wird.<\/p>\n<p><strong>Autodesk EAGLE im Abonnement verf\u00fcgbar<\/strong><\/p>\n<p>Die Entwickler von Autodesk arbeiten zudem an der Integration des Schaltungsentwurf- und Platinenlayout-Programms Autodesk EAGLE in Fusion 360. Dazu werden demn\u00e4chst ausf\u00fchrlichere Informationen ver\u00f6ffentlicht. Schon jetzt k\u00f6nnen jedoch Produkt-Teams, die PCB Design ben\u00f6tigen, ein kostenloses oder ein kostenpflichtiges Abo abschlie\u00dfen. Weitere Informationen zu Autodesk EAGLE stehen <a href=\"http:\/\/www.autodesk.com\/products\/eagle\/overview\">hier<\/a> zur Verf\u00fcgung.<\/p>\n","protected":false},"excerpt":{"rendered":"<p>Fusion 360 \u2013 erstes 3D-CAD\/CAM-Tool f\u00fcr den gesamten Produktentwicklungsprozess in der Cloud \u2013 hat jetzt auch eine Blech-Bearbeitungsfunktion sowie eine Branch-and-Merge-Funktion. Die Neuerungen sind ein Ergebnis des kontinuierlichen Austausches zwischen Autodesk und der Community zur Weiterentwicklung von Fusion .<\/p>\n","protected":false},"author":2910,"featured_media":302,"comment_status":"open","ping_status":"open","sticky":false,"template":"","format":"standard","meta":{"_acf_changed":false,"inline_featured_image":false,"footnotes":""},"categories":[1],"tags":[25,24,26],"class_list":["post-301","post","type-post","status-publish","format-standard","has-post-thumbnail","hentry","category-fertigungsindustrie-der-zukunft","tag-cloud","tag-fusion-360","tag-produktentwicklung"],"acf":[],"yoast_head":"<!-- This site is optimized with the Yoast SEO plugin v27.3 - https:\/\/yoast.com\/product\/yoast-seo-wordpress\/ -->\n<title>Autodesk Fusion 360 kann jetzt auch Blech bearbeiten - Autodesk Presse-Center Deutschland<\/title>\n<meta name=\"robots\" content=\"index, follow, max-snippet:-1, max-image-preview:large, max-video-preview:-1\" \/>\n<link rel=\"canonical\" href=\"https:\/\/blogs.autodesk.com\/presse-center-deutschland\/2017\/05\/31\/fusion360\/\" \/>\n<meta property=\"og:locale\" content=\"en_US\" \/>\n<meta property=\"og:type\" content=\"article\" \/>\n<meta property=\"og:title\" content=\"Autodesk Fusion 360 kann jetzt auch Blech bearbeiten - Autodesk Presse-Center Deutschland\" \/>\n<meta property=\"og:description\" content=\"Fusion 360 \u2013 erstes 3D-CAD\/CAM-Tool f\u00fcr den gesamten Produktentwicklungsprozess in der Cloud \u2013 hat jetzt auch eine Blech-Bearbeitungsfunktion sowie eine Branch-and-Merge-Funktion. Die Neuerungen sind ein Ergebnis des kontinuierlichen Austausches zwischen Autodesk und der Community zur Weiterentwicklung von Fusion .\" \/>\n<meta property=\"og:url\" content=\"https:\/\/blogs.autodesk.com\/presse-center-deutschland\/2017\/05\/31\/fusion360\/\" \/>\n<meta property=\"og:site_name\" content=\"Autodesk Presse-Center Deutschland\" \/>\n<meta property=\"article:published_time\" content=\"2017-05-31T13:42:48+00:00\" \/>\n<meta property=\"og:image\" content=\"https:\/\/blogs.autodesk.com\/presse-center-deutschland\/wp-content\/uploads\/sites\/93\/2017\/05\/Autodesk_Fusion360.png\" \/>\n\t<meta property=\"og:image:width\" content=\"1920\" \/>\n\t<meta property=\"og:image:height\" content=\"1080\" \/>\n\t<meta property=\"og:image:type\" content=\"image\/png\" \/>\n<meta name=\"author\" content=\"Andr\u00e9 Pechmann\" \/>\n<meta name=\"twitter:card\" content=\"summary_large_image\" \/>\n<meta name=\"twitter:creator\" content=\"@drbeckmann\" \/>\n<meta name=\"twitter:label1\" content=\"Written by\" \/>\n\t<meta name=\"twitter:data1\" content=\"Andr\u00e9 Pechmann\" \/>\n\t<meta name=\"twitter:label2\" content=\"Est. reading time\" \/>\n\t<meta name=\"twitter:data2\" content=\"1 minute\" \/>\n<script type=\"application\/ld+json\" class=\"yoast-schema-graph\">{\"@context\":\"https:\\\/\\\/schema.org\",\"@graph\":[{\"@type\":\"Article\",\"@id\":\"https:\\\/\\\/blogs.autodesk.com\\\/presse-center-deutschland\\\/2017\\\/05\\\/31\\\/fusion360\\\/#article\",\"isPartOf\":{\"@id\":\"https:\\\/\\\/blogs.autodesk.com\\\/presse-center-deutschland\\\/2017\\\/05\\\/31\\\/fusion360\\\/\"},\"author\":{\"name\":\"Andr\u00e9 Pechmann\",\"@id\":\"https:\\\/\\\/blogs.autodesk.com\\\/presse-center-deutschland\\\/#\\\/schema\\\/person\\\/9a01d971738fb64cd6681c8f9409709b\"},\"headline\":\"Autodesk Fusion 360 kann jetzt auch Blech bearbeiten\",\"datePublished\":\"2017-05-31T13:42:48+00:00\",\"mainEntityOfPage\":{\"@id\":\"https:\\\/\\\/blogs.autodesk.com\\\/presse-center-deutschland\\\/2017\\\/05\\\/31\\\/fusion360\\\/\"},\"wordCount\":239,\"commentCount\":0,\"image\":{\"@id\":\"https:\\\/\\\/blogs.autodesk.com\\\/presse-center-deutschland\\\/2017\\\/05\\\/31\\\/fusion360\\\/#primaryimage\"},\"thumbnailUrl\":\"https:\\\/\\\/blogs.autodesk.com\\\/presse-center-deutschland\\\/wp-content\\\/uploads\\\/sites\\\/93\\\/2017\\\/05\\\/Autodesk_Fusion360.png\",\"keywords\":[\"Cloud\",\"Fusion 360\",\"Produktentwicklung\"],\"articleSection\":[\"Fertigungsindustrie der Zukunft\"],\"inLanguage\":\"en-US\",\"potentialAction\":[{\"@type\":\"CommentAction\",\"name\":\"Comment\",\"target\":[\"https:\\\/\\\/blogs.autodesk.com\\\/presse-center-deutschland\\\/2017\\\/05\\\/31\\\/fusion360\\\/#respond\"]}]},{\"@type\":\"WebPage\",\"@id\":\"https:\\\/\\\/blogs.autodesk.com\\\/presse-center-deutschland\\\/2017\\\/05\\\/31\\\/fusion360\\\/\",\"url\":\"https:\\\/\\\/blogs.autodesk.com\\\/presse-center-deutschland\\\/2017\\\/05\\\/31\\\/fusion360\\\/\",\"name\":\"Autodesk Fusion 360 kann jetzt auch Blech bearbeiten - Autodesk Presse-Center Deutschland\",\"isPartOf\":{\"@id\":\"https:\\\/\\\/blogs.autodesk.com\\\/presse-center-deutschland\\\/#website\"},\"primaryImageOfPage\":{\"@id\":\"https:\\\/\\\/blogs.autodesk.com\\\/presse-center-deutschland\\\/2017\\\/05\\\/31\\\/fusion360\\\/#primaryimage\"},\"image\":{\"@id\":\"https:\\\/\\\/blogs.autodesk.com\\\/presse-center-deutschland\\\/2017\\\/05\\\/31\\\/fusion360\\\/#primaryimage\"},\"thumbnailUrl\":\"https:\\\/\\\/blogs.autodesk.com\\\/presse-center-deutschland\\\/wp-content\\\/uploads\\\/sites\\\/93\\\/2017\\\/05\\\/Autodesk_Fusion360.png\",\"datePublished\":\"2017-05-31T13:42:48+00:00\",\"author\":{\"@id\":\"https:\\\/\\\/blogs.autodesk.com\\\/presse-center-deutschland\\\/#\\\/schema\\\/person\\\/9a01d971738fb64cd6681c8f9409709b\"},\"breadcrumb\":{\"@id\":\"https:\\\/\\\/blogs.autodesk.com\\\/presse-center-deutschland\\\/2017\\\/05\\\/31\\\/fusion360\\\/#breadcrumb\"},\"inLanguage\":\"en-US\",\"potentialAction\":[{\"@type\":\"ReadAction\",\"target\":[\"https:\\\/\\\/blogs.autodesk.com\\\/presse-center-deutschland\\\/2017\\\/05\\\/31\\\/fusion360\\\/\"]}]},{\"@type\":\"ImageObject\",\"inLanguage\":\"en-US\",\"@id\":\"https:\\\/\\\/blogs.autodesk.com\\\/presse-center-deutschland\\\/2017\\\/05\\\/31\\\/fusion360\\\/#primaryimage\",\"url\":\"https:\\\/\\\/blogs.autodesk.com\\\/presse-center-deutschland\\\/wp-content\\\/uploads\\\/sites\\\/93\\\/2017\\\/05\\\/Autodesk_Fusion360.png\",\"contentUrl\":\"https:\\\/\\\/blogs.autodesk.com\\\/presse-center-deutschland\\\/wp-content\\\/uploads\\\/sites\\\/93\\\/2017\\\/05\\\/Autodesk_Fusion360.png\",\"width\":1920,\"height\":1080},{\"@type\":\"BreadcrumbList\",\"@id\":\"https:\\\/\\\/blogs.autodesk.com\\\/presse-center-deutschland\\\/2017\\\/05\\\/31\\\/fusion360\\\/#breadcrumb\",\"itemListElement\":[{\"@type\":\"ListItem\",\"position\":1,\"name\":\"Home\",\"item\":\"https:\\\/\\\/blogs.autodesk.com\\\/presse-center-deutschland\\\/\"},{\"@type\":\"ListItem\",\"position\":2,\"name\":\"Autodesk Fusion 360 kann jetzt auch Blech bearbeiten\"}]},{\"@type\":\"WebSite\",\"@id\":\"https:\\\/\\\/blogs.autodesk.com\\\/presse-center-deutschland\\\/#website\",\"url\":\"https:\\\/\\\/blogs.autodesk.com\\\/presse-center-deutschland\\\/\",\"name\":\"Autodesk Presse-Center Deutschland\",\"description\":\"Just another Autodesk Blogs site\",\"potentialAction\":[{\"@type\":\"SearchAction\",\"target\":{\"@type\":\"EntryPoint\",\"urlTemplate\":\"https:\\\/\\\/blogs.autodesk.com\\\/presse-center-deutschland\\\/?s={search_term_string}\"},\"query-input\":{\"@type\":\"PropertyValueSpecification\",\"valueRequired\":true,\"valueName\":\"search_term_string\"}}],\"inLanguage\":\"en-US\"},{\"@type\":\"Person\",\"@id\":\"https:\\\/\\\/blogs.autodesk.com\\\/presse-center-deutschland\\\/#\\\/schema\\\/person\\\/9a01d971738fb64cd6681c8f9409709b\",\"name\":\"Andr\u00e9 Pechmann\",\"image\":{\"@type\":\"ImageObject\",\"inLanguage\":\"en-US\",\"@id\":\"https:\\\/\\\/blogs.autodesk.com\\\/presse-center-deutschland\\\/wp-content\\\/uploads\\\/sites\\\/93\\\/2022\\\/07\\\/19\\\/Autodesk-Logo.svg\",\"url\":\"https:\\\/\\\/blogs.autodesk.com\\\/presse-center-deutschland\\\/wp-content\\\/uploads\\\/sites\\\/93\\\/2022\\\/07\\\/19\\\/Autodesk-Logo.svg\",\"contentUrl\":\"https:\\\/\\\/blogs.autodesk.com\\\/presse-center-deutschland\\\/wp-content\\\/uploads\\\/sites\\\/93\\\/2022\\\/07\\\/19\\\/Autodesk-Logo.svg\",\"caption\":\"Andr\u00e9 Pechmann\"},\"sameAs\":[\"https:\\\/\\\/x.com\\\/drbeckmann\"],\"url\":\"https:\\\/\\\/blogs.autodesk.com\\\/presse-center-deutschland\\\/author\\\/andrepechmann\\\/\"}]}<\/script>\n<!-- \/ Yoast SEO plugin. -->","yoast_head_json":{"title":"Autodesk Fusion 360 kann jetzt auch Blech bearbeiten - Autodesk Presse-Center Deutschland","robots":{"index":"index","follow":"follow","max-snippet":"max-snippet:-1","max-image-preview":"max-image-preview:large","max-video-preview":"max-video-preview:-1"},"canonical":"https:\/\/blogs.autodesk.com\/presse-center-deutschland\/2017\/05\/31\/fusion360\/","og_locale":"en_US","og_type":"article","og_title":"Autodesk Fusion 360 kann jetzt auch Blech bearbeiten - Autodesk Presse-Center Deutschland","og_description":"Fusion 360 \u2013 erstes 3D-CAD\/CAM-Tool f\u00fcr den gesamten Produktentwicklungsprozess in der Cloud \u2013 hat jetzt auch eine Blech-Bearbeitungsfunktion sowie eine Branch-and-Merge-Funktion. Die Neuerungen sind ein Ergebnis des kontinuierlichen Austausches zwischen Autodesk und der Community zur Weiterentwicklung von Fusion .","og_url":"https:\/\/blogs.autodesk.com\/presse-center-deutschland\/2017\/05\/31\/fusion360\/","og_site_name":"Autodesk Presse-Center Deutschland","article_published_time":"2017-05-31T13:42:48+00:00","og_image":[{"width":1920,"height":1080,"url":"https:\/\/blogs.autodesk.com\/presse-center-deutschland\/wp-content\/uploads\/sites\/93\/2017\/05\/Autodesk_Fusion360.png","type":"image\/png"}],"author":"Andr\u00e9 Pechmann","twitter_card":"summary_large_image","twitter_creator":"@drbeckmann","twitter_misc":{"Written by":"Andr\u00e9 Pechmann","Est. reading time":"1 minute"},"schema":{"@context":"https:\/\/schema.org","@graph":[{"@type":"Article","@id":"https:\/\/blogs.autodesk.com\/presse-center-deutschland\/2017\/05\/31\/fusion360\/#article","isPartOf":{"@id":"https:\/\/blogs.autodesk.com\/presse-center-deutschland\/2017\/05\/31\/fusion360\/"},"author":{"name":"Andr\u00e9 Pechmann","@id":"https:\/\/blogs.autodesk.com\/presse-center-deutschland\/#\/schema\/person\/9a01d971738fb64cd6681c8f9409709b"},"headline":"Autodesk Fusion 360 kann jetzt auch Blech bearbeiten","datePublished":"2017-05-31T13:42:48+00:00","mainEntityOfPage":{"@id":"https:\/\/blogs.autodesk.com\/presse-center-deutschland\/2017\/05\/31\/fusion360\/"},"wordCount":239,"commentCount":0,"image":{"@id":"https:\/\/blogs.autodesk.com\/presse-center-deutschland\/2017\/05\/31\/fusion360\/#primaryimage"},"thumbnailUrl":"https:\/\/blogs.autodesk.com\/presse-center-deutschland\/wp-content\/uploads\/sites\/93\/2017\/05\/Autodesk_Fusion360.png","keywords":["Cloud","Fusion 360","Produktentwicklung"],"articleSection":["Fertigungsindustrie der Zukunft"],"inLanguage":"en-US","potentialAction":[{"@type":"CommentAction","name":"Comment","target":["https:\/\/blogs.autodesk.com\/presse-center-deutschland\/2017\/05\/31\/fusion360\/#respond"]}]},{"@type":"WebPage","@id":"https:\/\/blogs.autodesk.com\/presse-center-deutschland\/2017\/05\/31\/fusion360\/","url":"https:\/\/blogs.autodesk.com\/presse-center-deutschland\/2017\/05\/31\/fusion360\/","name":"Autodesk Fusion 360 kann jetzt auch Blech bearbeiten - Autodesk Presse-Center Deutschland","isPartOf":{"@id":"https:\/\/blogs.autodesk.com\/presse-center-deutschland\/#website"},"primaryImageOfPage":{"@id":"https:\/\/blogs.autodesk.com\/presse-center-deutschland\/2017\/05\/31\/fusion360\/#primaryimage"},"image":{"@id":"https:\/\/blogs.autodesk.com\/presse-center-deutschland\/2017\/05\/31\/fusion360\/#primaryimage"},"thumbnailUrl":"https:\/\/blogs.autodesk.com\/presse-center-deutschland\/wp-content\/uploads\/sites\/93\/2017\/05\/Autodesk_Fusion360.png","datePublished":"2017-05-31T13:42:48+00:00","author":{"@id":"https:\/\/blogs.autodesk.com\/presse-center-deutschland\/#\/schema\/person\/9a01d971738fb64cd6681c8f9409709b"},"breadcrumb":{"@id":"https:\/\/blogs.autodesk.com\/presse-center-deutschland\/2017\/05\/31\/fusion360\/#breadcrumb"},"inLanguage":"en-US","potentialAction":[{"@type":"ReadAction","target":["https:\/\/blogs.autodesk.com\/presse-center-deutschland\/2017\/05\/31\/fusion360\/"]}]},{"@type":"ImageObject","inLanguage":"en-US","@id":"https:\/\/blogs.autodesk.com\/presse-center-deutschland\/2017\/05\/31\/fusion360\/#primaryimage","url":"https:\/\/blogs.autodesk.com\/presse-center-deutschland\/wp-content\/uploads\/sites\/93\/2017\/05\/Autodesk_Fusion360.png","contentUrl":"https:\/\/blogs.autodesk.com\/presse-center-deutschland\/wp-content\/uploads\/sites\/93\/2017\/05\/Autodesk_Fusion360.png","width":1920,"height":1080},{"@type":"BreadcrumbList","@id":"https:\/\/blogs.autodesk.com\/presse-center-deutschland\/2017\/05\/31\/fusion360\/#breadcrumb","itemListElement":[{"@type":"ListItem","position":1,"name":"Home","item":"https:\/\/blogs.autodesk.com\/presse-center-deutschland\/"},{"@type":"ListItem","position":2,"name":"Autodesk Fusion 360 kann jetzt auch Blech bearbeiten"}]},{"@type":"WebSite","@id":"https:\/\/blogs.autodesk.com\/presse-center-deutschland\/#website","url":"https:\/\/blogs.autodesk.com\/presse-center-deutschland\/","name":"Autodesk Presse-Center Deutschland","description":"Just another Autodesk Blogs site","potentialAction":[{"@type":"SearchAction","target":{"@type":"EntryPoint","urlTemplate":"https:\/\/blogs.autodesk.com\/presse-center-deutschland\/?s={search_term_string}"},"query-input":{"@type":"PropertyValueSpecification","valueRequired":true,"valueName":"search_term_string"}}],"inLanguage":"en-US"},{"@type":"Person","@id":"https:\/\/blogs.autodesk.com\/presse-center-deutschland\/#\/schema\/person\/9a01d971738fb64cd6681c8f9409709b","name":"Andr\u00e9 Pechmann","image":{"@type":"ImageObject","inLanguage":"en-US","@id":"https:\/\/blogs.autodesk.com\/presse-center-deutschland\/wp-content\/uploads\/sites\/93\/2022\/07\/19\/Autodesk-Logo.svg","url":"https:\/\/blogs.autodesk.com\/presse-center-deutschland\/wp-content\/uploads\/sites\/93\/2022\/07\/19\/Autodesk-Logo.svg","contentUrl":"https:\/\/blogs.autodesk.com\/presse-center-deutschland\/wp-content\/uploads\/sites\/93\/2022\/07\/19\/Autodesk-Logo.svg","caption":"Andr\u00e9 Pechmann"},"sameAs":["https:\/\/x.com\/drbeckmann"],"url":"https:\/\/blogs.autodesk.com\/presse-center-deutschland\/author\/andrepechmann\/"}]}},"_links":{"self":[{"href":"https:\/\/blogs.autodesk.com\/presse-center-deutschland\/wp-json\/wp\/v2\/posts\/301","targetHints":{"allow":["GET"]}}],"collection":[{"href":"https:\/\/blogs.autodesk.com\/presse-center-deutschland\/wp-json\/wp\/v2\/posts"}],"about":[{"href":"https:\/\/blogs.autodesk.com\/presse-center-deutschland\/wp-json\/wp\/v2\/types\/post"}],"author":[{"embeddable":true,"href":"https:\/\/blogs.autodesk.com\/presse-center-deutschland\/wp-json\/wp\/v2\/users\/2910"}],"replies":[{"embeddable":true,"href":"https:\/\/blogs.autodesk.com\/presse-center-deutschland\/wp-json\/wp\/v2\/comments?post=301"}],"version-history":[{"count":0,"href":"https:\/\/blogs.autodesk.com\/presse-center-deutschland\/wp-json\/wp\/v2\/posts\/301\/revisions"}],"wp:featuredmedia":[{"embeddable":true,"href":"https:\/\/blogs.autodesk.com\/presse-center-deutschland\/wp-json\/wp\/v2\/media\/302"}],"wp:attachment":[{"href":"https:\/\/blogs.autodesk.com\/presse-center-deutschland\/wp-json\/wp\/v2\/media?parent=301"}],"wp:term":[{"taxonomy":"category","embeddable":true,"href":"https:\/\/blogs.autodesk.com\/presse-center-deutschland\/wp-json\/wp\/v2\/categories?post=301"},{"taxonomy":"post_tag","embeddable":true,"href":"https:\/\/blogs.autodesk.com\/presse-center-deutschland\/wp-json\/wp\/v2\/tags?post=301"}],"curies":[{"name":"wp","href":"https:\/\/api.w.org\/{rel}","templated":true}]}}