{"id":359,"date":"2018-04-26T08:54:17","date_gmt":"2018-04-26T08:54:17","guid":{"rendered":"https:\/\/blogs.autodesk.com\/presse-center-deutschland\/?p=359"},"modified":"2019-03-18T09:38:45","modified_gmt":"2019-03-18T09:38:45","slug":"my-esel","status":"publish","type":"post","link":"https:\/\/blogs.autodesk.com\/presse-center-deutschland\/2018\/04\/26\/my-esel\/","title":{"rendered":"Algorithmus designt ma\u00dfgeschneiderte Fahrr\u00e4der aus Holz"},"content":{"rendered":"<p><img loading=\"lazy\" decoding=\"async\" class=\" wp-image-361 alignleft\" src=\"https:\/\/blogs.autodesk.com\/presse-center-deutschland\/wp-content\/uploads\/sites\/93\/2018\/04\/Autodesk_My-Esel-2_Detail-150x150.jpg\" alt=\"\" width=\"100\" height=\"100\" srcset=\"https:\/\/blogs.autodesk.com\/presse-center-deutschland\/wp-content\/uploads\/sites\/93\/2018\/04\/Autodesk_My-Esel-2_Detail-150x150.jpg 150w, https:\/\/blogs.autodesk.com\/presse-center-deutschland\/wp-content\/uploads\/sites\/93\/2018\/04\/Autodesk_My-Esel-2_Detail-190x190.jpg 190w\" sizes=\"auto, (max-width: 100px) 100vw, 100px\" \/> Wenn Sportger\u00e4te speziell auf den Nutzer angepasst werden, verbessert sich nicht nur das Handling, sondern es f\u00f6rdert auch die richtige K\u00f6rperhaltung. Das \u00f6sterreichische Start-Up My Esel bietet seinen Kunden deshalb individuell abgestimmte und nachhaltig produzierte Fahrr\u00e4der. <!--more-->Erm\u00f6glicht wird dies durch einen Web-Konfigurator und einen integrierten Algorithmus, der die Rahmenabmessungen des Fahrrads genau auf die K\u00f6rperproportionen und den Fahrstil des zuk\u00fcnftigen Besitzers anpasst. So garantiert jedes Fahrrad eine orthop\u00e4disch perfekte Sitzposition und eine optimale Kraft\u00fcbertragung.<\/p>\n<p><img loading=\"lazy\" decoding=\"async\" class=\"size-thumbnail wp-image-362 alignright\" src=\"https:\/\/blogs.autodesk.com\/presse-center-deutschland\/wp-content\/uploads\/sites\/93\/2018\/04\/Autodesk_My-Esel-3_inGebrauch-150x150.jpg\" alt=\"\" width=\"150\" height=\"150\" srcset=\"https:\/\/blogs.autodesk.com\/presse-center-deutschland\/wp-content\/uploads\/sites\/93\/2018\/04\/Autodesk_My-Esel-3_inGebrauch-150x150.jpg 150w, https:\/\/blogs.autodesk.com\/presse-center-deutschland\/wp-content\/uploads\/sites\/93\/2018\/04\/Autodesk_My-Esel-3_inGebrauch-190x190.jpg 190w\" sizes=\"auto, (max-width: 150px) 100vw, 150px\" \/>Die automatische 3D-Aufbereitung der Daten aus dem Web-Konfigurator sowie die parametrische Skalierung der Fahrradeinzelteile wird durch Autodesk Inventor realisiert. Diese Informationen dienen als Grundlage der Produktionsdaten und werden mit einem eigens geschriebenen Code in CAM-Daten umgewandelt. \u00dcber einen Cloudspeicher erh\u00e4lt der Produzent die jeweiligen Datens\u00e4tze zur Herstellung der Rahmenteile und kann mit der automatisierten Serienproduktion per CNC-Fr\u00e4se starten. Das Konzept ist so innovativ, dass My Esel dieses Jahr bereits als Gesamtsieger mit dem ISPO Brandnew 2018 Award f\u00fcr besonders innovative Start-Ups im Sportbereich ausgezeichnet wurde.<\/p>\n<p><img loading=\"lazy\" decoding=\"async\" class=\"size-thumbnail wp-image-360 alignleft\" src=\"https:\/\/blogs.autodesk.com\/presse-center-deutschland\/wp-content\/uploads\/sites\/93\/2018\/04\/Autodesk_My-Esel-4_Produkt-150x150.jpg\" alt=\"\" width=\"150\" height=\"150\" srcset=\"https:\/\/blogs.autodesk.com\/presse-center-deutschland\/wp-content\/uploads\/sites\/93\/2018\/04\/Autodesk_My-Esel-4_Produkt-150x150.jpg 150w, https:\/\/blogs.autodesk.com\/presse-center-deutschland\/wp-content\/uploads\/sites\/93\/2018\/04\/Autodesk_My-Esel-4_Produkt-190x190.jpg 190w\" sizes=\"auto, (max-width: 150px) 100vw, 150px\" \/>F\u00fcr die Entwicklung des Algorithmus arbeitete My Esel mit Experten f\u00fcr Fahrrad-Ergonomie des Orthop\u00e4dischen Spitals in Wien-Speising zusammen. Die Individualit\u00e4t des Rads sowie ein maximaler Fahrkomfort werden durch die Verwendung von Holz als Werkstoff gef\u00f6rdert. Auf Grundlage der pers\u00f6nlichen Ma\u00dfe erstellt der Algorithmus die Einzelteile des Rads und passt sie exakt auf den neuen Besitzer an. Dieses Vorgehen war bisher vor allem im Rennradbereich nur zu sehr hohen Kosten und in aufw\u00e4ndiger Handarbeit zu realisieren. My Esel bietet dank Autodesk Technologie dagegen das weltweit erste ma\u00dfgefertigte Rad, das in der Massenproduktion gefertigt werden kann. Zudem k\u00f6nnen die R\u00e4der durch unterschiedliche H\u00f6lzer und individuelle Brandings weiter personalisiert werden.<\/p>\n<p>Alle Fahrr\u00e4der werden in Linz, Ober\u00f6sterreich, montiert und die Holzrahmen ebenfalls in \u00d6sterreich produziert. Auch Versionen mit E-Bike-Antrieb sind verf\u00fcgbar.<\/p>\n<p>Bei Interesse an Bildmaterial sprechen Sie uns gerne an unter <a href=\"mailto:Autodesk_Germany@edelman.com\">Autodesk_Germany@edelman.com.<\/a><\/p>\n","protected":false},"excerpt":{"rendered":"<p> Wenn Sportger\u00e4te speziell auf den Nutzer angepasst werden, verbessert sich nicht nur das Handling, sondern es f\u00f6rdert auch die richtige K\u00f6rperhaltung. Das \u00f6sterreichische Start-Up My Esel bietet seinen Kunden deshalb individuell abgestimmte und nachhaltig produzierte Fahrr\u00e4der. <\/p>\n","protected":false},"author":2910,"featured_media":0,"comment_status":"open","ping_status":"open","sticky":false,"template":"","format":"standard","meta":{"_acf_changed":false,"inline_featured_image":false,"footnotes":""},"categories":[1],"tags":[],"class_list":["post-359","post","type-post","status-publish","format-standard","hentry","category-fertigungsindustrie-der-zukunft"],"acf":[],"yoast_head":"<!-- This site is optimized with the Yoast SEO plugin v27.3 - https:\/\/yoast.com\/product\/yoast-seo-wordpress\/ -->\n<title>Algorithmus designt ma\u00dfgeschneiderte Fahrr\u00e4der aus Holz - Autodesk Presse-Center Deutschland<\/title>\n<meta name=\"robots\" content=\"index, follow, max-snippet:-1, max-image-preview:large, max-video-preview:-1\" \/>\n<link rel=\"canonical\" href=\"https:\/\/blogs.autodesk.com\/presse-center-deutschland\/2018\/04\/26\/my-esel\/\" \/>\n<meta property=\"og:locale\" content=\"en_US\" \/>\n<meta property=\"og:type\" content=\"article\" \/>\n<meta property=\"og:title\" content=\"Algorithmus designt ma\u00dfgeschneiderte Fahrr\u00e4der aus Holz - Autodesk Presse-Center Deutschland\" \/>\n<meta property=\"og:description\" content=\"Wenn Sportger\u00e4te speziell auf den Nutzer angepasst werden, verbessert sich nicht nur das Handling, sondern es f\u00f6rdert auch die richtige K\u00f6rperhaltung. Das \u00f6sterreichische Start-Up My Esel bietet seinen Kunden deshalb individuell abgestimmte und nachhaltig produzierte Fahrr\u00e4der.\" \/>\n<meta property=\"og:url\" content=\"https:\/\/blogs.autodesk.com\/presse-center-deutschland\/2018\/04\/26\/my-esel\/\" \/>\n<meta property=\"og:site_name\" content=\"Autodesk Presse-Center Deutschland\" \/>\n<meta property=\"article:published_time\" content=\"2018-04-26T08:54:17+00:00\" \/>\n<meta property=\"article:modified_time\" content=\"2019-03-18T09:38:45+00:00\" \/>\n<meta property=\"og:image\" content=\"https:\/\/blogs.autodesk.com\/presse-center-deutschland\/wp-content\/uploads\/sites\/93\/2018\/04\/Autodesk_My-Esel-2_Detail-150x150.jpg\" \/>\n<meta name=\"author\" content=\"Andr\u00e9 Pechmann\" \/>\n<meta name=\"twitter:card\" content=\"summary_large_image\" \/>\n<meta name=\"twitter:creator\" content=\"@drbeckmann\" \/>\n<meta name=\"twitter:label1\" content=\"Written by\" \/>\n\t<meta name=\"twitter:data1\" content=\"Andr\u00e9 Pechmann\" \/>\n\t<meta name=\"twitter:label2\" content=\"Est. reading time\" \/>\n\t<meta name=\"twitter:data2\" content=\"2 minutes\" \/>\n<script type=\"application\/ld+json\" class=\"yoast-schema-graph\">{\"@context\":\"https:\\\/\\\/schema.org\",\"@graph\":[{\"@type\":\"Article\",\"@id\":\"https:\\\/\\\/blogs.autodesk.com\\\/presse-center-deutschland\\\/2018\\\/04\\\/26\\\/my-esel\\\/#article\",\"isPartOf\":{\"@id\":\"https:\\\/\\\/blogs.autodesk.com\\\/presse-center-deutschland\\\/2018\\\/04\\\/26\\\/my-esel\\\/\"},\"author\":{\"name\":\"Andr\u00e9 Pechmann\",\"@id\":\"https:\\\/\\\/blogs.autodesk.com\\\/presse-center-deutschland\\\/#\\\/schema\\\/person\\\/9a01d971738fb64cd6681c8f9409709b\"},\"headline\":\"Algorithmus designt ma\u00dfgeschneiderte Fahrr\u00e4der aus Holz\",\"datePublished\":\"2018-04-26T08:54:17+00:00\",\"dateModified\":\"2019-03-18T09:38:45+00:00\",\"mainEntityOfPage\":{\"@id\":\"https:\\\/\\\/blogs.autodesk.com\\\/presse-center-deutschland\\\/2018\\\/04\\\/26\\\/my-esel\\\/\"},\"wordCount\":335,\"commentCount\":0,\"image\":{\"@id\":\"https:\\\/\\\/blogs.autodesk.com\\\/presse-center-deutschland\\\/2018\\\/04\\\/26\\\/my-esel\\\/#primaryimage\"},\"thumbnailUrl\":\"https:\\\/\\\/blogs.autodesk.com\\\/presse-center-deutschland\\\/wp-content\\\/uploads\\\/sites\\\/93\\\/2018\\\/04\\\/Autodesk_My-Esel-2_Detail-150x150.jpg\",\"articleSection\":[\"Fertigungsindustrie der Zukunft\"],\"inLanguage\":\"en-US\",\"potentialAction\":[{\"@type\":\"CommentAction\",\"name\":\"Comment\",\"target\":[\"https:\\\/\\\/blogs.autodesk.com\\\/presse-center-deutschland\\\/2018\\\/04\\\/26\\\/my-esel\\\/#respond\"]}]},{\"@type\":\"WebPage\",\"@id\":\"https:\\\/\\\/blogs.autodesk.com\\\/presse-center-deutschland\\\/2018\\\/04\\\/26\\\/my-esel\\\/\",\"url\":\"https:\\\/\\\/blogs.autodesk.com\\\/presse-center-deutschland\\\/2018\\\/04\\\/26\\\/my-esel\\\/\",\"name\":\"Algorithmus designt ma\u00dfgeschneiderte Fahrr\u00e4der aus Holz - Autodesk Presse-Center Deutschland\",\"isPartOf\":{\"@id\":\"https:\\\/\\\/blogs.autodesk.com\\\/presse-center-deutschland\\\/#website\"},\"primaryImageOfPage\":{\"@id\":\"https:\\\/\\\/blogs.autodesk.com\\\/presse-center-deutschland\\\/2018\\\/04\\\/26\\\/my-esel\\\/#primaryimage\"},\"image\":{\"@id\":\"https:\\\/\\\/blogs.autodesk.com\\\/presse-center-deutschland\\\/2018\\\/04\\\/26\\\/my-esel\\\/#primaryimage\"},\"thumbnailUrl\":\"https:\\\/\\\/blogs.autodesk.com\\\/presse-center-deutschland\\\/wp-content\\\/uploads\\\/sites\\\/93\\\/2018\\\/04\\\/Autodesk_My-Esel-2_Detail-150x150.jpg\",\"datePublished\":\"2018-04-26T08:54:17+00:00\",\"dateModified\":\"2019-03-18T09:38:45+00:00\",\"author\":{\"@id\":\"https:\\\/\\\/blogs.autodesk.com\\\/presse-center-deutschland\\\/#\\\/schema\\\/person\\\/9a01d971738fb64cd6681c8f9409709b\"},\"breadcrumb\":{\"@id\":\"https:\\\/\\\/blogs.autodesk.com\\\/presse-center-deutschland\\\/2018\\\/04\\\/26\\\/my-esel\\\/#breadcrumb\"},\"inLanguage\":\"en-US\",\"potentialAction\":[{\"@type\":\"ReadAction\",\"target\":[\"https:\\\/\\\/blogs.autodesk.com\\\/presse-center-deutschland\\\/2018\\\/04\\\/26\\\/my-esel\\\/\"]}]},{\"@type\":\"ImageObject\",\"inLanguage\":\"en-US\",\"@id\":\"https:\\\/\\\/blogs.autodesk.com\\\/presse-center-deutschland\\\/2018\\\/04\\\/26\\\/my-esel\\\/#primaryimage\",\"url\":\"https:\\\/\\\/blogs.autodesk.com\\\/presse-center-deutschland\\\/wp-content\\\/uploads\\\/sites\\\/93\\\/2018\\\/04\\\/Autodesk_My-Esel-2_Detail.jpg\",\"contentUrl\":\"https:\\\/\\\/blogs.autodesk.com\\\/presse-center-deutschland\\\/wp-content\\\/uploads\\\/sites\\\/93\\\/2018\\\/04\\\/Autodesk_My-Esel-2_Detail.jpg\",\"width\":5184,\"height\":3456},{\"@type\":\"BreadcrumbList\",\"@id\":\"https:\\\/\\\/blogs.autodesk.com\\\/presse-center-deutschland\\\/2018\\\/04\\\/26\\\/my-esel\\\/#breadcrumb\",\"itemListElement\":[{\"@type\":\"ListItem\",\"position\":1,\"name\":\"Home\",\"item\":\"https:\\\/\\\/blogs.autodesk.com\\\/presse-center-deutschland\\\/\"},{\"@type\":\"ListItem\",\"position\":2,\"name\":\"Algorithmus designt ma\u00dfgeschneiderte Fahrr\u00e4der aus Holz\"}]},{\"@type\":\"WebSite\",\"@id\":\"https:\\\/\\\/blogs.autodesk.com\\\/presse-center-deutschland\\\/#website\",\"url\":\"https:\\\/\\\/blogs.autodesk.com\\\/presse-center-deutschland\\\/\",\"name\":\"Autodesk Presse-Center Deutschland\",\"description\":\"Just another Autodesk Blogs site\",\"potentialAction\":[{\"@type\":\"SearchAction\",\"target\":{\"@type\":\"EntryPoint\",\"urlTemplate\":\"https:\\\/\\\/blogs.autodesk.com\\\/presse-center-deutschland\\\/?s={search_term_string}\"},\"query-input\":{\"@type\":\"PropertyValueSpecification\",\"valueRequired\":true,\"valueName\":\"search_term_string\"}}],\"inLanguage\":\"en-US\"},{\"@type\":\"Person\",\"@id\":\"https:\\\/\\\/blogs.autodesk.com\\\/presse-center-deutschland\\\/#\\\/schema\\\/person\\\/9a01d971738fb64cd6681c8f9409709b\",\"name\":\"Andr\u00e9 Pechmann\",\"image\":{\"@type\":\"ImageObject\",\"inLanguage\":\"en-US\",\"@id\":\"https:\\\/\\\/blogs.autodesk.com\\\/presse-center-deutschland\\\/wp-content\\\/uploads\\\/sites\\\/93\\\/2022\\\/07\\\/19\\\/Autodesk-Logo.svg\",\"url\":\"https:\\\/\\\/blogs.autodesk.com\\\/presse-center-deutschland\\\/wp-content\\\/uploads\\\/sites\\\/93\\\/2022\\\/07\\\/19\\\/Autodesk-Logo.svg\",\"contentUrl\":\"https:\\\/\\\/blogs.autodesk.com\\\/presse-center-deutschland\\\/wp-content\\\/uploads\\\/sites\\\/93\\\/2022\\\/07\\\/19\\\/Autodesk-Logo.svg\",\"caption\":\"Andr\u00e9 Pechmann\"},\"sameAs\":[\"https:\\\/\\\/x.com\\\/drbeckmann\"],\"url\":\"https:\\\/\\\/blogs.autodesk.com\\\/presse-center-deutschland\\\/author\\\/andrepechmann\\\/\"}]}<\/script>\n<!-- \/ Yoast SEO plugin. -->","yoast_head_json":{"title":"Algorithmus designt ma\u00dfgeschneiderte Fahrr\u00e4der aus Holz - Autodesk Presse-Center Deutschland","robots":{"index":"index","follow":"follow","max-snippet":"max-snippet:-1","max-image-preview":"max-image-preview:large","max-video-preview":"max-video-preview:-1"},"canonical":"https:\/\/blogs.autodesk.com\/presse-center-deutschland\/2018\/04\/26\/my-esel\/","og_locale":"en_US","og_type":"article","og_title":"Algorithmus designt ma\u00dfgeschneiderte Fahrr\u00e4der aus Holz - Autodesk Presse-Center Deutschland","og_description":"Wenn Sportger\u00e4te speziell auf den Nutzer angepasst werden, verbessert sich nicht nur das Handling, sondern es f\u00f6rdert auch die richtige K\u00f6rperhaltung. Das \u00f6sterreichische Start-Up My Esel bietet seinen Kunden deshalb individuell abgestimmte und nachhaltig produzierte Fahrr\u00e4der.","og_url":"https:\/\/blogs.autodesk.com\/presse-center-deutschland\/2018\/04\/26\/my-esel\/","og_site_name":"Autodesk Presse-Center Deutschland","article_published_time":"2018-04-26T08:54:17+00:00","article_modified_time":"2019-03-18T09:38:45+00:00","og_image":[{"url":"https:\/\/blogs.autodesk.com\/presse-center-deutschland\/wp-content\/uploads\/sites\/93\/2018\/04\/Autodesk_My-Esel-2_Detail-150x150.jpg","type":"","width":"","height":""}],"author":"Andr\u00e9 Pechmann","twitter_card":"summary_large_image","twitter_creator":"@drbeckmann","twitter_misc":{"Written by":"Andr\u00e9 Pechmann","Est. reading time":"2 minutes"},"schema":{"@context":"https:\/\/schema.org","@graph":[{"@type":"Article","@id":"https:\/\/blogs.autodesk.com\/presse-center-deutschland\/2018\/04\/26\/my-esel\/#article","isPartOf":{"@id":"https:\/\/blogs.autodesk.com\/presse-center-deutschland\/2018\/04\/26\/my-esel\/"},"author":{"name":"Andr\u00e9 Pechmann","@id":"https:\/\/blogs.autodesk.com\/presse-center-deutschland\/#\/schema\/person\/9a01d971738fb64cd6681c8f9409709b"},"headline":"Algorithmus designt ma\u00dfgeschneiderte Fahrr\u00e4der aus Holz","datePublished":"2018-04-26T08:54:17+00:00","dateModified":"2019-03-18T09:38:45+00:00","mainEntityOfPage":{"@id":"https:\/\/blogs.autodesk.com\/presse-center-deutschland\/2018\/04\/26\/my-esel\/"},"wordCount":335,"commentCount":0,"image":{"@id":"https:\/\/blogs.autodesk.com\/presse-center-deutschland\/2018\/04\/26\/my-esel\/#primaryimage"},"thumbnailUrl":"https:\/\/blogs.autodesk.com\/presse-center-deutschland\/wp-content\/uploads\/sites\/93\/2018\/04\/Autodesk_My-Esel-2_Detail-150x150.jpg","articleSection":["Fertigungsindustrie der Zukunft"],"inLanguage":"en-US","potentialAction":[{"@type":"CommentAction","name":"Comment","target":["https:\/\/blogs.autodesk.com\/presse-center-deutschland\/2018\/04\/26\/my-esel\/#respond"]}]},{"@type":"WebPage","@id":"https:\/\/blogs.autodesk.com\/presse-center-deutschland\/2018\/04\/26\/my-esel\/","url":"https:\/\/blogs.autodesk.com\/presse-center-deutschland\/2018\/04\/26\/my-esel\/","name":"Algorithmus designt ma\u00dfgeschneiderte Fahrr\u00e4der aus Holz - Autodesk Presse-Center Deutschland","isPartOf":{"@id":"https:\/\/blogs.autodesk.com\/presse-center-deutschland\/#website"},"primaryImageOfPage":{"@id":"https:\/\/blogs.autodesk.com\/presse-center-deutschland\/2018\/04\/26\/my-esel\/#primaryimage"},"image":{"@id":"https:\/\/blogs.autodesk.com\/presse-center-deutschland\/2018\/04\/26\/my-esel\/#primaryimage"},"thumbnailUrl":"https:\/\/blogs.autodesk.com\/presse-center-deutschland\/wp-content\/uploads\/sites\/93\/2018\/04\/Autodesk_My-Esel-2_Detail-150x150.jpg","datePublished":"2018-04-26T08:54:17+00:00","dateModified":"2019-03-18T09:38:45+00:00","author":{"@id":"https:\/\/blogs.autodesk.com\/presse-center-deutschland\/#\/schema\/person\/9a01d971738fb64cd6681c8f9409709b"},"breadcrumb":{"@id":"https:\/\/blogs.autodesk.com\/presse-center-deutschland\/2018\/04\/26\/my-esel\/#breadcrumb"},"inLanguage":"en-US","potentialAction":[{"@type":"ReadAction","target":["https:\/\/blogs.autodesk.com\/presse-center-deutschland\/2018\/04\/26\/my-esel\/"]}]},{"@type":"ImageObject","inLanguage":"en-US","@id":"https:\/\/blogs.autodesk.com\/presse-center-deutschland\/2018\/04\/26\/my-esel\/#primaryimage","url":"https:\/\/blogs.autodesk.com\/presse-center-deutschland\/wp-content\/uploads\/sites\/93\/2018\/04\/Autodesk_My-Esel-2_Detail.jpg","contentUrl":"https:\/\/blogs.autodesk.com\/presse-center-deutschland\/wp-content\/uploads\/sites\/93\/2018\/04\/Autodesk_My-Esel-2_Detail.jpg","width":5184,"height":3456},{"@type":"BreadcrumbList","@id":"https:\/\/blogs.autodesk.com\/presse-center-deutschland\/2018\/04\/26\/my-esel\/#breadcrumb","itemListElement":[{"@type":"ListItem","position":1,"name":"Home","item":"https:\/\/blogs.autodesk.com\/presse-center-deutschland\/"},{"@type":"ListItem","position":2,"name":"Algorithmus designt ma\u00dfgeschneiderte Fahrr\u00e4der aus Holz"}]},{"@type":"WebSite","@id":"https:\/\/blogs.autodesk.com\/presse-center-deutschland\/#website","url":"https:\/\/blogs.autodesk.com\/presse-center-deutschland\/","name":"Autodesk Presse-Center Deutschland","description":"Just another Autodesk Blogs site","potentialAction":[{"@type":"SearchAction","target":{"@type":"EntryPoint","urlTemplate":"https:\/\/blogs.autodesk.com\/presse-center-deutschland\/?s={search_term_string}"},"query-input":{"@type":"PropertyValueSpecification","valueRequired":true,"valueName":"search_term_string"}}],"inLanguage":"en-US"},{"@type":"Person","@id":"https:\/\/blogs.autodesk.com\/presse-center-deutschland\/#\/schema\/person\/9a01d971738fb64cd6681c8f9409709b","name":"Andr\u00e9 Pechmann","image":{"@type":"ImageObject","inLanguage":"en-US","@id":"https:\/\/blogs.autodesk.com\/presse-center-deutschland\/wp-content\/uploads\/sites\/93\/2022\/07\/19\/Autodesk-Logo.svg","url":"https:\/\/blogs.autodesk.com\/presse-center-deutschland\/wp-content\/uploads\/sites\/93\/2022\/07\/19\/Autodesk-Logo.svg","contentUrl":"https:\/\/blogs.autodesk.com\/presse-center-deutschland\/wp-content\/uploads\/sites\/93\/2022\/07\/19\/Autodesk-Logo.svg","caption":"Andr\u00e9 Pechmann"},"sameAs":["https:\/\/x.com\/drbeckmann"],"url":"https:\/\/blogs.autodesk.com\/presse-center-deutschland\/author\/andrepechmann\/"}]}},"_links":{"self":[{"href":"https:\/\/blogs.autodesk.com\/presse-center-deutschland\/wp-json\/wp\/v2\/posts\/359","targetHints":{"allow":["GET"]}}],"collection":[{"href":"https:\/\/blogs.autodesk.com\/presse-center-deutschland\/wp-json\/wp\/v2\/posts"}],"about":[{"href":"https:\/\/blogs.autodesk.com\/presse-center-deutschland\/wp-json\/wp\/v2\/types\/post"}],"author":[{"embeddable":true,"href":"https:\/\/blogs.autodesk.com\/presse-center-deutschland\/wp-json\/wp\/v2\/users\/2910"}],"replies":[{"embeddable":true,"href":"https:\/\/blogs.autodesk.com\/presse-center-deutschland\/wp-json\/wp\/v2\/comments?post=359"}],"version-history":[{"count":0,"href":"https:\/\/blogs.autodesk.com\/presse-center-deutschland\/wp-json\/wp\/v2\/posts\/359\/revisions"}],"wp:attachment":[{"href":"https:\/\/blogs.autodesk.com\/presse-center-deutschland\/wp-json\/wp\/v2\/media?parent=359"}],"wp:term":[{"taxonomy":"category","embeddable":true,"href":"https:\/\/blogs.autodesk.com\/presse-center-deutschland\/wp-json\/wp\/v2\/categories?post=359"},{"taxonomy":"post_tag","embeddable":true,"href":"https:\/\/blogs.autodesk.com\/presse-center-deutschland\/wp-json\/wp\/v2\/tags?post=359"}],"curies":[{"name":"wp","href":"https:\/\/api.w.org\/{rel}","templated":true}]}}