{"id":736,"date":"2026-03-26T16:48:00","date_gmt":"2026-03-26T14:48:00","guid":{"rendered":"https:\/\/blogs.autodesk.com\/presse-center-deutschland\/?p=736"},"modified":"2026-04-21T17:08:02","modified_gmt":"2026-04-21T15:08:02","slug":"wenn-fabriken-lernen-intelligente-produktion-mit-autodesk-auf-der-hannover-messe-2026","status":"publish","type":"post","link":"https:\/\/blogs.autodesk.com\/presse-center-deutschland\/2026\/03\/26\/wenn-fabriken-lernen-intelligente-produktion-mit-autodesk-auf-der-hannover-messe-2026\/","title":{"rendered":"Wenn Fabriken lernen: Intelligente Produktion mit Autodesk auf der Hannover Messe 2026"},"content":{"rendered":"\n<p><strong>Hannover \/ M\u00fcnchen, 26. M\u00e4rz 2026<\/strong> \u2013 Eine digitale Fabrikplanung allein reicht nicht mehr: Produktionsunternehmen in der DACH-Region stehen vor der Aufgabe, ihre Werke als vernetzte, lernende \u00d6kosysteme zu betreiben. Gleichzeitig ist KI aus der Fertigung nicht mehr wegzudenken. In vielen Produktionen geh\u00f6rt es heute zum Standard, dass Kameras Anomalien erkennen, generative Modelle Vorschl\u00e4ge liefern und Planungswerkzeuge Layouts optimieren. Ganz im Sinne des Leitthemas der diesj\u00e4hrigen Hannover Messe \u2013 \u201eTHINK TECH FORWARD\u201c \u2013 r\u00fcckt nun in der Produktion die n\u00e4chste Evolutionsstufe von KI in den Fokus: Systeme, die nicht mehr nur analysieren und planen, sondern auf Basis pr\u00e4ziser Weltmodelle aktiv in die reale Fertigung eingreifen und diese mitgestalten.<\/p>\n\n\n\n<p>Auf der Hannover Messe 2026 zeigt Autodesk, wie sich dieser Wandel gestalten l\u00e4sst. Am Stand <strong>E40 in Halle 17<\/strong> erleben Besuchende anhand konkreter Anwendungsf\u00e4lle, wie Autodesk mit seiner Design &amp; Make-Platform, der Branchen-Cloud&nbsp;<a href=\"https:\/\/www.autodesk.com\/de\/products\/fusion-360\/overview\">Fusion<\/a>, Autodesk AI, L\u00f6sungen wie <a href=\"https:\/\/www.autodesk.com\/products\/flexsim\/overview\">FlexSim<\/a> und <a href=\"https:\/\/intandem.autodesk.com\/\">Tandem<\/a> sowie digitalen Zwillingen und dem <a href=\"https:\/\/www.autodesk.com\/de\/solutions\/autodesk-ai\/autodesk-assistant\">Autodesk Assistant<\/a> den Schritt hin zu&nbsp;Physical AI&nbsp;vorbereitet.<\/p>\n\n\n\n<p><strong>Fusion als Industrie-Cloud: Die Br\u00fccke zwischen heute und morgen<\/strong><\/p>\n\n\n\n<p>Autodesk baut mit Fusiondas R\u00fcckgrat einer Industrie-Cloud f\u00fcr die Fertigung auf. Fusion vernetzt CAD, CAM, CAE, Leiterplattenentwicklung, Datenmanagement (PLM, PDM), MES-Funktionen, Automatisierungen und Funktionalit\u00e4ten der Autodesk KI in einer gemeinsamen Umgebung.<\/p>\n\n\n\n<p>F\u00fcr die DACH-Region ist dabei besonders wichtig:<\/p>\n\n\n\n<ul class=\"wp-block-list\"><\/ul>\n\n\n\n<ul class=\"wp-block-list\">\n<li><strong>Fusion<\/strong> ist keine Insel, sondern <strong>erg\u00e4nzt etablierte Werkzeuge<\/strong> wie Inventor und Vault. Kund:innen k\u00f6nnen bestehende Desktop-Workflows weiter nutzen und schrittweise Cloud- sowie KI-Funktionen hinzuf\u00fcgen. Zudem treten <strong>Fusion und Inventor als abgestimmtes \u00d6kosystem <\/strong>auf und punkten damit auch mit Blick aufInvestitionssicherheit und Vertrauen.<\/li>\n\n\n\n<li>Auf der Hannover Messe macht Autodesk greifbar, wie die <strong>Autodesk Product Design &amp; Manufacturing Collection als Gesamtpaket<\/strong> Mehrwerte von Konstruktion \u00fcber Simulation bis zur Anbindung an Fertigungs- und Betriebsprozesse stiftet.<\/li>\n<\/ul>\n\n\n\n<p><strong>Exponate: Von unbemannten Drohnen bis zum weltgr\u00f6\u00dften optischen Teleskop<\/strong><\/p>\n\n\n\n<p>Autodesk holt zentrale Zukunftsthemen mit konkreten Praxisbeispielen aus der Theorie in den Alltag. Zu den Exponaten z\u00e4hlen unter anderem ein Modell des <strong>Autodesk Technology Center<\/strong> im britischen Birmingham, unbemannte Luftfahrzeuge des Schweizer Herstellers <strong>SwissDrones<\/strong> sowie das <strong>ESO Extremely Large Telescope (ELT)<\/strong>, das weltweit gr\u00f6\u00dfte optische Teleskop.<\/p>\n\n\n\n<p><strong>Autodesk Technology Center: Blaupause f\u00fcr Fabrik\u2011Operations<\/strong><\/p>\n\n\n\n<p>Einer der Schwerpunkte am Autodesk-Stand ist in diesem Jahr das Modell des <a href=\"https:\/\/intandem.autodesk.com\/resource\/webinar-2026-january\/#recording\">Autodesk Technology Centers<\/a> in Birmingham. Er zeigt, wie sich Produktionsumgebungen heute digital abbilden sowie in Echtzeit \u00fcberwachen und steuern lassen. Mehr noch: Das Beispiel macht deutlich, wie digitale Zwillinge sich von reinen Visualisierungstools zu Trainingsumgebungen f\u00fcr KI in der Fertigung entwickeln. Damit wird sichtbar, wie sich aus einem digitalen Fabrikmodell ein operativer Leitstand entwickelt. Und wie diese Logik auf DACH-Werke \u00fcbertragbar ist, in denen Unternehmen schrittweise eigene, wiederholbare Beweise f\u00fcr den Nutzen digitaler Zwillinge aufbauen wollen. Autodesk liefert daf\u00fcr die Basis aus Geometrie, Simulation und operativem Kontext.<\/p>\n\n\n\n<p>Auf der Messe zeigen Autodesk-Experten, wie der digitale Zwilling:<\/p>\n\n\n\n<ul class=\"wp-block-list\">\n<li>Daten aus CNC-Maschinen, Sensoren, SCADA-Systemen und Facility-Plattformen b\u00fcndelt,<\/li>\n\n\n\n<li>Maschinenverf\u00fcgbarkeit und Auslastung transparent macht und<\/li>\n\n\n\n<li>Prozesskontrolle, Wartung und Compliance im laufenden Betrieb unterst\u00fctzt.<\/li>\n<\/ul>\n\n\n\n<p><strong>SwissDrones: Unbemannte Luftfahrzeuge f\u00fcr Inspektionen und Rettungsaktionen<\/strong><\/p>\n\n\n\n<p>Ein weiteres Highlight am Stand von Autodesk ist <a href=\"https:\/\/adsknews.autodesk.com\/en\/stories\/au25-swissdrones\/\">SwissDrones<\/a>. Anhand eines Drohnenmodells des Schweizer Unternehmens wird sichtbar, wie sich ein komplexes Luftfahrtsystem mit Autodesk-L\u00f6sungen entwickeln l\u00e4sst \u2013 von den ersten Konzeptskizzen \u00fcber detaillierte Simulationen bis hin zur Vorbereitung der Zulassung.<\/p>\n\n\n\n<p><strong>ESO ELT: Das weltgr\u00f6\u00dfte optische Teleskop in der chilenischen Atacama-W\u00fcste<\/strong><\/p>\n\n\n\n<p>Das Modell des ESO <a href=\"https:\/\/elt.eso.org\/\">Extremely Large Telescope (ELT)<\/a> \u2013 dem gr\u00f6\u00dften optischen Teleskop der Welt \u2013 zeigt, wie exakte 3D-Geometrie, durchg\u00e4ngige Daten und simulationsgest\u00fctzte Planung in einem der anspruchsvollsten Ingenieursprojekte zusammenwirken. Seit \u00fcber zehn Jahren setzt das European Southern Observatory (ESO) beim Bau in der chilenischen Atacama-W\u00fcste auf Autodesk-Technologien.<\/p>\n\n\n\n<p><strong>Weitere Anwendungsbeispiele und Gespr\u00e4chsthemen<\/strong><\/p>\n\n\n\n<p>Neben den vorgestellten Exponaten werden am Autodesk-Stand E40 in Halle 17 unter anderem folgende <strong>Anwendungsbeispiele<\/strong> pr\u00e4sentiert:<\/p>\n\n\n\n<ul class=\"wp-block-list\">\n<li>eine kompakte F\u00fcnf-Achs-CNC-Maschine von <strong>LBR Manufacturing<\/strong>, die durch eine Standardt\u00fcr passt und beispielhaft f\u00fcr neue Fertigungskonzepte steht. Das Team nutzt Autodesk Fusion durchg\u00e4ngig vom Design \u00fcber die Fertigungsintegration bis zur Steuerung.<\/li>\n\n\n\n<li>die digitalen Produktions- und Logistikprozesse der <strong>GEBHARDT Intralogistics Group<\/strong><\/li>\n\n\n\n<li>wie<strong> BioDapt<\/strong> die n\u00e4chste Generation von Sport-Prothesen entwickelt<\/li>\n\n\n\n<li>die digitale Inbetriebnahme des <strong>BMW Group Werks<\/strong> in Irlbach-Stra\u00dfkirchen<\/li>\n<\/ul>\n\n\n\n<p>Zus\u00e4tzlich nutzen die Experten vor Ort die Gelegenheit, um \u00fcber strategische Themen rund um <strong>k\u00fcnstliche Intelligenz<\/strong> zu sprechen, darunter:<\/p>\n\n\n\n<ul class=\"wp-block-list\">\n<li>die Weiterentwicklung von Autodesk AI, unterst\u00fctzt durch die strategische Investition in <a href=\"https:\/\/adsknews.autodesk.com\/en\/news\/autodesk-invests-in-world-labs\/\">World Labs<\/a> und deren Fokus auf Physical AI<\/li>\n\n\n\n<li>der <a href=\"https:\/\/eur03.safelinks.protection.outlook.com\/?url=https%3A%2F%2Fwww.autodesk.com%2Fde%2Fsolutions%2Fautodesk-ai%2Fautodesk-assistant&amp;data=05%7C02%7Cm.koch%40lhlk.de%7C0c70e30c3bb94d7e6e8a08de85c23ee6%7Cd56c62e6f17147dabbcd702f77026af0%7C1%7C0%7C639095266536859196%7CUnknown%7CTWFpbGZsb3d8eyJFbXB0eU1hcGkiOnRydWUsIlYiOiIwLjAuMDAwMCIsIlAiOiJXaW4zMiIsIkFOIjoiTWFpbCIsIldUIjoyfQ%3D%3D%7C0%7C%7C%7C&amp;sdata=VoU2ffLakquSkV%2Bbd4UtZpqRE8Jy5dIMbjGaKIkiQZY%3D&amp;reserved=0\">Autodesk-Assistant<\/a> integriert KI direkt in die Workflows von Design and Make. Er unterst\u00fctzt Teams dabei, Aufgaben effizient zu erledigen, Ergebnisse zu pr\u00fcfen und die Produktivit\u00e4t zu steigern, ohne dabei ihre Autdoesk-Tools verlassen zu m\u00fcssen.<\/li>\n<\/ul>\n\n\n\n<p><strong>\u00dcber Autodesk<\/strong><br>Autodesk ver\u00e4ndert, wie die Welt gestaltet wird. Unsere Technologie umfasst die Bereiche Architektur, Konstruktion, Produktdesign, Fertigung sowie Medien und Unterhaltung und unterst\u00fctzt Innovatoren weltweit, gro\u00dfe und kleine Herausforderungen zu meistern. Von gr\u00fcneren Geb\u00e4uden \u00fcber intelligentere Produkte bis hin zu fesselnden Blockbustern \u2013 die Software von Autodesk hilft unseren Kunden, eine bessere Welt f\u00fcr alle zu schaffen. Weitere Informationen finden Sie unter <a href=\"https:\/\/www.autodesk.de\/\">autodesk.de<\/a> oder \u00fcber X: <a href=\"mailto:@autodesk_de\">@autodesk<\/a>.<\/p>\n\n\n\n<p><strong>Pressekontakt:<\/strong><br>LHLK Agentur f\u00fcr Kommunikation GmbH<br><a href=\"mailto:autodesk@lhlk.de\">autodesk@lhlk.de<\/a><\/p>\n","protected":false},"excerpt":{"rendered":"<p>Hannover \/ M\u00fcnchen, 26. M\u00e4rz 2026 \u2013 Eine digitale Fabrikplanung allein reicht nicht mehr: Produktionsunternehmen in der DACH-Region stehen vor der Aufgabe, ihre Werke als vernetzte, lernende \u00d6kosysteme zu betreiben. Gleichzeitig ist KI aus der Fertigung nicht mehr wegzudenken. In vielen Produktionen geh\u00f6rt es heute zum Standard, dass Kameras Anomalien erkennen,<\/p>\n","protected":false},"author":69814,"featured_media":737,"comment_status":"open","ping_status":"open","sticky":false,"template":"","format":"standard","meta":{"_acf_changed":false,"inline_featured_image":false,"footnotes":""},"categories":[152,1,14],"tags":[101,161,153,179,181,182,173,180,183,184],"class_list":["post-736","post","type-post","status-publish","format-standard","has-post-thumbnail","hentry","category-digitale-transformation","category-fertigungsindustrie-der-zukunft","category-unternehmensmeldungen","tag-autodesk","tag-autodesk-ai","tag-autodesk-fusion","tag-design-and-make-platform","tag-digitale-fabrik","tag-digitale-zwillinge","tag-hannover-messe-2026","tag-intelligente-produktion","tag-physical-ai","tag-smart-manufacturing"],"acf":[],"yoast_head":"<!-- This site is optimized with the Yoast SEO plugin v27.3 - https:\/\/yoast.com\/product\/yoast-seo-wordpress\/ -->\n<title>Wenn Fabriken lernen: Intelligente Produktion mit Autodesk auf der Hannover Messe 2026 - Autodesk Presse-Center Deutschland<\/title>\n<meta name=\"robots\" content=\"index, follow, max-snippet:-1, max-image-preview:large, max-video-preview:-1\" \/>\n<link rel=\"canonical\" href=\"https:\/\/blogs.autodesk.com\/presse-center-deutschland\/2026\/03\/26\/wenn-fabriken-lernen-intelligente-produktion-mit-autodesk-auf-der-hannover-messe-2026\/\" \/>\n<meta property=\"og:locale\" content=\"en_US\" \/>\n<meta property=\"og:type\" content=\"article\" \/>\n<meta property=\"og:title\" content=\"Wenn Fabriken lernen: Intelligente Produktion mit Autodesk auf der Hannover Messe 2026 - Autodesk Presse-Center Deutschland\" \/>\n<meta property=\"og:description\" content=\"Hannover \/ M\u00fcnchen, 26. M\u00e4rz 2026 \u2013 Eine digitale Fabrikplanung allein reicht nicht mehr: Produktionsunternehmen in der DACH-Region stehen vor der Aufgabe, ihre Werke als vernetzte, lernende \u00d6kosysteme zu betreiben. Gleichzeitig ist KI aus der Fertigung nicht mehr wegzudenken. In vielen Produktionen geh\u00f6rt es heute zum Standard, dass Kameras Anomalien erkennen,\" \/>\n<meta property=\"og:url\" content=\"https:\/\/blogs.autodesk.com\/presse-center-deutschland\/2026\/03\/26\/wenn-fabriken-lernen-intelligente-produktion-mit-autodesk-auf-der-hannover-messe-2026\/\" \/>\n<meta property=\"og:site_name\" content=\"Autodesk Presse-Center Deutschland\" \/>\n<meta property=\"article:published_time\" content=\"2026-03-26T14:48:00+00:00\" \/>\n<meta property=\"article:modified_time\" content=\"2026-04-21T15:08:02+00:00\" \/>\n<meta property=\"og:image\" content=\"https:\/\/blogs.autodesk.com\/presse-center-deutschland\/wp-content\/uploads\/sites\/93\/2026\/04\/21\/Digital-Factory-c-Autodesk.jpg\" \/>\n\t<meta property=\"og:image:width\" content=\"1886\" \/>\n\t<meta property=\"og:image:height\" content=\"1231\" \/>\n\t<meta property=\"og:image:type\" content=\"image\/jpeg\" \/>\n<meta name=\"author\" content=\"Autodesk\" \/>\n<meta name=\"twitter:card\" content=\"summary_large_image\" \/>\n<meta name=\"twitter:label1\" content=\"Written by\" \/>\n\t<meta name=\"twitter:data1\" content=\"Autodesk\" \/>\n\t<meta name=\"twitter:label2\" content=\"Est. reading time\" \/>\n\t<meta name=\"twitter:data2\" content=\"4 minutes\" \/>\n<script type=\"application\/ld+json\" class=\"yoast-schema-graph\">{\"@context\":\"https:\\\/\\\/schema.org\",\"@graph\":[{\"@type\":\"Article\",\"@id\":\"https:\\\/\\\/blogs.autodesk.com\\\/presse-center-deutschland\\\/2026\\\/03\\\/26\\\/wenn-fabriken-lernen-intelligente-produktion-mit-autodesk-auf-der-hannover-messe-2026\\\/#article\",\"isPartOf\":{\"@id\":\"https:\\\/\\\/blogs.autodesk.com\\\/presse-center-deutschland\\\/2026\\\/03\\\/26\\\/wenn-fabriken-lernen-intelligente-produktion-mit-autodesk-auf-der-hannover-messe-2026\\\/\"},\"author\":{\"name\":\"Autodesk\",\"@id\":\"https:\\\/\\\/blogs.autodesk.com\\\/presse-center-deutschland\\\/#\\\/schema\\\/person\\\/399cd8069a97cdc1ff12db24804f2fb2\"},\"headline\":\"Wenn Fabriken lernen: Intelligente Produktion mit Autodesk auf der Hannover Messe 2026\",\"datePublished\":\"2026-03-26T14:48:00+00:00\",\"dateModified\":\"2026-04-21T15:08:02+00:00\",\"mainEntityOfPage\":{\"@id\":\"https:\\\/\\\/blogs.autodesk.com\\\/presse-center-deutschland\\\/2026\\\/03\\\/26\\\/wenn-fabriken-lernen-intelligente-produktion-mit-autodesk-auf-der-hannover-messe-2026\\\/\"},\"wordCount\":870,\"commentCount\":0,\"image\":{\"@id\":\"https:\\\/\\\/blogs.autodesk.com\\\/presse-center-deutschland\\\/2026\\\/03\\\/26\\\/wenn-fabriken-lernen-intelligente-produktion-mit-autodesk-auf-der-hannover-messe-2026\\\/#primaryimage\"},\"thumbnailUrl\":\"https:\\\/\\\/blogs.autodesk.com\\\/presse-center-deutschland\\\/wp-content\\\/uploads\\\/sites\\\/93\\\/2026\\\/04\\\/21\\\/Digital-Factory-c-Autodesk.jpg\",\"keywords\":[\"Autodesk\",\"Autodesk AI\",\"Autodesk Fusion\",\"Design and Make Platform\",\"digitale Fabrik\",\"digitale Zwillinge\",\"Hannover Messe 2026\",\"intelligente Produktion\",\"Physical AI\",\"Smart Manufacturing\"],\"articleSection\":[\"Digitale Transformation\",\"Fertigungsindustrie der Zukunft\",\"Unternehmensmeldungen\"],\"inLanguage\":\"en-US\",\"potentialAction\":[{\"@type\":\"CommentAction\",\"name\":\"Comment\",\"target\":[\"https:\\\/\\\/blogs.autodesk.com\\\/presse-center-deutschland\\\/2026\\\/03\\\/26\\\/wenn-fabriken-lernen-intelligente-produktion-mit-autodesk-auf-der-hannover-messe-2026\\\/#respond\"]}]},{\"@type\":\"WebPage\",\"@id\":\"https:\\\/\\\/blogs.autodesk.com\\\/presse-center-deutschland\\\/2026\\\/03\\\/26\\\/wenn-fabriken-lernen-intelligente-produktion-mit-autodesk-auf-der-hannover-messe-2026\\\/\",\"url\":\"https:\\\/\\\/blogs.autodesk.com\\\/presse-center-deutschland\\\/2026\\\/03\\\/26\\\/wenn-fabriken-lernen-intelligente-produktion-mit-autodesk-auf-der-hannover-messe-2026\\\/\",\"name\":\"Wenn Fabriken lernen: Intelligente Produktion mit Autodesk auf der Hannover Messe 2026 - Autodesk Presse-Center Deutschland\",\"isPartOf\":{\"@id\":\"https:\\\/\\\/blogs.autodesk.com\\\/presse-center-deutschland\\\/#website\"},\"primaryImageOfPage\":{\"@id\":\"https:\\\/\\\/blogs.autodesk.com\\\/presse-center-deutschland\\\/2026\\\/03\\\/26\\\/wenn-fabriken-lernen-intelligente-produktion-mit-autodesk-auf-der-hannover-messe-2026\\\/#primaryimage\"},\"image\":{\"@id\":\"https:\\\/\\\/blogs.autodesk.com\\\/presse-center-deutschland\\\/2026\\\/03\\\/26\\\/wenn-fabriken-lernen-intelligente-produktion-mit-autodesk-auf-der-hannover-messe-2026\\\/#primaryimage\"},\"thumbnailUrl\":\"https:\\\/\\\/blogs.autodesk.com\\\/presse-center-deutschland\\\/wp-content\\\/uploads\\\/sites\\\/93\\\/2026\\\/04\\\/21\\\/Digital-Factory-c-Autodesk.jpg\",\"datePublished\":\"2026-03-26T14:48:00+00:00\",\"dateModified\":\"2026-04-21T15:08:02+00:00\",\"author\":{\"@id\":\"https:\\\/\\\/blogs.autodesk.com\\\/presse-center-deutschland\\\/#\\\/schema\\\/person\\\/399cd8069a97cdc1ff12db24804f2fb2\"},\"breadcrumb\":{\"@id\":\"https:\\\/\\\/blogs.autodesk.com\\\/presse-center-deutschland\\\/2026\\\/03\\\/26\\\/wenn-fabriken-lernen-intelligente-produktion-mit-autodesk-auf-der-hannover-messe-2026\\\/#breadcrumb\"},\"inLanguage\":\"en-US\",\"potentialAction\":[{\"@type\":\"ReadAction\",\"target\":[\"https:\\\/\\\/blogs.autodesk.com\\\/presse-center-deutschland\\\/2026\\\/03\\\/26\\\/wenn-fabriken-lernen-intelligente-produktion-mit-autodesk-auf-der-hannover-messe-2026\\\/\"]}]},{\"@type\":\"ImageObject\",\"inLanguage\":\"en-US\",\"@id\":\"https:\\\/\\\/blogs.autodesk.com\\\/presse-center-deutschland\\\/2026\\\/03\\\/26\\\/wenn-fabriken-lernen-intelligente-produktion-mit-autodesk-auf-der-hannover-messe-2026\\\/#primaryimage\",\"url\":\"https:\\\/\\\/blogs.autodesk.com\\\/presse-center-deutschland\\\/wp-content\\\/uploads\\\/sites\\\/93\\\/2026\\\/04\\\/21\\\/Digital-Factory-c-Autodesk.jpg\",\"contentUrl\":\"https:\\\/\\\/blogs.autodesk.com\\\/presse-center-deutschland\\\/wp-content\\\/uploads\\\/sites\\\/93\\\/2026\\\/04\\\/21\\\/Digital-Factory-c-Autodesk.jpg\",\"width\":1886,\"height\":1231},{\"@type\":\"BreadcrumbList\",\"@id\":\"https:\\\/\\\/blogs.autodesk.com\\\/presse-center-deutschland\\\/2026\\\/03\\\/26\\\/wenn-fabriken-lernen-intelligente-produktion-mit-autodesk-auf-der-hannover-messe-2026\\\/#breadcrumb\",\"itemListElement\":[{\"@type\":\"ListItem\",\"position\":1,\"name\":\"Home\",\"item\":\"https:\\\/\\\/blogs.autodesk.com\\\/presse-center-deutschland\\\/\"},{\"@type\":\"ListItem\",\"position\":2,\"name\":\"Wenn Fabriken lernen: Intelligente Produktion mit Autodesk auf der Hannover Messe 2026\"}]},{\"@type\":\"WebSite\",\"@id\":\"https:\\\/\\\/blogs.autodesk.com\\\/presse-center-deutschland\\\/#website\",\"url\":\"https:\\\/\\\/blogs.autodesk.com\\\/presse-center-deutschland\\\/\",\"name\":\"Autodesk Presse-Center Deutschland\",\"description\":\"Just another Autodesk Blogs site\",\"potentialAction\":[{\"@type\":\"SearchAction\",\"target\":{\"@type\":\"EntryPoint\",\"urlTemplate\":\"https:\\\/\\\/blogs.autodesk.com\\\/presse-center-deutschland\\\/?s={search_term_string}\"},\"query-input\":{\"@type\":\"PropertyValueSpecification\",\"valueRequired\":true,\"valueName\":\"search_term_string\"}}],\"inLanguage\":\"en-US\"},{\"@type\":\"Person\",\"@id\":\"https:\\\/\\\/blogs.autodesk.com\\\/presse-center-deutschland\\\/#\\\/schema\\\/person\\\/399cd8069a97cdc1ff12db24804f2fb2\",\"name\":\"Autodesk\",\"image\":{\"@type\":\"ImageObject\",\"inLanguage\":\"en-US\",\"@id\":\"https:\\\/\\\/secure.gravatar.com\\\/avatar\\\/0ddf7257d37a9b5dfab029d1dbf93b0994c0069367872520d748595fc23e00d9?s=96&d=mm&r=g\",\"url\":\"https:\\\/\\\/secure.gravatar.com\\\/avatar\\\/0ddf7257d37a9b5dfab029d1dbf93b0994c0069367872520d748595fc23e00d9?s=96&d=mm&r=g\",\"contentUrl\":\"https:\\\/\\\/secure.gravatar.com\\\/avatar\\\/0ddf7257d37a9b5dfab029d1dbf93b0994c0069367872520d748595fc23e00d9?s=96&d=mm&r=g\",\"caption\":\"Autodesk\"},\"url\":\"https:\\\/\\\/blogs.autodesk.com\\\/presse-center-deutschland\\\/author\\\/autodesk\\\/\"}]}<\/script>\n<!-- \/ Yoast SEO plugin. -->","yoast_head_json":{"title":"Wenn Fabriken lernen: Intelligente Produktion mit Autodesk auf der Hannover Messe 2026 - Autodesk Presse-Center Deutschland","robots":{"index":"index","follow":"follow","max-snippet":"max-snippet:-1","max-image-preview":"max-image-preview:large","max-video-preview":"max-video-preview:-1"},"canonical":"https:\/\/blogs.autodesk.com\/presse-center-deutschland\/2026\/03\/26\/wenn-fabriken-lernen-intelligente-produktion-mit-autodesk-auf-der-hannover-messe-2026\/","og_locale":"en_US","og_type":"article","og_title":"Wenn Fabriken lernen: Intelligente Produktion mit Autodesk auf der Hannover Messe 2026 - Autodesk Presse-Center Deutschland","og_description":"Hannover \/ M\u00fcnchen, 26. M\u00e4rz 2026 \u2013 Eine digitale Fabrikplanung allein reicht nicht mehr: Produktionsunternehmen in der DACH-Region stehen vor der Aufgabe, ihre Werke als vernetzte, lernende \u00d6kosysteme zu betreiben. Gleichzeitig ist KI aus der Fertigung nicht mehr wegzudenken. In vielen Produktionen geh\u00f6rt es heute zum Standard, dass Kameras Anomalien erkennen,","og_url":"https:\/\/blogs.autodesk.com\/presse-center-deutschland\/2026\/03\/26\/wenn-fabriken-lernen-intelligente-produktion-mit-autodesk-auf-der-hannover-messe-2026\/","og_site_name":"Autodesk Presse-Center Deutschland","article_published_time":"2026-03-26T14:48:00+00:00","article_modified_time":"2026-04-21T15:08:02+00:00","og_image":[{"width":1886,"height":1231,"url":"https:\/\/blogs.autodesk.com\/presse-center-deutschland\/wp-content\/uploads\/sites\/93\/2026\/04\/21\/Digital-Factory-c-Autodesk.jpg","type":"image\/jpeg"}],"author":"Autodesk","twitter_card":"summary_large_image","twitter_misc":{"Written by":"Autodesk","Est. reading time":"4 minutes"},"schema":{"@context":"https:\/\/schema.org","@graph":[{"@type":"Article","@id":"https:\/\/blogs.autodesk.com\/presse-center-deutschland\/2026\/03\/26\/wenn-fabriken-lernen-intelligente-produktion-mit-autodesk-auf-der-hannover-messe-2026\/#article","isPartOf":{"@id":"https:\/\/blogs.autodesk.com\/presse-center-deutschland\/2026\/03\/26\/wenn-fabriken-lernen-intelligente-produktion-mit-autodesk-auf-der-hannover-messe-2026\/"},"author":{"name":"Autodesk","@id":"https:\/\/blogs.autodesk.com\/presse-center-deutschland\/#\/schema\/person\/399cd8069a97cdc1ff12db24804f2fb2"},"headline":"Wenn Fabriken lernen: Intelligente Produktion mit Autodesk auf der Hannover Messe 2026","datePublished":"2026-03-26T14:48:00+00:00","dateModified":"2026-04-21T15:08:02+00:00","mainEntityOfPage":{"@id":"https:\/\/blogs.autodesk.com\/presse-center-deutschland\/2026\/03\/26\/wenn-fabriken-lernen-intelligente-produktion-mit-autodesk-auf-der-hannover-messe-2026\/"},"wordCount":870,"commentCount":0,"image":{"@id":"https:\/\/blogs.autodesk.com\/presse-center-deutschland\/2026\/03\/26\/wenn-fabriken-lernen-intelligente-produktion-mit-autodesk-auf-der-hannover-messe-2026\/#primaryimage"},"thumbnailUrl":"https:\/\/blogs.autodesk.com\/presse-center-deutschland\/wp-content\/uploads\/sites\/93\/2026\/04\/21\/Digital-Factory-c-Autodesk.jpg","keywords":["Autodesk","Autodesk AI","Autodesk Fusion","Design and Make Platform","digitale Fabrik","digitale Zwillinge","Hannover Messe 2026","intelligente Produktion","Physical AI","Smart Manufacturing"],"articleSection":["Digitale Transformation","Fertigungsindustrie der Zukunft","Unternehmensmeldungen"],"inLanguage":"en-US","potentialAction":[{"@type":"CommentAction","name":"Comment","target":["https:\/\/blogs.autodesk.com\/presse-center-deutschland\/2026\/03\/26\/wenn-fabriken-lernen-intelligente-produktion-mit-autodesk-auf-der-hannover-messe-2026\/#respond"]}]},{"@type":"WebPage","@id":"https:\/\/blogs.autodesk.com\/presse-center-deutschland\/2026\/03\/26\/wenn-fabriken-lernen-intelligente-produktion-mit-autodesk-auf-der-hannover-messe-2026\/","url":"https:\/\/blogs.autodesk.com\/presse-center-deutschland\/2026\/03\/26\/wenn-fabriken-lernen-intelligente-produktion-mit-autodesk-auf-der-hannover-messe-2026\/","name":"Wenn Fabriken lernen: Intelligente Produktion mit Autodesk auf der Hannover Messe 2026 - Autodesk Presse-Center Deutschland","isPartOf":{"@id":"https:\/\/blogs.autodesk.com\/presse-center-deutschland\/#website"},"primaryImageOfPage":{"@id":"https:\/\/blogs.autodesk.com\/presse-center-deutschland\/2026\/03\/26\/wenn-fabriken-lernen-intelligente-produktion-mit-autodesk-auf-der-hannover-messe-2026\/#primaryimage"},"image":{"@id":"https:\/\/blogs.autodesk.com\/presse-center-deutschland\/2026\/03\/26\/wenn-fabriken-lernen-intelligente-produktion-mit-autodesk-auf-der-hannover-messe-2026\/#primaryimage"},"thumbnailUrl":"https:\/\/blogs.autodesk.com\/presse-center-deutschland\/wp-content\/uploads\/sites\/93\/2026\/04\/21\/Digital-Factory-c-Autodesk.jpg","datePublished":"2026-03-26T14:48:00+00:00","dateModified":"2026-04-21T15:08:02+00:00","author":{"@id":"https:\/\/blogs.autodesk.com\/presse-center-deutschland\/#\/schema\/person\/399cd8069a97cdc1ff12db24804f2fb2"},"breadcrumb":{"@id":"https:\/\/blogs.autodesk.com\/presse-center-deutschland\/2026\/03\/26\/wenn-fabriken-lernen-intelligente-produktion-mit-autodesk-auf-der-hannover-messe-2026\/#breadcrumb"},"inLanguage":"en-US","potentialAction":[{"@type":"ReadAction","target":["https:\/\/blogs.autodesk.com\/presse-center-deutschland\/2026\/03\/26\/wenn-fabriken-lernen-intelligente-produktion-mit-autodesk-auf-der-hannover-messe-2026\/"]}]},{"@type":"ImageObject","inLanguage":"en-US","@id":"https:\/\/blogs.autodesk.com\/presse-center-deutschland\/2026\/03\/26\/wenn-fabriken-lernen-intelligente-produktion-mit-autodesk-auf-der-hannover-messe-2026\/#primaryimage","url":"https:\/\/blogs.autodesk.com\/presse-center-deutschland\/wp-content\/uploads\/sites\/93\/2026\/04\/21\/Digital-Factory-c-Autodesk.jpg","contentUrl":"https:\/\/blogs.autodesk.com\/presse-center-deutschland\/wp-content\/uploads\/sites\/93\/2026\/04\/21\/Digital-Factory-c-Autodesk.jpg","width":1886,"height":1231},{"@type":"BreadcrumbList","@id":"https:\/\/blogs.autodesk.com\/presse-center-deutschland\/2026\/03\/26\/wenn-fabriken-lernen-intelligente-produktion-mit-autodesk-auf-der-hannover-messe-2026\/#breadcrumb","itemListElement":[{"@type":"ListItem","position":1,"name":"Home","item":"https:\/\/blogs.autodesk.com\/presse-center-deutschland\/"},{"@type":"ListItem","position":2,"name":"Wenn Fabriken lernen: Intelligente Produktion mit Autodesk auf der Hannover Messe 2026"}]},{"@type":"WebSite","@id":"https:\/\/blogs.autodesk.com\/presse-center-deutschland\/#website","url":"https:\/\/blogs.autodesk.com\/presse-center-deutschland\/","name":"Autodesk Presse-Center Deutschland","description":"Just another Autodesk Blogs site","potentialAction":[{"@type":"SearchAction","target":{"@type":"EntryPoint","urlTemplate":"https:\/\/blogs.autodesk.com\/presse-center-deutschland\/?s={search_term_string}"},"query-input":{"@type":"PropertyValueSpecification","valueRequired":true,"valueName":"search_term_string"}}],"inLanguage":"en-US"},{"@type":"Person","@id":"https:\/\/blogs.autodesk.com\/presse-center-deutschland\/#\/schema\/person\/399cd8069a97cdc1ff12db24804f2fb2","name":"Autodesk","image":{"@type":"ImageObject","inLanguage":"en-US","@id":"https:\/\/secure.gravatar.com\/avatar\/0ddf7257d37a9b5dfab029d1dbf93b0994c0069367872520d748595fc23e00d9?s=96&d=mm&r=g","url":"https:\/\/secure.gravatar.com\/avatar\/0ddf7257d37a9b5dfab029d1dbf93b0994c0069367872520d748595fc23e00d9?s=96&d=mm&r=g","contentUrl":"https:\/\/secure.gravatar.com\/avatar\/0ddf7257d37a9b5dfab029d1dbf93b0994c0069367872520d748595fc23e00d9?s=96&d=mm&r=g","caption":"Autodesk"},"url":"https:\/\/blogs.autodesk.com\/presse-center-deutschland\/author\/autodesk\/"}]}},"_links":{"self":[{"href":"https:\/\/blogs.autodesk.com\/presse-center-deutschland\/wp-json\/wp\/v2\/posts\/736","targetHints":{"allow":["GET"]}}],"collection":[{"href":"https:\/\/blogs.autodesk.com\/presse-center-deutschland\/wp-json\/wp\/v2\/posts"}],"about":[{"href":"https:\/\/blogs.autodesk.com\/presse-center-deutschland\/wp-json\/wp\/v2\/types\/post"}],"author":[{"embeddable":true,"href":"https:\/\/blogs.autodesk.com\/presse-center-deutschland\/wp-json\/wp\/v2\/users\/69814"}],"replies":[{"embeddable":true,"href":"https:\/\/blogs.autodesk.com\/presse-center-deutschland\/wp-json\/wp\/v2\/comments?post=736"}],"version-history":[{"count":0,"href":"https:\/\/blogs.autodesk.com\/presse-center-deutschland\/wp-json\/wp\/v2\/posts\/736\/revisions"}],"wp:featuredmedia":[{"embeddable":true,"href":"https:\/\/blogs.autodesk.com\/presse-center-deutschland\/wp-json\/wp\/v2\/media\/737"}],"wp:attachment":[{"href":"https:\/\/blogs.autodesk.com\/presse-center-deutschland\/wp-json\/wp\/v2\/media?parent=736"}],"wp:term":[{"taxonomy":"category","embeddable":true,"href":"https:\/\/blogs.autodesk.com\/presse-center-deutschland\/wp-json\/wp\/v2\/categories?post=736"},{"taxonomy":"post_tag","embeddable":true,"href":"https:\/\/blogs.autodesk.com\/presse-center-deutschland\/wp-json\/wp\/v2\/tags?post=736"}],"curies":[{"name":"wp","href":"https:\/\/api.w.org\/{rel}","templated":true}]}}