{"id":740,"date":"2026-04-08T16:52:00","date_gmt":"2026-04-08T14:52:00","guid":{"rendered":"https:\/\/blogs.autodesk.com\/presse-center-deutschland\/?p=740"},"modified":"2026-04-21T17:07:12","modified_gmt":"2026-04-21T15:07:12","slug":"autodesk-erweitert-forma-um-neues-building-design-tool-und-cloud-anbindung-an-revit","status":"publish","type":"post","link":"https:\/\/blogs.autodesk.com\/presse-center-deutschland\/2026\/04\/08\/autodesk-erweitert-forma-um-neues-building-design-tool-und-cloud-anbindung-an-revit\/","title":{"rendered":"Autodesk erweitert Forma um neues Building-Design-Tool und Cloud-Anbindung an Revit"},"content":{"rendered":"\n<p><strong>M\u00fcnchen, 08. April 2026<\/strong> \u2013&nbsp;Autodesk, Inc. (NASDAQ: ADSK) pr\u00e4sentiert eine Reihe neuer Funktionen f\u00fcr seine Forma-Industry-Cloud und das AEC-Portfolio. Die Updates helfen Anwendern, Projektergebnisse zu verbessern, Idee und Absicht hinter einem Entwurf inklusive Projektwissen konsistent \u00fcber den gesamten Lebenszyklus hinweg mitzunehmenund Teams entlang aller Phasen besser zu verbinden. Im Mittelpunkt stehen ein neues Tool f\u00fcr die schematische Geb\u00e4udeplanung, neue Cloud-Verbindungen zu Revit sowie KI-Unterst\u00fctzung direkt im Arbeitsfluss.<\/p>\n\n\n\n<p><strong>\u00dcberblick \u00fcber die Launches<\/strong><\/p>\n\n\n\n<p>F\u00fcr die AECO-Branche werden folgende Neuerungen ver\u00f6ffentlicht:<\/p>\n\n\n\n<p><strong>Autodesk Forma Building Design<\/strong><\/p>\n\n\n\n<p>Mit&nbsp;<a href=\"https:\/\/blogs.autodesk.com\/forma\/2026\/04\/07\/introduction-to-forma-building-design\/\"><strong>Autodesk Forma Building Design<\/strong><\/a> stellt Autodesk ein neues&nbsp;Design- und Analyseangebot speziell f\u00fcr die schematische Entwurfsphase&nbsp;vor. Es ist der erste Schritt, um fr\u00fche Geb\u00e4udeentw\u00fcrfe systematisch zu unterst\u00fctzen.<\/p>\n\n\n\n<p>In der fr\u00fchen Entwurfsphase fallen die wichtigsten Entscheidungen, gleichzeitig sto\u00dfen Teams hier oft an Grenzen: Viele Architekturb\u00fcros arbeiten mit Werkzeugen, die urspr\u00fcnglich f\u00fcr sp\u00e4tere Leistungsphasen entwickelt wurden. Das erschwert schnelle Variantenstudien und f\u00fchrt dazu, dass Entscheidungen in sp\u00e4teren Prozessphasen erneut rekonstruiert werden m\u00fcssen. Forma Building Designsetzt genau hier an und versetzt Planungsteams in die Lage, in wenigen Schritten lagebezogene Projektsets aufzusetzen: Sie definieren den realen Standort, legen die Rahmenbedingungen f\u00fcr das Grundst\u00fcck fest und erstellen darauf aufbauend unterschiedliche Geb\u00e4udeoptionen. Design-Automatisierungen unterst\u00fctzen bei der Anlage und Bearbeitung von&nbsp;Fassaden, Grundrissen und Einheiten. Leistungskennzahlen wie&nbsp;Tageslicht, Sonnenstunden und CO\u2082-Bilanz&nbsp;lassen sich direkt im Modell analysieren.<\/p>\n\n\n\n<p>Steht eine Entwurfsrichtung fest, werden Projekte als&nbsp;ebendiese georeferenzierte, native Revit-Modelle&nbsp;inklusive Standortkontext und Geb\u00e4udeelementen \u00fcbergeben. Das reduziert Doppelarbeit, erh\u00e4lt die urspr\u00fcngliche Entwurfsintention und verk\u00fcrzt den Weg in die detaillierte Planung. Der Workflow ist bewusst komplement\u00e4r angelegt:&nbsp;Forma Building Design f\u00fcr Exploration und Entscheidungsfindung, Revit f\u00fcr Ausarbeitung und Dokumentation. Autodesk plant Forma Building Design in den kommenden Releases um weitere leistungsf\u00e4hige Funktionen zu erweitern.<\/p>\n\n\n\n<p>Forma Building Design&nbsp;ist ab sofort&nbsp;f\u00fcr alle Revit- und AEC Collection-Abonnenten&nbsp;verf\u00fcgbar.<\/p>\n\n\n\n<p>F\u00fcr eine vertiefte Bewertung der Klimawirkung steht&nbsp;<a href=\"https:\/\/www.autodesk.com\/blogs\/aec\/2026\/04\/07\/introducing-forma-carbon-insights-collaborative-total-carbon-analysis\/\"><strong>Forma Carbon Insights<\/strong><\/a> jetzt sowohl in&nbsp;Forma Building Design&nbsp;als auch in&nbsp;Revit&nbsp;zur Verf\u00fcgung. Teams k\u00f6nnen damit CO\u2082-Auswirkungen bereits in fr\u00fchen Entwurfsphasen besser verstehen und diese Erkenntnisse in die detaillierte Planung \u00fcbertragen \u2013 ein wichtiger Baustein f\u00fcr fundierte Nachhaltigkeitsentscheidungen und die Reduktion des gesamten CO\u2082-Fu\u00dfabdrucks von Geb\u00e4uden.<\/p>\n\n\n\n<p>Weitere Informationen zu Forma Building Design erhalten Sie in diesem <a href=\"https:\/\/www.youtube.com\/watch?v=7xAua7_IIJA\">Video<\/a>.<\/p>\n\n\n\n<p><strong>Revit als erster Forma Connected Client<\/strong><\/p>\n\n\n\n<p>Autodesk&nbsp;f\u00fchrt mit dem aktuellen Launch <strong>Revit als ersten \u201eForma Connected Client\u201c<\/strong>&nbsp;ein, zun\u00e4chst in einer&nbsp;Tech Preview.<\/p>\n\n\n\n<p>Die Bezeichnung \u201eConnected Client\u201c steht f\u00fcr eine&nbsp;tiefere Integration zwischen Desktop-Anwendungen und der Forma-Industry-Cloud. Planungs- und Projektteams k\u00f6nnen weiterhin in den vertrauten Werkzeugen arbeiten und gleichzeitig auf&nbsp;Cloud-basierte, vernetzte Workflows&nbsp;zugreifen. Mit der Tech Preview k\u00f6nnen Teams&nbsp;Daten aus Forma Site Design und Forma Building Design direkt ohne manuelle Datei-Exporte in Revit \u00fcbertragen. Das reduziert Nacharbeit und hilft, Entw\u00fcrfe sauber abgestimmt weiterzuentwickeln. Kontextinformationen aus dem&nbsp;Forma Data Marketplace&nbsp;lassen sich mit wenigen Klicks einbinden, Umweltanalysen&nbsp;k\u00f6nnen direkt in Revit durchgef\u00fchrt werden.<\/p>\n\n\n\n<p>Die Einf\u00fchrung von Revit als ersten Forma Connected Client ist ein wichtiger Schritt innerhalb der Forma Connected Clients-Initiative, die in den kommenden Monaten auf weitere Desktop-L\u00f6sungen ausgeweitet werden soll.<\/p>\n\n\n\n<p>Alle&nbsp;<strong>Revit-Abonnenten<\/strong>&nbsp;erhalten au\u00dferdem Zugriff auf&nbsp;<strong>Forma Site Design, Forma Building Design, Forma Board<\/strong>&nbsp;und&nbsp;<strong>Forma Data Management Essentials<\/strong>. Damit stehen KI-gest\u00fctzte Planung, fr\u00fche Geb\u00e4udeentw\u00fcrfe, visuelle Kollaboration und vernetzte Daten-Workflows in einem deutlich einheitlicheren Nutzungserlebnis zur Verf\u00fcgung.<\/p>\n\n\n\n<p>Weitere Vorteile f\u00fcr Abonnentinnen und Abonnenten:<\/p>\n\n\n\n<ul class=\"wp-block-list\">\n<li>Forma Data Management Essentials ist jetzt auch f\u00fcr Einzel-Abonnements von AutoCAD, Revit und Civil 3D verf\u00fcgbar. Die L\u00f6sung bietet einen kostenfreien Einstieg in die Arbeit mit gemeinsamen, stets aktuellen Projektdaten und verbessert die Koordination vom Projektstart an auch f\u00fcr Teams, die bislang \u00fcberwiegend mit Desktop-Anwendungen arbeiten.<\/li>\n\n\n\n<li>Forma Board ist nun sowohl in Forma Data Management als auch in Forma Data Management Essentials enthalten. Teams k\u00f6nnen damit in jeder Projektphase von der fr\u00fchen Entwurfsphase bis zur Auslieferung visuell zusammenarbeiten, Feedback b\u00fcndeln und Projektkontext an einem Ort halten.<\/li>\n\n\n\n<li>Perspektivisch werden KI-gest\u00fctzte Rendering-Funktionen in Forma Board erm\u00f6glichen, Entwurfsideen aus Skizzen und Bildern zu veranschaulichen und Varianten bei Lichtstimmung, Farben und Materialien leichter zu vergleichen.<\/li>\n<\/ul>\n\n\n\n<p><strong>Autodesk Assistant: KI-Unterst\u00fctzung im Arbeitsfluss<\/strong><\/p>\n\n\n\n<p>Im Bereich&nbsp;K\u00fcnstliche Intelligenz&nbsp;baut Autodesk seine L\u00f6sungen f\u00fcr die AECO-Branche weiter aus. Ziel ist es,&nbsp;KI-Unterst\u00fctzung und Insights dort bereitzustellen, wo Fachkr\u00e4fte t\u00e4glich arbeiten.<\/p>\n\n\n\n<p>Mit dem&nbsp;<strong>Autodesk Assistant<\/strong> erhalten Anwender ab sofort deshalb&nbsp;kontextbezogene KI-Unterst\u00fctzung direkt in Revit. Der Autodesk Assistant ist darauf ausgelegt, mit konkreten Modellen, Workflows und branchenspezifischem Kontext zu arbeiten. Er kann nicht nur Fragen beantworten, sondern auch Aufgaben ausf\u00fchren und&nbsp;Aktionen \u00fcber verschiedene Produkte hinweg orchestrieren.<\/p>\n\n\n\n<p>Der Rollout des Autodesk Assistant wird schrittweise auf das gesamte&nbsp;AEC-Portfolio&nbsp;ausgeweitet. In einer&nbsp;Tech Preview&nbsp;stehen entsprechende Funktionen jetzt auch in&nbsp;AutoCAD, Civil 3D und InfoWater Pro&nbsp;zur Verf\u00fcgung. Sie liefern intelligente, in den Arbeitsfluss integrierte Unterst\u00fctzungsoptionen, helfen, Probleme fr\u00fcher zu erkennen und versetzen Teams in die Lage,&nbsp;Konsistenz und Qualit\u00e4t&nbsp;ihrer Entw\u00fcrfe zu sichern.<\/p>\n\n\n\n<p><strong>Weitere Verbesserungen im AEC-Portfolio<\/strong><\/p>\n\n\n\n<p>Neben den Neuerungen in Forma und Revit stellt Autodesk weitere Verbesserungenvor, die vernetzte Workflows im AEC-Portfolio st\u00e4rken:<\/p>\n\n\n\n<p>In&nbsp;<a href=\"https:\/\/www.autodesk.com\/blogs\/autocad\/autocad-2027\/\"><strong>AutoCAD<\/strong><\/a> f\u00fchrt Autodesk mit&nbsp;<strong>Checkout<\/strong>&nbsp;einen neuen Ansatz f\u00fcr die Zusammenarbeit an&nbsp;gemeinsamen DWG-Dateien&nbsp;innerhalb von Forma Data Management ein. Anstatt komplette Zeichnungen zu sperren, k\u00f6nnen Anwender nur die Geometrie reservieren, die sie bearbeiten m\u00f6chten, in parallelen, isolierten Bearbeitungsumgebungen arbeiten und \u00c4nderungen anschlie\u00dfend sicher in die zentrale Datei zur\u00fcckf\u00fchren. So lassen sich Konflikte reduzieren, w\u00e4hrend Kontrolle und Nachvollziehbarkeit erhalten bleiben.<\/p>\n\n\n\n<p>In&nbsp;<a href=\"https:\/\/www.autodesk.com\/blogs\/aec\/2026\/04\/02\/whats-new-in-civil-3d-2027\/\"><strong>Civil 3D<\/strong><\/a> zielen die Verbesserungen auf eine&nbsp;schnellere, datenbasierte Infrastrukturplanung ab. Optimierte Performance, intelligente Automatisierungen und Insights, die von&nbsp;Autodesk AI&nbsp;unterst\u00fctzt werden, sollen Planer entlasten. Dazu geh\u00f6rt beispielsweise die&nbsp;<strong>Horizontal Regression Analysis<\/strong>, die nun vortrainierte, ML-gest\u00fctzte Erkennungsmethoden nutzen kann und konsistente Trassierungsergebnisse f\u00fcr lineare Infrastrukturen liefert.<\/p>\n\n\n\n<p>Bei den L\u00f6sungen f\u00fcr die Wasserwirtschaft&nbsp;treibt Autodesk die&nbsp;<strong>Integration mit Esri<\/strong>&nbsp;weiter voran. Esri fungiert k\u00fcnftig als&nbsp;GIS-System of Record&nbsp;f\u00fcr&nbsp;<strong>Info360 Asset<\/strong>&nbsp;und&nbsp;<strong>Info360 Insight<\/strong>. Versorgungsunternehmen profitieren von einer&nbsp;einheitlichen, verl\u00e4sslichen Datenbasis, m\u00fcssen weniger Datens\u00e4tze abgleichen und k\u00f6nnen die Datenintegrit\u00e4t in Planung und Betrieb verbessern.<\/p>\n\n\n\n<p>Mit&nbsp;<strong>Network Design in InfoWorks ICM<\/strong>&nbsp;h\u00e4lt zudem ein durchg\u00e4ngiger Workflow Einzug, der&nbsp;catchment-weite Netzplanung und Analyse in einer gemeinsamen Umgebung&nbsp;zusammenf\u00fchrt. Regen- und Abwassernetze lassen sich damit in einem einzigen Workflow planen, \u00fcberpr\u00fcfen und validieren.<\/p>\n\n\n\n<p><strong>\u00dcber Autodesk<\/strong><br>Autodesk ver\u00e4ndert, wie die Welt gestaltet wird. Unsere Technologie umfasst die Bereiche Architektur, Konstruktion, Produktdesign, Fertigung sowie Medien und Unterhaltung und unterst\u00fctzt Innovatoren weltweit, gro\u00dfe und kleine Herausforderungen zu meistern. Von gr\u00fcneren Geb\u00e4uden \u00fcber intelligentere Produkte bis hin zu fesselnden Blockbustern \u2013 die Software von Autodesk hilft unseren Kunden, eine bessere Welt f\u00fcr alle zu schaffen. Weitere Informationen finden Sie unter <a href=\"https:\/\/www.autodesk.de\/\">autodesk.de<\/a> oder \u00fcber X: <a href=\"mailto:@autodesk_de\">@autodesk<\/a>.<\/p>\n\n\n\n<p><strong>Pressekontakt:<\/strong><br>LHLK Agentur f\u00fcr Kommunikation GmbH<br><a href=\"mailto:autodesk@lhlk.de\">autodesk@lhlk.de<\/a><\/p>\n","protected":false},"excerpt":{"rendered":"<p>M\u00fcnchen, 08. April 2026 \u2013&nbsp;Autodesk, Inc. (NASDAQ: ADSK) pr\u00e4sentiert eine Reihe neuer Funktionen f\u00fcr seine Forma-Industry-Cloud und das AEC-Portfolio. Die Updates helfen Anwendern, Projektergebnisse zu verbessern, Idee und Absicht hinter einem Entwurf inklusive Projektwissen konsistent \u00fcber den gesamten Lebenszyklus hinweg mitzunehmenund Teams entlang aller Phasen besser zu verbinden. Im Mittelpunkt stehen ein neues Tool f\u00fcr die schematische Geb\u00e4udeplanung,<\/p>\n","protected":false},"author":69814,"featured_media":741,"comment_status":"open","ping_status":"open","sticky":true,"template":"","format":"standard","meta":{"_acf_changed":false,"inline_featured_image":false,"footnotes":""},"categories":[9,152,14],"tags":[28,101,174,27,177,175,176,88,178,86],"class_list":["post-740","post","type-post","status-publish","format-standard","has-post-thumbnail","hentry","category-digitale-bauindustrie","category-digitale-transformation","category-unternehmensmeldungen","tag-aec","tag-autodesk","tag-autodesk-forma","tag-bim","tag-cloud-workflows","tag-forma-building-design","tag-gebaudedesign","tag-kunstliche-intelligenz","tag-planungssoftware","tag-revit"],"acf":[],"yoast_head":"<!-- This site is optimized with the Yoast SEO plugin v27.3 - https:\/\/yoast.com\/product\/yoast-seo-wordpress\/ -->\n<title>Autodesk erweitert Forma um neues Building-Design-Tool und Cloud-Anbindung an Revit - Autodesk Presse-Center Deutschland<\/title>\n<meta name=\"robots\" content=\"index, follow, max-snippet:-1, max-image-preview:large, max-video-preview:-1\" \/>\n<link rel=\"canonical\" href=\"https:\/\/blogs.autodesk.com\/presse-center-deutschland\/2026\/04\/08\/autodesk-erweitert-forma-um-neues-building-design-tool-und-cloud-anbindung-an-revit\/\" \/>\n<meta property=\"og:locale\" content=\"en_US\" \/>\n<meta property=\"og:type\" content=\"article\" \/>\n<meta property=\"og:title\" content=\"Autodesk erweitert Forma um neues Building-Design-Tool und Cloud-Anbindung an Revit - Autodesk Presse-Center Deutschland\" \/>\n<meta property=\"og:description\" content=\"M\u00fcnchen, 08. April 2026 \u2013&nbsp;Autodesk, Inc. (NASDAQ: ADSK) pr\u00e4sentiert eine Reihe neuer Funktionen f\u00fcr seine Forma-Industry-Cloud und das AEC-Portfolio. Die Updates helfen Anwendern, Projektergebnisse zu verbessern, Idee und Absicht hinter einem Entwurf inklusive Projektwissen konsistent \u00fcber den gesamten Lebenszyklus hinweg mitzunehmenund Teams entlang aller Phasen besser zu verbinden. Im Mittelpunkt stehen ein neues Tool f\u00fcr die schematische Geb\u00e4udeplanung,\" \/>\n<meta property=\"og:url\" content=\"https:\/\/blogs.autodesk.com\/presse-center-deutschland\/2026\/04\/08\/autodesk-erweitert-forma-um-neues-building-design-tool-und-cloud-anbindung-an-revit\/\" \/>\n<meta property=\"og:site_name\" content=\"Autodesk Presse-Center Deutschland\" \/>\n<meta property=\"article:published_time\" content=\"2026-04-08T14:52:00+00:00\" \/>\n<meta property=\"article:modified_time\" content=\"2026-04-21T15:07:12+00:00\" \/>\n<meta property=\"og:image\" content=\"https:\/\/blogs.autodesk.com\/presse-center-deutschland\/wp-content\/uploads\/sites\/93\/2026\/04\/21\/Header-Sun-Hour-Analysis-in-Forma-Building-Design-c-Autodesk.jpg\" \/>\n\t<meta property=\"og:image:width\" content=\"1920\" \/>\n\t<meta property=\"og:image:height\" content=\"1091\" \/>\n\t<meta property=\"og:image:type\" content=\"image\/jpeg\" \/>\n<meta name=\"author\" content=\"Autodesk\" \/>\n<meta name=\"twitter:card\" content=\"summary_large_image\" \/>\n<meta name=\"twitter:label1\" content=\"Written by\" \/>\n\t<meta name=\"twitter:data1\" content=\"Autodesk\" \/>\n\t<meta name=\"twitter:label2\" content=\"Est. reading time\" \/>\n\t<meta name=\"twitter:data2\" content=\"5 minutes\" \/>\n<script type=\"application\/ld+json\" class=\"yoast-schema-graph\">{\"@context\":\"https:\\\/\\\/schema.org\",\"@graph\":[{\"@type\":\"Article\",\"@id\":\"https:\\\/\\\/blogs.autodesk.com\\\/presse-center-deutschland\\\/2026\\\/04\\\/08\\\/autodesk-erweitert-forma-um-neues-building-design-tool-und-cloud-anbindung-an-revit\\\/#article\",\"isPartOf\":{\"@id\":\"https:\\\/\\\/blogs.autodesk.com\\\/presse-center-deutschland\\\/2026\\\/04\\\/08\\\/autodesk-erweitert-forma-um-neues-building-design-tool-und-cloud-anbindung-an-revit\\\/\"},\"author\":{\"name\":\"Autodesk\",\"@id\":\"https:\\\/\\\/blogs.autodesk.com\\\/presse-center-deutschland\\\/#\\\/schema\\\/person\\\/399cd8069a97cdc1ff12db24804f2fb2\"},\"headline\":\"Autodesk erweitert Forma um neues Building-Design-Tool und Cloud-Anbindung an Revit\",\"datePublished\":\"2026-04-08T14:52:00+00:00\",\"dateModified\":\"2026-04-21T15:07:12+00:00\",\"mainEntityOfPage\":{\"@id\":\"https:\\\/\\\/blogs.autodesk.com\\\/presse-center-deutschland\\\/2026\\\/04\\\/08\\\/autodesk-erweitert-forma-um-neues-building-design-tool-und-cloud-anbindung-an-revit\\\/\"},\"wordCount\":1263,\"commentCount\":0,\"image\":{\"@id\":\"https:\\\/\\\/blogs.autodesk.com\\\/presse-center-deutschland\\\/2026\\\/04\\\/08\\\/autodesk-erweitert-forma-um-neues-building-design-tool-und-cloud-anbindung-an-revit\\\/#primaryimage\"},\"thumbnailUrl\":\"https:\\\/\\\/blogs.autodesk.com\\\/presse-center-deutschland\\\/wp-content\\\/uploads\\\/sites\\\/93\\\/2026\\\/04\\\/21\\\/Header-Sun-Hour-Analysis-in-Forma-Building-Design-c-Autodesk.jpg\",\"keywords\":[\"AEC\",\"Autodesk\",\"Autodesk Forma\",\"BIM\",\"Cloud-Workflows\",\"Forma Building Design\",\"Geb\u00e4udedesign\",\"K\u00fcnstliche Intelligenz\",\"Planungssoftware\",\"Revit\"],\"articleSection\":[\"Digitale Bauindustrie\",\"Digitale Transformation\",\"Unternehmensmeldungen\"],\"inLanguage\":\"en-US\",\"potentialAction\":[{\"@type\":\"CommentAction\",\"name\":\"Comment\",\"target\":[\"https:\\\/\\\/blogs.autodesk.com\\\/presse-center-deutschland\\\/2026\\\/04\\\/08\\\/autodesk-erweitert-forma-um-neues-building-design-tool-und-cloud-anbindung-an-revit\\\/#respond\"]}]},{\"@type\":\"WebPage\",\"@id\":\"https:\\\/\\\/blogs.autodesk.com\\\/presse-center-deutschland\\\/2026\\\/04\\\/08\\\/autodesk-erweitert-forma-um-neues-building-design-tool-und-cloud-anbindung-an-revit\\\/\",\"url\":\"https:\\\/\\\/blogs.autodesk.com\\\/presse-center-deutschland\\\/2026\\\/04\\\/08\\\/autodesk-erweitert-forma-um-neues-building-design-tool-und-cloud-anbindung-an-revit\\\/\",\"name\":\"Autodesk erweitert Forma um neues Building-Design-Tool und Cloud-Anbindung an Revit - Autodesk Presse-Center Deutschland\",\"isPartOf\":{\"@id\":\"https:\\\/\\\/blogs.autodesk.com\\\/presse-center-deutschland\\\/#website\"},\"primaryImageOfPage\":{\"@id\":\"https:\\\/\\\/blogs.autodesk.com\\\/presse-center-deutschland\\\/2026\\\/04\\\/08\\\/autodesk-erweitert-forma-um-neues-building-design-tool-und-cloud-anbindung-an-revit\\\/#primaryimage\"},\"image\":{\"@id\":\"https:\\\/\\\/blogs.autodesk.com\\\/presse-center-deutschland\\\/2026\\\/04\\\/08\\\/autodesk-erweitert-forma-um-neues-building-design-tool-und-cloud-anbindung-an-revit\\\/#primaryimage\"},\"thumbnailUrl\":\"https:\\\/\\\/blogs.autodesk.com\\\/presse-center-deutschland\\\/wp-content\\\/uploads\\\/sites\\\/93\\\/2026\\\/04\\\/21\\\/Header-Sun-Hour-Analysis-in-Forma-Building-Design-c-Autodesk.jpg\",\"datePublished\":\"2026-04-08T14:52:00+00:00\",\"dateModified\":\"2026-04-21T15:07:12+00:00\",\"author\":{\"@id\":\"https:\\\/\\\/blogs.autodesk.com\\\/presse-center-deutschland\\\/#\\\/schema\\\/person\\\/399cd8069a97cdc1ff12db24804f2fb2\"},\"breadcrumb\":{\"@id\":\"https:\\\/\\\/blogs.autodesk.com\\\/presse-center-deutschland\\\/2026\\\/04\\\/08\\\/autodesk-erweitert-forma-um-neues-building-design-tool-und-cloud-anbindung-an-revit\\\/#breadcrumb\"},\"inLanguage\":\"en-US\",\"potentialAction\":[{\"@type\":\"ReadAction\",\"target\":[\"https:\\\/\\\/blogs.autodesk.com\\\/presse-center-deutschland\\\/2026\\\/04\\\/08\\\/autodesk-erweitert-forma-um-neues-building-design-tool-und-cloud-anbindung-an-revit\\\/\"]}]},{\"@type\":\"ImageObject\",\"inLanguage\":\"en-US\",\"@id\":\"https:\\\/\\\/blogs.autodesk.com\\\/presse-center-deutschland\\\/2026\\\/04\\\/08\\\/autodesk-erweitert-forma-um-neues-building-design-tool-und-cloud-anbindung-an-revit\\\/#primaryimage\",\"url\":\"https:\\\/\\\/blogs.autodesk.com\\\/presse-center-deutschland\\\/wp-content\\\/uploads\\\/sites\\\/93\\\/2026\\\/04\\\/21\\\/Header-Sun-Hour-Analysis-in-Forma-Building-Design-c-Autodesk.jpg\",\"contentUrl\":\"https:\\\/\\\/blogs.autodesk.com\\\/presse-center-deutschland\\\/wp-content\\\/uploads\\\/sites\\\/93\\\/2026\\\/04\\\/21\\\/Header-Sun-Hour-Analysis-in-Forma-Building-Design-c-Autodesk.jpg\",\"width\":1920,\"height\":1091},{\"@type\":\"BreadcrumbList\",\"@id\":\"https:\\\/\\\/blogs.autodesk.com\\\/presse-center-deutschland\\\/2026\\\/04\\\/08\\\/autodesk-erweitert-forma-um-neues-building-design-tool-und-cloud-anbindung-an-revit\\\/#breadcrumb\",\"itemListElement\":[{\"@type\":\"ListItem\",\"position\":1,\"name\":\"Home\",\"item\":\"https:\\\/\\\/blogs.autodesk.com\\\/presse-center-deutschland\\\/\"},{\"@type\":\"ListItem\",\"position\":2,\"name\":\"Autodesk erweitert Forma um neues Building-Design-Tool und Cloud-Anbindung an Revit\"}]},{\"@type\":\"WebSite\",\"@id\":\"https:\\\/\\\/blogs.autodesk.com\\\/presse-center-deutschland\\\/#website\",\"url\":\"https:\\\/\\\/blogs.autodesk.com\\\/presse-center-deutschland\\\/\",\"name\":\"Autodesk Presse-Center Deutschland\",\"description\":\"Just another Autodesk Blogs site\",\"potentialAction\":[{\"@type\":\"SearchAction\",\"target\":{\"@type\":\"EntryPoint\",\"urlTemplate\":\"https:\\\/\\\/blogs.autodesk.com\\\/presse-center-deutschland\\\/?s={search_term_string}\"},\"query-input\":{\"@type\":\"PropertyValueSpecification\",\"valueRequired\":true,\"valueName\":\"search_term_string\"}}],\"inLanguage\":\"en-US\"},{\"@type\":\"Person\",\"@id\":\"https:\\\/\\\/blogs.autodesk.com\\\/presse-center-deutschland\\\/#\\\/schema\\\/person\\\/399cd8069a97cdc1ff12db24804f2fb2\",\"name\":\"Autodesk\",\"image\":{\"@type\":\"ImageObject\",\"inLanguage\":\"en-US\",\"@id\":\"https:\\\/\\\/secure.gravatar.com\\\/avatar\\\/0ddf7257d37a9b5dfab029d1dbf93b0994c0069367872520d748595fc23e00d9?s=96&d=mm&r=g\",\"url\":\"https:\\\/\\\/secure.gravatar.com\\\/avatar\\\/0ddf7257d37a9b5dfab029d1dbf93b0994c0069367872520d748595fc23e00d9?s=96&d=mm&r=g\",\"contentUrl\":\"https:\\\/\\\/secure.gravatar.com\\\/avatar\\\/0ddf7257d37a9b5dfab029d1dbf93b0994c0069367872520d748595fc23e00d9?s=96&d=mm&r=g\",\"caption\":\"Autodesk\"},\"url\":\"https:\\\/\\\/blogs.autodesk.com\\\/presse-center-deutschland\\\/author\\\/autodesk\\\/\"}]}<\/script>\n<!-- \/ Yoast SEO plugin. -->","yoast_head_json":{"title":"Autodesk erweitert Forma um neues Building-Design-Tool und Cloud-Anbindung an Revit - Autodesk Presse-Center Deutschland","robots":{"index":"index","follow":"follow","max-snippet":"max-snippet:-1","max-image-preview":"max-image-preview:large","max-video-preview":"max-video-preview:-1"},"canonical":"https:\/\/blogs.autodesk.com\/presse-center-deutschland\/2026\/04\/08\/autodesk-erweitert-forma-um-neues-building-design-tool-und-cloud-anbindung-an-revit\/","og_locale":"en_US","og_type":"article","og_title":"Autodesk erweitert Forma um neues Building-Design-Tool und Cloud-Anbindung an Revit - Autodesk Presse-Center Deutschland","og_description":"M\u00fcnchen, 08. April 2026 \u2013&nbsp;Autodesk, Inc. (NASDAQ: ADSK) pr\u00e4sentiert eine Reihe neuer Funktionen f\u00fcr seine Forma-Industry-Cloud und das AEC-Portfolio. Die Updates helfen Anwendern, Projektergebnisse zu verbessern, Idee und Absicht hinter einem Entwurf inklusive Projektwissen konsistent \u00fcber den gesamten Lebenszyklus hinweg mitzunehmenund Teams entlang aller Phasen besser zu verbinden. Im Mittelpunkt stehen ein neues Tool f\u00fcr die schematische Geb\u00e4udeplanung,","og_url":"https:\/\/blogs.autodesk.com\/presse-center-deutschland\/2026\/04\/08\/autodesk-erweitert-forma-um-neues-building-design-tool-und-cloud-anbindung-an-revit\/","og_site_name":"Autodesk Presse-Center Deutschland","article_published_time":"2026-04-08T14:52:00+00:00","article_modified_time":"2026-04-21T15:07:12+00:00","og_image":[{"width":1920,"height":1091,"url":"https:\/\/blogs.autodesk.com\/presse-center-deutschland\/wp-content\/uploads\/sites\/93\/2026\/04\/21\/Header-Sun-Hour-Analysis-in-Forma-Building-Design-c-Autodesk.jpg","type":"image\/jpeg"}],"author":"Autodesk","twitter_card":"summary_large_image","twitter_misc":{"Written by":"Autodesk","Est. reading time":"5 minutes"},"schema":{"@context":"https:\/\/schema.org","@graph":[{"@type":"Article","@id":"https:\/\/blogs.autodesk.com\/presse-center-deutschland\/2026\/04\/08\/autodesk-erweitert-forma-um-neues-building-design-tool-und-cloud-anbindung-an-revit\/#article","isPartOf":{"@id":"https:\/\/blogs.autodesk.com\/presse-center-deutschland\/2026\/04\/08\/autodesk-erweitert-forma-um-neues-building-design-tool-und-cloud-anbindung-an-revit\/"},"author":{"name":"Autodesk","@id":"https:\/\/blogs.autodesk.com\/presse-center-deutschland\/#\/schema\/person\/399cd8069a97cdc1ff12db24804f2fb2"},"headline":"Autodesk erweitert Forma um neues Building-Design-Tool und Cloud-Anbindung an Revit","datePublished":"2026-04-08T14:52:00+00:00","dateModified":"2026-04-21T15:07:12+00:00","mainEntityOfPage":{"@id":"https:\/\/blogs.autodesk.com\/presse-center-deutschland\/2026\/04\/08\/autodesk-erweitert-forma-um-neues-building-design-tool-und-cloud-anbindung-an-revit\/"},"wordCount":1263,"commentCount":0,"image":{"@id":"https:\/\/blogs.autodesk.com\/presse-center-deutschland\/2026\/04\/08\/autodesk-erweitert-forma-um-neues-building-design-tool-und-cloud-anbindung-an-revit\/#primaryimage"},"thumbnailUrl":"https:\/\/blogs.autodesk.com\/presse-center-deutschland\/wp-content\/uploads\/sites\/93\/2026\/04\/21\/Header-Sun-Hour-Analysis-in-Forma-Building-Design-c-Autodesk.jpg","keywords":["AEC","Autodesk","Autodesk Forma","BIM","Cloud-Workflows","Forma Building Design","Geb\u00e4udedesign","K\u00fcnstliche Intelligenz","Planungssoftware","Revit"],"articleSection":["Digitale Bauindustrie","Digitale Transformation","Unternehmensmeldungen"],"inLanguage":"en-US","potentialAction":[{"@type":"CommentAction","name":"Comment","target":["https:\/\/blogs.autodesk.com\/presse-center-deutschland\/2026\/04\/08\/autodesk-erweitert-forma-um-neues-building-design-tool-und-cloud-anbindung-an-revit\/#respond"]}]},{"@type":"WebPage","@id":"https:\/\/blogs.autodesk.com\/presse-center-deutschland\/2026\/04\/08\/autodesk-erweitert-forma-um-neues-building-design-tool-und-cloud-anbindung-an-revit\/","url":"https:\/\/blogs.autodesk.com\/presse-center-deutschland\/2026\/04\/08\/autodesk-erweitert-forma-um-neues-building-design-tool-und-cloud-anbindung-an-revit\/","name":"Autodesk erweitert Forma um neues Building-Design-Tool und Cloud-Anbindung an Revit - Autodesk Presse-Center Deutschland","isPartOf":{"@id":"https:\/\/blogs.autodesk.com\/presse-center-deutschland\/#website"},"primaryImageOfPage":{"@id":"https:\/\/blogs.autodesk.com\/presse-center-deutschland\/2026\/04\/08\/autodesk-erweitert-forma-um-neues-building-design-tool-und-cloud-anbindung-an-revit\/#primaryimage"},"image":{"@id":"https:\/\/blogs.autodesk.com\/presse-center-deutschland\/2026\/04\/08\/autodesk-erweitert-forma-um-neues-building-design-tool-und-cloud-anbindung-an-revit\/#primaryimage"},"thumbnailUrl":"https:\/\/blogs.autodesk.com\/presse-center-deutschland\/wp-content\/uploads\/sites\/93\/2026\/04\/21\/Header-Sun-Hour-Analysis-in-Forma-Building-Design-c-Autodesk.jpg","datePublished":"2026-04-08T14:52:00+00:00","dateModified":"2026-04-21T15:07:12+00:00","author":{"@id":"https:\/\/blogs.autodesk.com\/presse-center-deutschland\/#\/schema\/person\/399cd8069a97cdc1ff12db24804f2fb2"},"breadcrumb":{"@id":"https:\/\/blogs.autodesk.com\/presse-center-deutschland\/2026\/04\/08\/autodesk-erweitert-forma-um-neues-building-design-tool-und-cloud-anbindung-an-revit\/#breadcrumb"},"inLanguage":"en-US","potentialAction":[{"@type":"ReadAction","target":["https:\/\/blogs.autodesk.com\/presse-center-deutschland\/2026\/04\/08\/autodesk-erweitert-forma-um-neues-building-design-tool-und-cloud-anbindung-an-revit\/"]}]},{"@type":"ImageObject","inLanguage":"en-US","@id":"https:\/\/blogs.autodesk.com\/presse-center-deutschland\/2026\/04\/08\/autodesk-erweitert-forma-um-neues-building-design-tool-und-cloud-anbindung-an-revit\/#primaryimage","url":"https:\/\/blogs.autodesk.com\/presse-center-deutschland\/wp-content\/uploads\/sites\/93\/2026\/04\/21\/Header-Sun-Hour-Analysis-in-Forma-Building-Design-c-Autodesk.jpg","contentUrl":"https:\/\/blogs.autodesk.com\/presse-center-deutschland\/wp-content\/uploads\/sites\/93\/2026\/04\/21\/Header-Sun-Hour-Analysis-in-Forma-Building-Design-c-Autodesk.jpg","width":1920,"height":1091},{"@type":"BreadcrumbList","@id":"https:\/\/blogs.autodesk.com\/presse-center-deutschland\/2026\/04\/08\/autodesk-erweitert-forma-um-neues-building-design-tool-und-cloud-anbindung-an-revit\/#breadcrumb","itemListElement":[{"@type":"ListItem","position":1,"name":"Home","item":"https:\/\/blogs.autodesk.com\/presse-center-deutschland\/"},{"@type":"ListItem","position":2,"name":"Autodesk erweitert Forma um neues Building-Design-Tool und Cloud-Anbindung an Revit"}]},{"@type":"WebSite","@id":"https:\/\/blogs.autodesk.com\/presse-center-deutschland\/#website","url":"https:\/\/blogs.autodesk.com\/presse-center-deutschland\/","name":"Autodesk Presse-Center Deutschland","description":"Just another Autodesk Blogs site","potentialAction":[{"@type":"SearchAction","target":{"@type":"EntryPoint","urlTemplate":"https:\/\/blogs.autodesk.com\/presse-center-deutschland\/?s={search_term_string}"},"query-input":{"@type":"PropertyValueSpecification","valueRequired":true,"valueName":"search_term_string"}}],"inLanguage":"en-US"},{"@type":"Person","@id":"https:\/\/blogs.autodesk.com\/presse-center-deutschland\/#\/schema\/person\/399cd8069a97cdc1ff12db24804f2fb2","name":"Autodesk","image":{"@type":"ImageObject","inLanguage":"en-US","@id":"https:\/\/secure.gravatar.com\/avatar\/0ddf7257d37a9b5dfab029d1dbf93b0994c0069367872520d748595fc23e00d9?s=96&d=mm&r=g","url":"https:\/\/secure.gravatar.com\/avatar\/0ddf7257d37a9b5dfab029d1dbf93b0994c0069367872520d748595fc23e00d9?s=96&d=mm&r=g","contentUrl":"https:\/\/secure.gravatar.com\/avatar\/0ddf7257d37a9b5dfab029d1dbf93b0994c0069367872520d748595fc23e00d9?s=96&d=mm&r=g","caption":"Autodesk"},"url":"https:\/\/blogs.autodesk.com\/presse-center-deutschland\/author\/autodesk\/"}]}},"_links":{"self":[{"href":"https:\/\/blogs.autodesk.com\/presse-center-deutschland\/wp-json\/wp\/v2\/posts\/740","targetHints":{"allow":["GET"]}}],"collection":[{"href":"https:\/\/blogs.autodesk.com\/presse-center-deutschland\/wp-json\/wp\/v2\/posts"}],"about":[{"href":"https:\/\/blogs.autodesk.com\/presse-center-deutschland\/wp-json\/wp\/v2\/types\/post"}],"author":[{"embeddable":true,"href":"https:\/\/blogs.autodesk.com\/presse-center-deutschland\/wp-json\/wp\/v2\/users\/69814"}],"replies":[{"embeddable":true,"href":"https:\/\/blogs.autodesk.com\/presse-center-deutschland\/wp-json\/wp\/v2\/comments?post=740"}],"version-history":[{"count":0,"href":"https:\/\/blogs.autodesk.com\/presse-center-deutschland\/wp-json\/wp\/v2\/posts\/740\/revisions"}],"wp:featuredmedia":[{"embeddable":true,"href":"https:\/\/blogs.autodesk.com\/presse-center-deutschland\/wp-json\/wp\/v2\/media\/741"}],"wp:attachment":[{"href":"https:\/\/blogs.autodesk.com\/presse-center-deutschland\/wp-json\/wp\/v2\/media?parent=740"}],"wp:term":[{"taxonomy":"category","embeddable":true,"href":"https:\/\/blogs.autodesk.com\/presse-center-deutschland\/wp-json\/wp\/v2\/categories?post=740"},{"taxonomy":"post_tag","embeddable":true,"href":"https:\/\/blogs.autodesk.com\/presse-center-deutschland\/wp-json\/wp\/v2\/tags?post=740"}],"curies":[{"name":"wp","href":"https:\/\/api.w.org\/{rel}","templated":true}]}}