{"id":1002,"date":"2015-09-11T10:00:00","date_gmt":"2015-09-11T08:00:00","guid":{"rendered":"https:\/\/blogs.autodesk.com\/villagebim\/2015\/09\/importez-un-fichier-avec-le-nord-go-et-projet-calle.html"},"modified":"2021-02-09T23:38:36","modified_gmt":"2021-02-09T21:38:36","slug":"importez-un-fichier-avec-le-nord-go-et-projet-calle","status":"publish","type":"post","link":"https:\/\/blogs.autodesk.com\/villagebim\/2015\/09\/importez-un-fichier-avec-le-nord-go-et-projet-calle.html","title":{"rendered":"Importez un fichier en calant votre projet sur le nord g\u00e9ographique"},"content":{"rendered":"<p>Si vous souhaitez simplement travailler avec un dwg sous Revit avec un \u201cNord du projet\u201d et \u201cNord g\u00e9ographique\u201d cal\u00e9s, il faut se mettre dans les propri\u00e9t\u00e9s de la vue en Nord g\u00e9ographique,<\/p>\n<p><a href=\"http:\/\/villagebim.typepad.com\/.a\/6a015391e15a28970b01b7c7c49360970b-pi\"><img loading=\"lazy\" decoding=\"async\" alt=\"image\" border=\"0\" height=\"60\" src=\"https:\/\/blogs.autodesk.com\/villagebim\/wp-content\/uploads\/sites\/154\/2021\/02\/img_602300dcb635a.png\" title=\"image\" width=\"364\" \/><\/a><\/p>\n<p>&#160;<\/p>\n<p>&#160;<\/p>\n<p>et sp\u00e9cifier, avec toutes les d\u00e9cimales, l\u2019angle entre le Nord projet et le Nord g\u00e9ographique.<\/p>\n<p>&#160;<\/p>\n<p><a href=\"http:\/\/villagebim.typepad.com\/.a\/6a015391e15a28970b01b8d14e7512970c-pi\"><img loading=\"lazy\" decoding=\"async\" alt=\"image\" border=\"0\" height=\"264\" src=\"https:\/\/blogs.autodesk.com\/villagebim\/wp-content\/uploads\/sites\/154\/2021\/02\/img_602300dfaf1d0.png\" title=\"image\" width=\"437\" \/><\/a><\/p>\n<p>&#160;<\/p>\n<p>Par exemple ici on lit 61,03666581\u00b0 sous AutoCAD ( Civil3D ), \u00e0 renseigner dans le point de base du projet <strong>avant <\/strong>de lier\/importer le dwg dans la vue en plan orient\u00e9e au Nord g\u00e9ographique.<\/p>\n<p>&#160;<\/p>\n<p><a href=\"http:\/\/villagebim.typepad.com\/.a\/6a015391e15a28970b01bb0868e2d0970d-pi\"><img loading=\"lazy\" decoding=\"async\" alt=\"image\" border=\"0\" height=\"137\" src=\"https:\/\/blogs.autodesk.com\/villagebim\/wp-content\/uploads\/sites\/154\/2021\/02\/img_602300e342365.png\" title=\"image\" width=\"365\" \/><\/a><\/p>\n<p>On retrouve ce r\u00e9sultat :<\/p>\n<p><a href=\"http:\/\/villagebim.typepad.com\/.a\/6a015391e15a28970b01b7c7c49364970b-pi\"><img loading=\"lazy\" decoding=\"async\" alt=\"image\" border=\"0\" height=\"282\" src=\"https:\/\/blogs.autodesk.com\/villagebim\/wp-content\/uploads\/sites\/154\/2021\/02\/img_602300e63c75a.png\" title=\"image\" width=\"470\" \/><\/a><\/p>\n<p>&#160;<\/p>\n<p>En revanche si vous avez import\u00e9 un fichier en nord projet, et\/ou que vous avez esquiss\u00e9 votre b\u00e2timent, alors pour r\u00e9gler le nord projet, il faut utiliser la commande &quot;Faire pivoter le nord g\u00e9ographique&quot;.<\/p>\n<p><a class=\"asset-img-link\" href=\"http:\/\/villagebim.typepad.com\/.a\/6a015391e15a28970b01b7c7c5954a970b-popup\"><img decoding=\"async\" alt=\"Nord2\" class=\"asset  asset-image at-xid-6a015391e15a28970b01b7c7c5954a970b img-responsive\" src=\"https:\/\/blogs.autodesk.com\/villagebim\/wp-content\/uploads\/sites\/154\/2021\/02\/img_602300ea06b37.jpg\" title=\"Nord2\" \/><\/a><\/p>\n<p>&#160;<\/p>\n<p>&#160;<\/p>\n<p>&#160;<\/p>\n","protected":false},"excerpt":{"rendered":"<p>Si vous souhaitez simplement travailler avec un dwg sous Revit avec un \u201cNord du projet\u201d et \u201cNord g\u00e9ographique\u201d cal\u00e9s, il faut se mettre dans les propri\u00e9t\u00e9s de la vue en Nord g\u00e9ographique, &#160; &#160; et sp\u00e9cifier, avec toutes les d\u00e9cimales, l\u2019angle entre le Nord projet et le Nord g\u00e9ographique. &#160; &#160; Par exemple ici on [&hellip;]<\/p>\n","protected":false},"author":8051,"featured_media":2472,"menu_order":0,"comment_status":"open","ping_status":"closed","sticky":false,"template":"","format":"standard","meta":{"_acf_changed":false,"inline_featured_image":false,"footnotes":""},"categories":[25,15,5,10,58,6],"tags":[13,1478,1477,20,221,1483,44,1479,1485,12,1480,1079,1486,1484,1476,21,280,1481,1482,14],"class_list":["post-1002","post","type-post","status-publish","format-standard","has-post-thumbnail","hentry","category-architecture","category-autodesk-revit","category-bim","category-collaboration","category-structure","category-trucs-et-astuces","tag-autocad","tag-autocad-dwg","tag-autocad-dxf","tag-autodesk","tag-autodesk-revit","tag-automatique-a-lemplacement-partage","tag-bim","tag-coordonnees","tag-coordonnees-partagees","tag-dwg","tag-georeference","tag-lambert","tag-landxml","tag-liee","tag-ngf","tag-revit","tag-rvt","tag-shared-coordinates","tag-xml","tag-xref","dhig-theme--light"],"acf":[],"_links":{"self":[{"href":"https:\/\/blogs.autodesk.com\/villagebim\/wp-json\/wp\/v2\/posts\/1002","targetHints":{"allow":["GET"]}}],"collection":[{"href":"https:\/\/blogs.autodesk.com\/villagebim\/wp-json\/wp\/v2\/posts"}],"about":[{"href":"https:\/\/blogs.autodesk.com\/villagebim\/wp-json\/wp\/v2\/types\/post"}],"author":[{"embeddable":true,"href":"https:\/\/blogs.autodesk.com\/villagebim\/wp-json\/wp\/v2\/users\/8051"}],"replies":[{"embeddable":true,"href":"https:\/\/blogs.autodesk.com\/villagebim\/wp-json\/wp\/v2\/comments?post=1002"}],"version-history":[{"count":0,"href":"https:\/\/blogs.autodesk.com\/villagebim\/wp-json\/wp\/v2\/posts\/1002\/revisions"}],"wp:featuredmedia":[{"embeddable":true,"href":"https:\/\/blogs.autodesk.com\/villagebim\/wp-json\/wp\/v2\/media\/2472"}],"wp:attachment":[{"href":"https:\/\/blogs.autodesk.com\/villagebim\/wp-json\/wp\/v2\/media?parent=1002"}],"wp:term":[{"taxonomy":"category","embeddable":true,"href":"https:\/\/blogs.autodesk.com\/villagebim\/wp-json\/wp\/v2\/categories?post=1002"},{"taxonomy":"post_tag","embeddable":true,"href":"https:\/\/blogs.autodesk.com\/villagebim\/wp-json\/wp\/v2\/tags?post=1002"}],"curies":[{"name":"wp","href":"https:\/\/api.w.org\/{rel}","templated":true}]}}