{"id":1141,"date":"2014-07-21T10:00:00","date_gmt":"2014-07-21T08:00:00","guid":{"rendered":"https:\/\/blogs.autodesk.com\/villagebim\/2014\/07\/solar-decathlon-2014.html"},"modified":"2021-02-09T23:12:54","modified_gmt":"2021-02-09T21:12:54","slug":"solar-decathlon-2014","status":"publish","type":"post","link":"https:\/\/blogs.autodesk.com\/villagebim\/2014\/07\/solar-decathlon-2014.html","title":{"rendered":"Solar D\u00e9cathlon 2014"},"content":{"rendered":"<p style=\"text-align: justify\">Cr\u00e9e en 2002 par le D\u00e9partement d\u2019Etat Am\u00e9ricain \u00e0 l\u2019\u00e9nergie, le Solar D\u00e9cathlon est une comp\u00e9tition universitaire internationale. Le d\u00e9fi est de concevoir et de r\u00e9aliser un habitat fonctionnel et utilisant le soleil comme seule source d\u2019\u00e9nergie.<\/p>\n<p style=\"text-align: justify\">Cette ann\u00e9e la France accueille son Solar D\u00e9cathlon \u00e0 Versailles et je vous invite \u00e0 consulter le <a href=\"http:\/\/www.solardecathlon2014.fr\/\" target=\"_self\" rel=\"noopener noreferrer\">site <\/a>et pourquoi pas voir les r\u00e9alisations in situ.<\/p>\n<p style=\"text-align: justify\">&#160;<\/p>\n<p><a class=\"asset-img-link\" href=\"http:\/\/villagebim.typepad.com\/.a\/6a015391e15a28970b01a73dea15d2970d-popup\"><img loading=\"lazy\" decoding=\"async\" alt=\"Solar\" class=\"asset  asset-image at-xid-6a015391e15a28970b01a73dea15d2970d img-responsive\" height=\"156\" src=\"https:\/\/blogs.autodesk.com\/villagebim\/wp-content\/uploads\/sites\/154\/2021\/02\/img_6022f81fcb7c8.png\" style=\"margin-left: auto;margin-right: auto\" title=\"Solar\" width=\"298\" \/><\/a><\/p>\n<p style=\"text-align: justify\">&#160;<\/p>\n<p style=\"text-align: justify\">Autour de cet \u00e9v\u00e8nement, de multiples conf\u00e9rences sont donn\u00e9es sur divers th\u00e8mes. A ce titre, la F\u00e9d\u00e9ration Fran\u00e7aises du B\u00e2timent (FFB) nous avait convi\u00e9 sur le sujet \u201cLe B\u00e2timent dans le Futur\u201d sur l&#039;aspect utilisation du nuage de points et le BIM.<\/p>\n<p style=\"text-align: justify\">&#160;<\/p>\n<p><a href=\"http:\/\/villagebim.typepad.com\/.a\/6a015391e15a28970b01a73dea14e4970d-pi\"><img loading=\"lazy\" decoding=\"async\" alt=\"image\" border=\"0\" height=\"267\" src=\"https:\/\/blogs.autodesk.com\/villagebim\/wp-content\/uploads\/sites\/154\/2021\/02\/img_6022f82209a8c.png\" style=\"border: 0px;padding-top: 0px;padding-left: 0px;padding-right: 0px;margin-left: auto;margin-right: auto;background-image: none\" title=\"image\" width=\"472\" \/><\/a><\/p>\n<p style=\"text-align: justify\">&#160;<\/p>\n<p style=\"text-align: justify\">Devant un auditoire compos\u00e9 d\u2019une centaine de personnes, Messieurs Morelli de la soci\u00e9t\u00e9 <a href=\"http:\/\/www.azurdrones.com\/\">Azur Drones<\/a>&#160; (Prise de vues, Photogramm\u00e9trie, Cartographies num\u00e9riques, Inspections Thermographiques) et Monsieur Busillo de la soci\u00e9t\u00e9 <a href=\"https:\/\/fr-fr.facebook.com\/ABMAUCARRE\" target=\"_self\" rel=\"noopener noreferrer\">ABM au Carr\u00e9<\/a> (Scanner laser 3D) ont pr\u00e9sent\u00e9 leurs activit\u00e9s bas\u00e9es sur la capture de donn\u00e9es.<\/p>\n<p style=\"text-align: justify\">De notre cot\u00e9, nous avons abord\u00e9 la r\u00e9cup\u00e9ration de ces nuages de points \u00e0 partir du logiciel <a href=\"http:\/\/www.autodesk.com\/products\/recap\/overview\">ReCap Pro<\/a> et <a href=\"https:\/\/recap360.autodesk.com\/\">ReCap 360<\/a> puis le reconstitution de celui-ci sur notre modeleur b\u00e2timent Revit.<\/p>\n<p style=\"text-align: justify\">La vid\u00e9o ci-dessous illustre le champs des possibilit\u00e9s de ces technologies.<\/p>\n<p style=\"text-align: justify\">&#160;<\/p>\n<p style=\"text-align: center\">&#160;&#160;<\/p>\n<p style=\"text-align: justify\">&#160;<\/p>\n<p style=\"text-align: justify\">Apr\u00e8s avoir pr\u00e9sent\u00e9 les enjeux du BIM, nous avons d\u00e9velopp\u00e9 notre vision du BIM dans divers domaines tels que :<\/p>\n<p>&#160;&#160;&#160;&#160;- la collaboration (locale \/ globale),<\/p>\n<p>&#160;&#160;&#160;&#160;- l\u2019esquisse,<\/p>\n<p>&#160;&#160;&#160;&#160;- la capture de la r\u00e9alit\u00e9,<\/p>\n<p>&#160;&#160;&#160;&#160;- la plateforme relationnelle,<\/p>\n<p>&#160;&#160;&#160;&#160;- la simulation,<\/p>\n<p>&#160;&#160;&#160;&#160;- une meilleure organisation,<\/p>\n<p>&#160;&#160;&#160;&#160;- la communication du projet,<\/p>\n<p style=\"text-align: justify\">Enfin une visite de l&#039;exposition Solar&#160;D\u00e9cathlon et une remise du Troph\u00e9 R\u00e9gional &quot;B<em>atiment exemplaire<\/em>&quot; venaient cloturer la journ\u00e9e.<\/p>\n<blockquote>\n<p style=\"text-align: justify\">&#160;<\/p>\n<\/blockquote>\n","protected":false},"excerpt":{"rendered":"<p>Cr\u00e9e en 2002 par le D\u00e9partement d\u2019Etat Am\u00e9ricain \u00e0 l\u2019\u00e9nergie, le Solar D\u00e9cathlon est une comp\u00e9tition universitaire internationale. Le d\u00e9fi est de concevoir et de r\u00e9aliser un habitat fonctionnel et utilisant le soleil comme seule source d\u2019\u00e9nergie. Cette ann\u00e9e la France accueille son Solar D\u00e9cathlon \u00e0 Versailles et je vous invite \u00e0 consulter le site [&hellip;]<\/p>\n","protected":false},"author":13092,"featured_media":2472,"menu_order":0,"comment_status":"open","ping_status":"closed","sticky":false,"template":"","format":"standard","meta":{"_acf_changed":false,"inline_featured_image":false,"footnotes":""},"categories":[25,15,5,36,28,16,77],"tags":[1790,13,20,1424,721,1098,586,21,1789],"class_list":["post-1141","post","type-post","status-publish","format-standard","has-post-thumbnail","hentry","category-architecture","category-autodesk-revit","category-bim","category-education","category-gestion-de-donnees","category-interoperabilite","category-simulations-analyses","tag-abm-au-carre","tag-autocad","tag-autodesk","tag-azur-drones","tag-ffb","tag-recap-360","tag-recap-pro","tag-revit","tag-solar-decathlon-2014","dhig-theme--light"],"acf":[],"_links":{"self":[{"href":"https:\/\/blogs.autodesk.com\/villagebim\/wp-json\/wp\/v2\/posts\/1141","targetHints":{"allow":["GET"]}}],"collection":[{"href":"https:\/\/blogs.autodesk.com\/villagebim\/wp-json\/wp\/v2\/posts"}],"about":[{"href":"https:\/\/blogs.autodesk.com\/villagebim\/wp-json\/wp\/v2\/types\/post"}],"author":[{"embeddable":true,"href":"https:\/\/blogs.autodesk.com\/villagebim\/wp-json\/wp\/v2\/users\/13092"}],"replies":[{"embeddable":true,"href":"https:\/\/blogs.autodesk.com\/villagebim\/wp-json\/wp\/v2\/comments?post=1141"}],"version-history":[{"count":0,"href":"https:\/\/blogs.autodesk.com\/villagebim\/wp-json\/wp\/v2\/posts\/1141\/revisions"}],"wp:featuredmedia":[{"embeddable":true,"href":"https:\/\/blogs.autodesk.com\/villagebim\/wp-json\/wp\/v2\/media\/2472"}],"wp:attachment":[{"href":"https:\/\/blogs.autodesk.com\/villagebim\/wp-json\/wp\/v2\/media?parent=1141"}],"wp:term":[{"taxonomy":"category","embeddable":true,"href":"https:\/\/blogs.autodesk.com\/villagebim\/wp-json\/wp\/v2\/categories?post=1141"},{"taxonomy":"post_tag","embeddable":true,"href":"https:\/\/blogs.autodesk.com\/villagebim\/wp-json\/wp\/v2\/tags?post=1141"}],"curies":[{"name":"wp","href":"https:\/\/api.w.org\/{rel}","templated":true}]}}