{"id":1238,"date":"2013-11-06T09:30:00","date_gmt":"2013-11-06T07:30:00","guid":{"rendered":"https:\/\/blogs.autodesk.com\/villagebim\/2013\/11\/export-ifc-des-questions-des-retours-et-suggestions.html"},"modified":"2013-11-06T09:30:00","modified_gmt":"2013-11-06T07:30:00","slug":"export-ifc-des-questions-des-retours-et-suggestions","status":"publish","type":"post","link":"https:\/\/blogs.autodesk.com\/villagebim\/2013\/11\/export-ifc-des-questions-des-retours-et-suggestions.html","title":{"rendered":"Export IFC &#8211; Des questions, des retours et suggestions ?"},"content":{"rendered":"<p><a href=\"http:\/\/villagebim.typepad.com\/.a\/6a015391e15a28970b019b0083f2ca970d-pi\"><img loading=\"lazy\" decoding=\"async\" alt=\"image\" border=\"0\" height=\"230\" src=\"https:\/\/villagebim.typepad.com\/.a\/6a015391e15a28970b019b0083d090970b-pi\" style=\"background-image: none;padding-left: 0px;padding-right: 0px;padding-top: 0px;border: 0px\" title=\"image\" width=\"476\" \/><\/a><\/p>\n<p>Vous souhaitez faire remonter vos questions relatives \u00e0 l\u2019export IFC depuis Autodesk Revit ? En tant que Client Autodesk avec <a href=\"http:\/\/www.autodesk.fr\/subscription\" target=\"_self\" rel=\"noopener noreferrer\">Souscription<\/a>, vous avez un acc\u00e8s au <a href=\"http:\/\/www.autodesk.fr\/support\" target=\"_self\" rel=\"noopener noreferrer\">Support Technique <\/a>gratuitement inclus, ne l\u2019oubliez pas.<\/p>\n<p>Sachez cependant qu\u2019il existe un groupe de discussion tr\u00e8s dynamique et r\u00e9actif qui traite de ces questions et qui pourra vous donner des r\u00e9ponses et solutions&#160;ici : <a href=\"http:\/\/sourceforge.net\/p\/ifcexporter\/home\/Home\/\">http:\/\/sourceforge.net\/p\/ifcexporter\/home\/Home\/<\/a><\/p>\n<p>L\u2019Exchange Apps store permet lui aussi de t\u00e9l\u00e9charger le module d\u2019export IFC Open Source gratuit ainsi que l\u2019interface utilisateur d&#039;export IFC alternative adapt\u00e9e ici :<\/p>\n<p><a href=\"http:\/\/apps.exchange.autodesk.com\/RVT\/en\/List\/Search?query=ifc+export+ui&amp;facet=&amp;collection\">http:\/\/apps.exchange.autodesk.com\/RVT\/en\/List\/Search?query=ifc+export+ui&amp;facet=&amp;collection<\/a>=<\/p>\n","protected":false},"excerpt":{"rendered":"<p>Vous souhaitez faire remonter vos questions relatives \u00e0 l\u2019export IFC depuis Autodesk Revit ? En tant que Client Autodesk avec Souscription, vous avez un acc\u00e8s au Support Technique gratuitement inclus, ne l\u2019oubliez pas. Sachez cependant qu\u2019il existe un groupe de discussion tr\u00e8s dynamique et r\u00e9actif qui traite de ces questions et qui pourra vous donner [&hellip;]<\/p>\n","protected":false},"author":0,"featured_media":2472,"menu_order":0,"comment_status":"open","ping_status":"closed","sticky":false,"template":"","format":"standard","meta":{"_acf_changed":false,"inline_featured_image":false,"footnotes":""},"categories":[15,5,10,16],"tags":[1751,481,2040,1733,608,13,20,1753,44,393,1942,649,1948,1931,1749,1744,1748,1745,1945,1946,1750,1746,12,1747,1951,1950,37,1947,1372,1939,364,1944,1941,1940,117,1742,1452,1736,1752,1629,1949,1938,21,1743,1943,1741,2041],"class_list":["post-1238","post","type-post","status-publish","format-standard","has-post-thumbnail","hentry","category-autodesk-revit","category-bim","category-collaboration","category-interoperabilite","tag-3d","tag-android","tag-angel-velez","tag-architectes","tag-architecture","tag-autocad","tag-autodesk","tag-autodesk-formit","tag-bim","tag-bim-360-glue","tag-blog-autodesk-formit","tag-brunet-saunier-architecture","tag-building-smart-international","tag-buildingsmart","tag-cad-blocks-or-autocad-dynamic-blocks","tag-cad-cam","tag-cad-design","tag-cad-software","tag-consultant","tag-consultant-bim","tag-dessin-2d","tag-drafting","tag-dwg","tag-dwg-to-pdf","tag-ecoles","tag-ecoles-darchitecture","tag-education","tag-engager-un-consultant","tag-etudiants","tag-flyers","tag-formit","tag-glue","tag-google-play","tag-gratuits","tag-ifc","tag-logiciels-cao","tag-maquette-numerique","tag-mn","tag-modelisation","tag-modelisation-3d","tag-plug-in-glue","tag-posters","tag-revit","tag-revit-architecture","tag-sketchup-autodesk-bim-360-glue","tag-telechargement-gratuit","tag-velez","dhig-theme--light"],"acf":[],"_links":{"self":[{"href":"https:\/\/blogs.autodesk.com\/villagebim\/wp-json\/wp\/v2\/posts\/1238","targetHints":{"allow":["GET"]}}],"collection":[{"href":"https:\/\/blogs.autodesk.com\/villagebim\/wp-json\/wp\/v2\/posts"}],"about":[{"href":"https:\/\/blogs.autodesk.com\/villagebim\/wp-json\/wp\/v2\/types\/post"}],"replies":[{"embeddable":true,"href":"https:\/\/blogs.autodesk.com\/villagebim\/wp-json\/wp\/v2\/comments?post=1238"}],"version-history":[{"count":0,"href":"https:\/\/blogs.autodesk.com\/villagebim\/wp-json\/wp\/v2\/posts\/1238\/revisions"}],"wp:featuredmedia":[{"embeddable":true,"href":"https:\/\/blogs.autodesk.com\/villagebim\/wp-json\/wp\/v2\/media\/2472"}],"wp:attachment":[{"href":"https:\/\/blogs.autodesk.com\/villagebim\/wp-json\/wp\/v2\/media?parent=1238"}],"wp:term":[{"taxonomy":"category","embeddable":true,"href":"https:\/\/blogs.autodesk.com\/villagebim\/wp-json\/wp\/v2\/categories?post=1238"},{"taxonomy":"post_tag","embeddable":true,"href":"https:\/\/blogs.autodesk.com\/villagebim\/wp-json\/wp\/v2\/tags?post=1238"}],"curies":[{"name":"wp","href":"https:\/\/api.w.org\/{rel}","templated":true}]}}