{"id":1274,"date":"2013-09-03T09:30:00","date_gmt":"2013-09-03T07:30:00","guid":{"rendered":"https:\/\/blogs.autodesk.com\/villagebim\/2013\/09\/autodesk-revit-2014-mise-a-jour-des-poutres-aciers.html"},"modified":"2021-02-09T22:24:08","modified_gmt":"2021-02-09T20:24:08","slug":"autodesk-revit-2014-mise-a-jour-des-poutres-aciers","status":"publish","type":"post","link":"https:\/\/blogs.autodesk.com\/villagebim\/2013\/09\/autodesk-revit-2014-mise-a-jour-des-poutres-aciers.html","title":{"rendered":"Autodesk Revit 2014 &#8211; Mise \u00e0 jour des poutres aciers"},"content":{"rendered":"<p style=\"text-align: left\">&#160;&#160;&#160;&#160;Aviez-vous remarqu\u00e9 que la version d&#039;Autodesk Revit 2014 apportait une l\u00e9g\u00e8re modification concernant l\u2019extension des extr\u00e9mit\u00e9s de poutres aciers (uniquement).<\/p>\n<p style=\"text-align: left\">&#160;&#160;&#160;&#160;En version 2013, dans la zone \u201c<em>Construction<\/em>\u201d des propri\u00e9t\u00e9s de poutres aciers, on trouvait deux extensions : d\u00e9part et fin, comme le montre la capture d\u2019\u00e9cran ci-dessous :<\/p>\n<p style=\"text-align: left\"><a href=\"http:\/\/villagebim.typepad.com\/.a\/6a015391e15a28970b019aff16472b970c-pi\"><img loading=\"lazy\" decoding=\"async\" alt=\"Revit1\" border=\"0\" height=\"57\" src=\"https:\/\/blogs.autodesk.com\/villagebim\/wp-content\/uploads\/sites\/154\/2021\/02\/img_6022ef68e89a8.png\" style=\"background-image: none;padding-left: 0px;padding-right: 0px;padding-top: 0px;border: 0px\" title=\"Revit1\" width=\"381\" \/><\/a><\/p>\n<p style=\"text-align: left\">&#160;&#160;&#160;&#160;L\u2019introduction de ce type d\u2019extension \u00e9tait difficilement g\u00e9rable lorsque vous vouliez modifier cette famille. C\u2019est pour cette raison que les \u00e9quipes de d\u00e9veloppement de Revit ont modifi\u00e9 les familles \u201c Poutres Aciers \u201d en y introduisant dans la zone intitul\u00e9e \u201c <em>Position g\u00e9om\u00e9trique <\/em>\u201d deux nouvelles extensions : d\u00e9part et fin, comme le montre la capture d\u2019\u00e9cran ci-dessous :<\/p>\n<p style=\"text-align: left\"><a href=\"http:\/\/villagebim.typepad.com\/.a\/6a015391e15a28970b019aff16749a970d-pi\"><img loading=\"lazy\" decoding=\"async\" alt=\"Revit2\" border=\"0\" height=\"64\" src=\"https:\/\/blogs.autodesk.com\/villagebim\/wp-content\/uploads\/sites\/154\/2021\/02\/img_6022ef6aa7e6d.png\" style=\"background-image: none;padding-left: 0px;padding-right: 0px;padding-top: 0px;border: 0px\" title=\"Revit2\" width=\"384\" \/><\/a><\/p>\n<p style=\"text-align: left\">&#160;&#160;&#160;&#160;Si pour utiliser la version Revit 2014, vous utilisez un gabarit de Revit 2013 mis \u00e0 jour, vous riquez de vous retrouver avec les doubles param\u00e8tres, voir ci-dessous :<\/p>\n<p style=\"text-align: left\"><a href=\"http:\/\/villagebim.typepad.com\/.a\/6a015391e15a28970b019aff15e145970b-pi\"><img loading=\"lazy\" decoding=\"async\" alt=\"Revit3\" border=\"0\" height=\"432\" src=\"https:\/\/blogs.autodesk.com\/villagebim\/wp-content\/uploads\/sites\/154\/2021\/02\/img_6022ef6c2ab18.png\" style=\"background-image: none;padding-left: 0px;padding-right: 0px;padding-top: 0px;border: 0px\" title=\"Revit3\" width=\"387\" \/><\/a><\/p>\n<p style=\"text-align: left\">&#160;&#160;&#160;&#160;Cela ne pose pas de probl\u00e8me particulier mais si vous voulez enlever l\u2019ancienne fonctionnalit\u00e9, veuillez suivre la proc\u00e9dure ci-dessous :<\/p>\n<p style=\"text-align: left\">&#8211; Faire une sauvegarde de votre gabarit (au cas o\u00f9),<\/p>\n<p style=\"text-align: left\">&#8211; Ouvrir votre gabarit au format *.rte (\u201c<em>Fichier \/ Ouvrir\u201d<\/em>),<\/p>\n<p style=\"text-align: left\">&#8211; Dans fen\u00eatre \u201c<em>Arborescence du projet<\/em>\u201d, trouverez la section \u201c<em>Ossature<\/em>\u201d dans la rubrique \u201c<em>Familles<\/em>\u201d<\/p>\n<p style=\"text-align: left\"><a href=\"http:\/\/villagebim.typepad.com\/.a\/6a015391e15a28970b019aff15e15d970b-pi\"><img loading=\"lazy\" decoding=\"async\" alt=\"Revit4\" border=\"0\" height=\"562\" src=\"https:\/\/blogs.autodesk.com\/villagebim\/wp-content\/uploads\/sites\/154\/2021\/02\/img_6022ef6e11cbe.png\" style=\"background-image: none;padding-left: 0px;padding-right: 0px;padding-top: 0px;border: 0px\" title=\"Revit4\" width=\"231\" \/><\/a><\/p>\n<p style=\"text-align: left\">&#8211; S\u00e9lectionner tous les \u00e9l\u00e9ments dans la zone \u201c<em>IPE-Poutrelle<\/em>\u201d \u00e0 l\u2019aide de la touche \u201c<em>Maj<\/em>\u201c de votre clavier,<\/p>\n<p style=\"text-align: left\"><a href=\"http:\/\/villagebim.typepad.com\/.a\/6a015391e15a28970b019aff164774970c-pi\"><img loading=\"lazy\" decoding=\"async\" alt=\"Revit5\" border=\"0\" height=\"210\" src=\"https:\/\/blogs.autodesk.com\/villagebim\/wp-content\/uploads\/sites\/154\/2021\/02\/img_6022ef6f99264.png\" style=\"background-image: none;padding-left: 0px;padding-right: 0px;padding-top: 0px;border: 0px\" title=\"Revit5\" width=\"244\" \/><\/a><\/p>\n<p style=\"text-align: left\">&#8211; Clic-droit, \u201c<em>Supprimer<\/em>\u201d,<\/p>\n<p style=\"text-align: left\">&#8211; Dans l\u2019onglet \u201c<em>Structure<\/em>\u201d, cliquer sur l\u2019outil \u201c<em>Poutre<\/em>\u201d&#160; puis \u201c<em>Charger la famille<\/em>\u201d,<\/p>\n<p style=\"text-align: left\"><a class=\"asset-img-link\" href=\"http:\/\/villagebim.typepad.com\/.a\/6a015391e15a28970b019aff167705970d-popup\"><img decoding=\"async\" alt=\"Revit6\" class=\"asset  asset-image at-xid-6a015391e15a28970b019aff167705970d\" src=\"https:\/\/blogs.autodesk.com\/villagebim\/wp-content\/uploads\/sites\/154\/2021\/02\/img_6022ef71128d6.png\" title=\"Revit6\" \/><\/a><\/p>\n<p style=\"text-align: left\">-&#160;Aller&#160;dans le r\u00e9pertoire suivant : \u201c<em>C:\\ProgramData\\Autodesk\\RVT 2014\\Libraries\\France\\Structure\\Ossature\\Acier<\/em>\u201d,<\/p>\n<p style=\"text-align: left\">&#8211; Cliquer sur \u201c<em>IPE-Poutrelles.rfa<\/em>\u201d,<\/p>\n<p style=\"text-align: left\">&#8211; Dans la fen\u00eatre qui apparait, s\u00e9lectionner les profil\u00e9s que vous voulez int\u00e9grer dans votre gabarit, puis cliquer sur le bouton \u201c<em>Ok<\/em>\u201d,<\/p>\n<p style=\"text-align: left\"><a href=\"http:\/\/villagebim.typepad.com\/.a\/6a015391e15a28970b019aff15e1a6970b-pi\"><img loading=\"lazy\" decoding=\"async\" alt=\"Revit7\" border=\"0\" height=\"212\" src=\"https:\/\/blogs.autodesk.com\/villagebim\/wp-content\/uploads\/sites\/154\/2021\/02\/img_6022ef72c7669.png\" style=\"background-image: none;padding-left: 0px;padding-right: 0px;padding-top: 0px;border: 0px\" title=\"Revit7\" width=\"530\" \/><\/a><\/p>\n<p style=\"text-align: left\">&#8211; Cliquer sur \u201c<em>Remplacer la version existante et ses valeurs de param\u00e8tres<\/em>\u201d dans la fen\u00eatre qui appara\u00eet,<\/p>\n<p style=\"text-align: left\"><a href=\"http:\/\/villagebim.typepad.com\/.a\/6a015391e15a28970b019aff1647aa970c-pi\"><img loading=\"lazy\" decoding=\"async\" alt=\"Revit8\" border=\"0\" height=\"299\" src=\"https:\/\/blogs.autodesk.com\/villagebim\/wp-content\/uploads\/sites\/154\/2021\/02\/img_6022ef7449853.png\" style=\"background-image: none;padding-left: 0px;padding-right: 0px;padding-top: 0px;border: 0px\" title=\"Revit8\" width=\"449\" \/><\/a><\/p>\n<p style=\"text-align: left\">&#8211; Apr\u00e8s la cr\u00e9ation d\u2019un IPE, vous trouverez uniquement les nouveaux param\u00e8tres d\u2019extension.<\/p>\n<p style=\"text-align: left\"><a href=\"http:\/\/villagebim.typepad.com\/.a\/6a015391e15a28970b019aff167518970d-pi\"><img loading=\"lazy\" decoding=\"async\" alt=\"Revit9\" border=\"0\" height=\"414\" src=\"https:\/\/blogs.autodesk.com\/villagebim\/wp-content\/uploads\/sites\/154\/2021\/02\/img_6022ef75b59a6.png\" style=\"background-image: none;padding-left: 0px;padding-right: 0px;padding-top: 0px;border: 0px\" title=\"Revit9\" width=\"276\" \/><\/a><\/p>\n<p style=\"text-align: left\">&#8211; Faites la m\u00eame op\u00e9ration pour les autres poutres aciers,<\/p>\n<p style=\"text-align: left\">&#8211; Sauvegarder votre gabarit.<\/p>\n<p style=\"text-align: left\"><span style=\"text-decoration: underline\">Nota :<\/span> lorsque vous introduisez une extension (par valeur num\u00e9rique dans les propri\u00e9t\u00e9s de la poutre), il faudra r\u00e9gler le mod\u00e8le analytique de la poutre manuellement pour l\u2019ajuster \u00e0 l\u2019extr\u00e9mit\u00e9 de la poutre.<\/p>\n<p><a href=\"http:\/\/villagebim.typepad.com\/.a\/6a015391e15a28970b019aff167528970d-pi\"><img loading=\"lazy\" decoding=\"async\" alt=\"Revit10\" border=\"0\" height=\"349\" src=\"https:\/\/blogs.autodesk.com\/villagebim\/wp-content\/uploads\/sites\/154\/2021\/02\/img_6022ef7737d1a.png\" style=\"background-image: none;padding-left: 0px;padding-right: 0px;float: left;padding-top: 0px;border: 0px\" title=\"Revit10\" width=\"284\" \/><\/a><\/p>\n","protected":false},"excerpt":{"rendered":"<p>&#160;&#160;&#160;&#160;Aviez-vous remarqu\u00e9 que la version d&#039;Autodesk Revit 2014 apportait une l\u00e9g\u00e8re modification concernant l\u2019extension des extr\u00e9mit\u00e9s de poutres aciers (uniquement). &#160;&#160;&#160;&#160;En version 2013, dans la zone \u201cConstruction\u201d des propri\u00e9t\u00e9s de poutres aciers, on trouvait deux extensions : d\u00e9part et fin, comme le montre la capture d\u2019\u00e9cran ci-dessous : &#160;&#160;&#160;&#160;L\u2019introduction de ce type d\u2019extension \u00e9tait difficilement [&hellip;]<\/p>\n","protected":false},"author":4760,"featured_media":2472,"menu_order":0,"comment_status":"open","ping_status":"closed","sticky":false,"template":"","format":"standard","meta":{"_acf_changed":false,"inline_featured_image":false,"footnotes":""},"categories":[15,58,6],"tags":[13,20,2097,42,2098,2096,21,1386],"class_list":["post-1274","post","type-post","status-publish","format-standard","has-post-thumbnail","hentry","category-autodesk-revit","category-structure","category-trucs-et-astuces","tag-autocad","tag-autodesk","tag-extension","tag-famille","tag-nouveautes-revit-2014","tag-poutre-acier","tag-revit","tag-revit-structure","dhig-theme--light"],"acf":[],"_links":{"self":[{"href":"https:\/\/blogs.autodesk.com\/villagebim\/wp-json\/wp\/v2\/posts\/1274","targetHints":{"allow":["GET"]}}],"collection":[{"href":"https:\/\/blogs.autodesk.com\/villagebim\/wp-json\/wp\/v2\/posts"}],"about":[{"href":"https:\/\/blogs.autodesk.com\/villagebim\/wp-json\/wp\/v2\/types\/post"}],"author":[{"embeddable":true,"href":"https:\/\/blogs.autodesk.com\/villagebim\/wp-json\/wp\/v2\/users\/4760"}],"replies":[{"embeddable":true,"href":"https:\/\/blogs.autodesk.com\/villagebim\/wp-json\/wp\/v2\/comments?post=1274"}],"version-history":[{"count":0,"href":"https:\/\/blogs.autodesk.com\/villagebim\/wp-json\/wp\/v2\/posts\/1274\/revisions"}],"wp:featuredmedia":[{"embeddable":true,"href":"https:\/\/blogs.autodesk.com\/villagebim\/wp-json\/wp\/v2\/media\/2472"}],"wp:attachment":[{"href":"https:\/\/blogs.autodesk.com\/villagebim\/wp-json\/wp\/v2\/media?parent=1274"}],"wp:term":[{"taxonomy":"category","embeddable":true,"href":"https:\/\/blogs.autodesk.com\/villagebim\/wp-json\/wp\/v2\/categories?post=1274"},{"taxonomy":"post_tag","embeddable":true,"href":"https:\/\/blogs.autodesk.com\/villagebim\/wp-json\/wp\/v2\/tags?post=1274"}],"curies":[{"name":"wp","href":"https:\/\/api.w.org\/{rel}","templated":true}]}}