{"id":1319,"date":"2013-06-10T09:30:00","date_gmt":"2013-06-10T07:30:00","guid":{"rendered":"https:\/\/blogs.autodesk.com\/villagebim\/2013\/06\/cohabitation-de-revit-2013-et-revit-2014.html"},"modified":"2021-02-09T23:13:13","modified_gmt":"2021-02-09T21:13:13","slug":"cohabitation-de-revit-2013-et-revit-2014","status":"publish","type":"post","link":"https:\/\/blogs.autodesk.com\/villagebim\/2013\/06\/cohabitation-de-revit-2013-et-revit-2014.html","title":{"rendered":"Cohabitation de Revit 2013 et Revit 2014 !"},"content":{"rendered":"<p>Vous venez de recevoir votre nouvelle version d\u2019Autodesk Revit 2014 et vous l\u2019avez install\u00e9 sur sur la m\u00eame machine que Revit 2013 et vous avez constat\u00e9 que vous perdiez certains \u00e9l\u00e9ments de votre ruban de fonctions en 2013, notamment des ic\u00f4nes (qui ne sont plus visibles ou invers\u00e9es) lorsque vous essayez par exemple d\u2019\u00e9diter un escalier, vous emp\u00eachant ainsi de r\u00e9\u00e9diter totalement un projet en 2013 ?<\/p>\n<p><a href=\"http:\/\/villagebim.typepad.com\/.a\/6a015391e15a28970b01910306c18d970c-pi\"><img loading=\"lazy\" decoding=\"async\" alt=\"image\" border=\"0\" height=\"289\" src=\"https:\/\/blogs.autodesk.com\/villagebim\/wp-content\/uploads\/sites\/154\/2021\/02\/img_6022fa420e43d.png\" style=\"background-image: none;padding-left: 0px;padding-right: 0px;padding-top: 0px;border: 0px\" title=\"image\" width=\"511\" \/><\/a><\/p>\n<p>Ce probl\u00e8me est certainement li\u00e9 au fait que vous n\u2019avez pas install\u00e9 l\u201dUR2 de Revit 2013.<\/p>\n<p><a href=\"http:\/\/villagebim.typepad.com\/.a\/6a015391e15a28970b01910306c1c0970c-pi\"><img loading=\"lazy\" decoding=\"async\" alt=\"image\" border=\"0\" height=\"352\" src=\"https:\/\/blogs.autodesk.com\/villagebim\/wp-content\/uploads\/sites\/154\/2021\/02\/img_6022fa462b964.png\" style=\"background-image: none;padding-left: 0px;padding-right: 0px;padding-top: 0px;border: 0px\" title=\"image\" width=\"420\" \/><\/a><\/p>\n<p>Faites cette mise \u00e0 jour et vos probl\u00e8mes devraient disparaitre.<\/p>\n<p>Vous pouvez t\u00e9l\u00e9charger l\u2019UR2 <a href=\"http:\/\/usa.autodesk.com\/adsk\/servlet\/ps\/dl\/item?siteID=123112&amp;id=20679039&amp;linkID=16831210\">en cliquant ici<\/a>.<\/p>\n","protected":false},"excerpt":{"rendered":"<p>Vous venez de recevoir votre nouvelle version d\u2019Autodesk Revit 2014 et vous l\u2019avez install\u00e9 sur sur la m\u00eame machine que Revit 2013 et vous avez constat\u00e9 que vous perdiez certains \u00e9l\u00e9ments de votre ruban de fonctions en 2013, notamment des ic\u00f4nes (qui ne sont plus visibles ou invers\u00e9es) lorsque vous essayez par exemple d\u2019\u00e9diter un [&hellip;]<\/p>\n","protected":false},"author":13092,"featured_media":2472,"menu_order":0,"comment_status":"open","ping_status":"closed","sticky":false,"template":"","format":"standard","meta":{"_acf_changed":false,"inline_featured_image":false,"footnotes":""},"categories":[25,15,5,17,6],"tags":[1751,1740,1733,608,13,20,1755,1753,221,2212,44,2220,2221,2236,1754,1756,1757,1749,1744,1748,1745,1750,1746,12,1747,1372,364,117,1742,1452,1752,1629,2224,1737,2223,2222,2237,21,1743,1741],"class_list":["post-1319","post","type-post","status-publish","format-standard","has-post-thumbnail","hentry","category-architecture","category-autodesk-revit","category-bim","category-nouveautes","category-trucs-et-astuces","tag-3d","tag-agence-darchitecture","tag-architectes","tag-architecture","tag-autocad","tag-autodesk","tag-autodesk-building-design-suite","tag-autodesk-formit","tag-autodesk-revit","tag-baker-nowicki-design-studio","tag-bim","tag-bloomberg","tag-bloombergbusinessweek","tag-bug-ruban","tag-building-design-suite","tag-building-design-suite-premium","tag-building-design-suite-ultimate","tag-cad-blocks-or-autocad-dynamic-blocks","tag-cad-cam","tag-cad-design","tag-cad-software","tag-dessin-2d","tag-drafting","tag-dwg","tag-dwg-to-pdf","tag-etudiants","tag-formit","tag-ifc","tag-logiciels-cao","tag-maquette-numerique","tag-modelisation","tag-modelisation-3d","tag-nouveaute-revit-2014","tag-parametrique","tag-point-dappartenance-a-une-piece","tag-point-de-calcul-dune-piece","tag-probleme-ruban","tag-revit","tag-revit-architecture","tag-telechargement-gratuit","dhig-theme--light"],"acf":[],"_links":{"self":[{"href":"https:\/\/blogs.autodesk.com\/villagebim\/wp-json\/wp\/v2\/posts\/1319","targetHints":{"allow":["GET"]}}],"collection":[{"href":"https:\/\/blogs.autodesk.com\/villagebim\/wp-json\/wp\/v2\/posts"}],"about":[{"href":"https:\/\/blogs.autodesk.com\/villagebim\/wp-json\/wp\/v2\/types\/post"}],"author":[{"embeddable":true,"href":"https:\/\/blogs.autodesk.com\/villagebim\/wp-json\/wp\/v2\/users\/13092"}],"replies":[{"embeddable":true,"href":"https:\/\/blogs.autodesk.com\/villagebim\/wp-json\/wp\/v2\/comments?post=1319"}],"version-history":[{"count":0,"href":"https:\/\/blogs.autodesk.com\/villagebim\/wp-json\/wp\/v2\/posts\/1319\/revisions"}],"wp:featuredmedia":[{"embeddable":true,"href":"https:\/\/blogs.autodesk.com\/villagebim\/wp-json\/wp\/v2\/media\/2472"}],"wp:attachment":[{"href":"https:\/\/blogs.autodesk.com\/villagebim\/wp-json\/wp\/v2\/media?parent=1319"}],"wp:term":[{"taxonomy":"category","embeddable":true,"href":"https:\/\/blogs.autodesk.com\/villagebim\/wp-json\/wp\/v2\/categories?post=1319"},{"taxonomy":"post_tag","embeddable":true,"href":"https:\/\/blogs.autodesk.com\/villagebim\/wp-json\/wp\/v2\/tags?post=1319"}],"curies":[{"name":"wp","href":"https:\/\/api.w.org\/{rel}","templated":true}]}}