{"id":1402,"date":"2013-02-13T09:30:00","date_gmt":"2013-02-13T07:30:00","guid":{"rendered":"https:\/\/blogs.autodesk.com\/villagebim\/2013\/02\/revit-technology-conference-premiere-edition-europeenne-les-27-et-28-septembre-2013.html"},"modified":"2021-02-09T22:27:07","modified_gmt":"2021-02-09T20:27:07","slug":"revit-technology-conference-premiere-edition-europeenne-les-27-et-28-septembre-2013","status":"publish","type":"post","link":"https:\/\/blogs.autodesk.com\/villagebim\/2013\/02\/revit-technology-conference-premiere-edition-europeenne-les-27-et-28-septembre-2013.html","title":{"rendered":"Revit Technology Conference &#8211; Premi\u00e8re \u00e9dition europ\u00e9enne les 27 et 28 septembre 2013"},"content":{"rendered":"<p><a href=\"http:\/\/villagebim.typepad.com\/.a\/6a015391e15a28970b017d409af95a970c-pi\"><img loading=\"lazy\" decoding=\"async\" alt=\"image\" border=\"0\" height=\"100\" src=\"https:\/\/blogs.autodesk.com\/villagebim\/wp-content\/uploads\/sites\/154\/2021\/02\/img_6022f01cab869.png\" style=\"background-image: none;padding-left: 0px;padding-right: 0px;padding-top: 0px;border: 0px\" title=\"image\" width=\"448\" \/><\/a><\/p>\n<p>La RTC est une conf\u00e9rence annuelle ind\u00e9pendante d\u00e9di\u00e9e aux utilisateurs de Revit et du BIM Revit. Elle couvre tous les sujets relatifs \u00e0 Autodesk&#160;<a href=\"http:\/\/www.autodesk.fr\/revit\" target=\"_self\" rel=\"noopener noreferrer\">Revit<\/a> et \u00e0 son \u00e9cosyst\u00e8me. C\u2019est un \u201c Ev\u00e8nement utilisateurs pour les utilisateurs \u201c.<\/p>\n<p>P<a href=\"http:\/\/villagebim.typepad.com\/.a\/6a015391e15a28970b017c366c8f2a970b-pi\"><img loading=\"lazy\" decoding=\"async\" alt=\"image\" border=\"0\" height=\"303\" src=\"https:\/\/blogs.autodesk.com\/villagebim\/wp-content\/uploads\/sites\/154\/2021\/02\/img_6022f01eef454.png\" style=\"background-image: none;padding-left: 0px;padding-right: 0px;padding-top: 0px;border-width: 0px\" title=\"image\" width=\"419\" \/><\/a><\/p>\n<p>Pour information, la premi\u00e8re \u00e9dition europ\u00e9enne se tiendra cette ann\u00e9e \u00e0 Delft aux Pays-Bas, du vendredi 27 septembre au samedi 28 septembre 2013. Les inscriptions sont d\u201dores et <a href=\"http:\/\/www.rtcevents.com\/blog\/?p=477\">d\u00e9j\u00e0 ouvertes ici.<\/a><\/p>\n<p>A \u00e9v\u00e8nement exceptionnel, invit\u00e9 exceptionnel.&#160;Bart Akkerhuis de Renzo Piano Building Workshop ouvrira en keynote cette conf\u00e9rence tr\u00e8s attendue en Europe.<\/p>\n<p>Le programme de la Conf\u00e9rence peut \u00eatre <a href=\"http:\/\/www.cvent.com\/events\/rtc-2013-europe\/event-summary-c1a669c3464c45969779b065420d88e3.aspx\">consult\u00e9 ici.<\/a><\/p>\n","protected":false},"excerpt":{"rendered":"<p>La RTC est une conf\u00e9rence annuelle ind\u00e9pendante d\u00e9di\u00e9e aux utilisateurs de Revit et du BIM Revit. Elle couvre tous les sujets relatifs \u00e0 Autodesk&#160;Revit et \u00e0 son \u00e9cosyst\u00e8me. C\u2019est un \u201c Ev\u00e8nement utilisateurs pour les utilisateurs \u201c. P Pour information, la premi\u00e8re \u00e9dition europ\u00e9enne se tiendra cette ann\u00e9e \u00e0 Delft aux Pays-Bas, du vendredi 27 [&hellip;]<\/p>\n","protected":false},"author":4760,"featured_media":2472,"menu_order":0,"comment_status":"open","ping_status":"closed","sticky":false,"template":"","format":"standard","meta":{"_acf_changed":false,"inline_featured_image":false,"footnotes":""},"categories":[25,15,5],"tags":[2298,1751,1691,1733,608,2301,13,20,1603,1715,1753,2302,2448,44,1749,1744,1748,1745,2303,2297,2449,1750,1746,12,1747,1372,364,893,2304,117,2450,2388,2403,1742,1452,1752,1629,1338,2299,2451,1716,2278,2276,21,1743,2446,2277,415,1741,2300],"class_list":["post-1402","post","type-post","status-publish","format-standard","has-post-thumbnail","hentry","category-architecture","category-autodesk-revit","category-bim","tag-360-rendering","tag-3d","tag-ameliorations","tag-architectes","tag-architecture","tag-au-2012","tag-autocad","tag-autodesk","tag-autodesk-360","tag-autodesk-360-rendering","tag-autodesk-formit","tag-autodesk-university-2012","tag-bart-akkerhuis","tag-bim","tag-cad-blocks-or-autocad-dynamic-blocks","tag-cad-cam","tag-cad-design","tag-cad-software","tag-classes-virtuelles","tag-codebook","tag-delft-university-of-technology","tag-dessin-2d","tag-drafting","tag-dwg","tag-dwg-to-pdf","tag-etudiants","tag-formit","tag-gratuit","tag-gratuitement","tag-ifc","tag-kimbell-art-museum","tag-le-moniteur","tag-le-moniteur-des-travaux-publics","tag-logiciels-cao","tag-maquette-numerique","tag-modelisation","tag-modelisation-3d","tag-nouvelle-version","tag-panorama-viewer","tag-python-scripting","tag-rendu-autodesk-360","tag-renzo-piano","tag-renzo-piano-building-workshop","tag-revit","tag-revit-architecture","tag-revit-technology-conference","tag-rpbw","tag-rtc","tag-telechargement-gratuit","tag-visualiseur-de-panorama","dhig-theme--light"],"acf":[],"_links":{"self":[{"href":"https:\/\/blogs.autodesk.com\/villagebim\/wp-json\/wp\/v2\/posts\/1402","targetHints":{"allow":["GET"]}}],"collection":[{"href":"https:\/\/blogs.autodesk.com\/villagebim\/wp-json\/wp\/v2\/posts"}],"about":[{"href":"https:\/\/blogs.autodesk.com\/villagebim\/wp-json\/wp\/v2\/types\/post"}],"author":[{"embeddable":true,"href":"https:\/\/blogs.autodesk.com\/villagebim\/wp-json\/wp\/v2\/users\/4760"}],"replies":[{"embeddable":true,"href":"https:\/\/blogs.autodesk.com\/villagebim\/wp-json\/wp\/v2\/comments?post=1402"}],"version-history":[{"count":0,"href":"https:\/\/blogs.autodesk.com\/villagebim\/wp-json\/wp\/v2\/posts\/1402\/revisions"}],"wp:featuredmedia":[{"embeddable":true,"href":"https:\/\/blogs.autodesk.com\/villagebim\/wp-json\/wp\/v2\/media\/2472"}],"wp:attachment":[{"href":"https:\/\/blogs.autodesk.com\/villagebim\/wp-json\/wp\/v2\/media?parent=1402"}],"wp:term":[{"taxonomy":"category","embeddable":true,"href":"https:\/\/blogs.autodesk.com\/villagebim\/wp-json\/wp\/v2\/categories?post=1402"},{"taxonomy":"post_tag","embeddable":true,"href":"https:\/\/blogs.autodesk.com\/villagebim\/wp-json\/wp\/v2\/tags?post=1402"}],"curies":[{"name":"wp","href":"https:\/\/api.w.org\/{rel}","templated":true}]}}