{"id":1482,"date":"2012-10-30T09:30:00","date_gmt":"2012-10-30T07:30:00","guid":{"rendered":"https:\/\/blogs.autodesk.com\/villagebim\/2012\/10\/le-gepa-met-le-bim-l-honneur-pour-les-architectes-et-acteurs-du-projet-dans-le-cadre-de-ses-formations-continues.html"},"modified":"2021-02-09T22:35:17","modified_gmt":"2021-02-09T20:35:17","slug":"le-gepa-met-le-bim-l-honneur-pour-les-architectes-et-acteurs-du-projet-dans-le-cadre-de-ses-formations-continues","status":"publish","type":"post","link":"https:\/\/blogs.autodesk.com\/villagebim\/2012\/10\/le-gepa-met-le-bim-l-honneur-pour-les-architectes-et-acteurs-du-projet-dans-le-cadre-de-ses-formations-continues.html","title":{"rendered":"Le gepa met le BIM \u00e0 l&rsquo;honneur pour les Architectes et acteurs du projet dans le cadre de ses formations continues"},"content":{"rendered":"<p><img loading=\"lazy\" decoding=\"async\" alt=\"\" height=\"147\" src=\"https:\/\/blogs.autodesk.com\/villagebim\/wp-content\/uploads\/sites\/154\/2021\/02\/img_6022f206003bb.jpg\" width=\"111\" \/><\/p>\n<p><a href=\"http:\/\/www.formation-architecte.com\/\">Le GEPA, Association de formation continue pour les Architectes<\/a> organisant chaque ann\u00e9e plus de 120 sessions de formation pour les Architectes \u00e0 Paris et en R\u00e9gion met le BIM \u00e0 l\u2019honneur dans ses catalogues en proposant une formation payante intitul\u00e9e :<\/p>\n<p><a href=\"http:\/\/www.formation-architecte.com\/formations\/bim-concepts-methodologie\">\u201c BIM : Concepts et m\u00e9thodologie \u201c<\/a><\/p>\n<p>Anim\u00e9e par un Grand Expert de l\u2019Impl\u00e9mentation BIM \u00e0 l\u2019International, BIM Manager et Architecte, Ahmed Ryad Sbarta\u00ef, elle s\u2019adresse \u00e0 des publics aussi divers que des :<\/p>\n<ul>\n<li>Architectes confirm\u00e9s souhaitant actualiser leurs connaissances<\/li>\n<li>Ma\u00eetres d&#039;oeuvre<\/li>\n<li>Ing\u00e9nieurs<\/li>\n<li>Promoteurs immobiliers<\/li>\n<li>Ma\u00eetres d&#039;ouvrage<\/li>\n<\/ul>\n<p>D\u2019une dur\u00e9e de 3 jours, elle permettra aux acteurs du projet d\u2019appr\u00e9hender tous les nouveaux d\u00e9fis li\u00e9s au d\u00e9ploiement du BIM.<\/p>\n<p><span style=\"text-decoration: underline\">Prochaines dates :<\/span> 21-21-23\/11\/2012 et 10-11-12\/04\/2013<\/p>\n<p>Plus de d\u00e9tails <a href=\"http:\/\/www.formation-architecte.com\/formations\/bim-concepts-methodologie\">en cliquant ici<\/a>.<\/p>\n<p>T\u00e9l\u00e9phone Gepa : +33 (0)1 53 63 24 00<\/p>\n","protected":false},"excerpt":{"rendered":"<p>Le GEPA, Association de formation continue pour les Architectes organisant chaque ann\u00e9e plus de 120 sessions de formation pour les Architectes \u00e0 Paris et en R\u00e9gion met le BIM \u00e0 l\u2019honneur dans ses catalogues en proposant une formation payante intitul\u00e9e : \u201c BIM : Concepts et m\u00e9thodologie \u201c Anim\u00e9e par un Grand Expert de l\u2019Impl\u00e9mentation [&hellip;]<\/p>\n","protected":false},"author":4760,"featured_media":2472,"menu_order":0,"comment_status":"open","ping_status":"closed","sticky":false,"template":"","format":"standard","meta":{"_acf_changed":false,"inline_featured_image":false,"footnotes":""},"categories":[25,5],"tags":[1751,540,1589,1733,608,13,20,1075,2647,2074,2648,44,7,1932,2646,1749,1744,1748,1745,1750,1746,12,1747,1372,1712,2644,2643,2642,2065,1944,117,1742,1452,1752,1629,2645,21,1743,1741],"class_list":["post-1482","post","type-post","status-publish","format-standard","has-post-thumbnail","hentry","category-architecture","category-bim","tag-3d","tag-app-store","tag-apple-store","tag-architectes","tag-architecture","tag-autocad","tag-autodesk","tag-autodesk-app-store","tag-autodesk-bim-360","tag-autodesk-bim-360-glue","tag-autodesk-glue","tag-bim","tag-bim-360","tag-bim-manager","tag-bim-model-manager","tag-cad-blocks-or-autocad-dynamic-blocks","tag-cad-cam","tag-cad-design","tag-cad-software","tag-dessin-2d","tag-drafting","tag-dwg","tag-dwg-to-pdf","tag-etudiants","tag-formation-bim","tag-formation-continue","tag-formations-architectes","tag-formations-bim","tag-gepa","tag-glue","tag-ifc","tag-logiciels-cao","tag-maquette-numerique","tag-modelisation","tag-modelisation-3d","tag-responsable-bim","tag-revit","tag-revit-architecture","tag-telechargement-gratuit","dhig-theme--light"],"acf":[],"_links":{"self":[{"href":"https:\/\/blogs.autodesk.com\/villagebim\/wp-json\/wp\/v2\/posts\/1482","targetHints":{"allow":["GET"]}}],"collection":[{"href":"https:\/\/blogs.autodesk.com\/villagebim\/wp-json\/wp\/v2\/posts"}],"about":[{"href":"https:\/\/blogs.autodesk.com\/villagebim\/wp-json\/wp\/v2\/types\/post"}],"author":[{"embeddable":true,"href":"https:\/\/blogs.autodesk.com\/villagebim\/wp-json\/wp\/v2\/users\/4760"}],"replies":[{"embeddable":true,"href":"https:\/\/blogs.autodesk.com\/villagebim\/wp-json\/wp\/v2\/comments?post=1482"}],"version-history":[{"count":0,"href":"https:\/\/blogs.autodesk.com\/villagebim\/wp-json\/wp\/v2\/posts\/1482\/revisions"}],"wp:featuredmedia":[{"embeddable":true,"href":"https:\/\/blogs.autodesk.com\/villagebim\/wp-json\/wp\/v2\/media\/2472"}],"wp:attachment":[{"href":"https:\/\/blogs.autodesk.com\/villagebim\/wp-json\/wp\/v2\/media?parent=1482"}],"wp:term":[{"taxonomy":"category","embeddable":true,"href":"https:\/\/blogs.autodesk.com\/villagebim\/wp-json\/wp\/v2\/categories?post=1482"},{"taxonomy":"post_tag","embeddable":true,"href":"https:\/\/blogs.autodesk.com\/villagebim\/wp-json\/wp\/v2\/tags?post=1482"}],"curies":[{"name":"wp","href":"https:\/\/api.w.org\/{rel}","templated":true}]}}