{"id":1505,"date":"2012-09-26T09:30:00","date_gmt":"2012-09-26T07:30:00","guid":{"rendered":"https:\/\/blogs.autodesk.com\/villagebim\/2012\/09\/l-agence-brunet-saunier-architecture-invitee-par-buildingsmart-suisse-temoigne-de-son-expertise-dans-le-domaine-hospitalier.html"},"modified":"2021-02-09T22:36:41","modified_gmt":"2021-02-09T20:36:41","slug":"l-agence-brunet-saunier-architecture-invitee-par-buildingsmart-suisse-temoigne-de-son-expertise-dans-le-domaine-hospitalier","status":"publish","type":"post","link":"https:\/\/blogs.autodesk.com\/villagebim\/2012\/09\/l-agence-brunet-saunier-architecture-invitee-par-buildingsmart-suisse-temoigne-de-son-expertise-dans-le-domaine-hospitalier.html","title":{"rendered":"L&rsquo;Agence Brunet Saunier Architecture invit\u00e9e par buildingSMART Suisse t\u00e9moigne de son Expertise dans le domaine hospitalier et le BIM avec Revit Architecture"},"content":{"rendered":"<p><a href=\"http:\/\/villagebim.typepad.com\/.a\/6a015391e15a28970b017c3222ae69970b-pi\"><img loading=\"lazy\" decoding=\"async\" alt=\"image\" border=\"0\" height=\"137\" src=\"https:\/\/blogs.autodesk.com\/villagebim\/wp-content\/uploads\/sites\/154\/2021\/02\/img_6022f25b87df8.png\" style=\"background-image: none;padding-left: 0px;padding-right: 0px;padding-top: 0px;border: 0px\" title=\"image\" width=\"482\" \/><\/a><\/p>\n<p>L\u2019Agence Brunet Saunier Architecture sera invit\u00e9e par buildingSMART Suisse les 4 et 5 octobre prochains pour t\u00e9moigner de sa grande expertise hospitali\u00e8re et des avantages que le BIM d\u2019Autodesk avec Revit Architecture leur apporte dans leur processus de conception et de r\u00e9alisation de projets.<\/p>\n<p>J\u00e9r\u00f4me Brunet, Architecte et Fondateur de l\u2019Agence ainsi que Gerold Zimmerli, Architecte et Grand Expert dans l\u2019hospitalier collaborant avec l\u2019Agence pr\u00e9senteront le projet d\u2019H\u00f4pital Universitaire de Gen\u00e8ve (HUG).<\/p>\n<p><img decoding=\"async\" alt=\"Nouveau b\u00e2timent des lits (BdL2), HUG H\u00f4pitaux Universitaires de Gen\u00e8ve\" src=\"http:\/\/www.burckhardtpartner.ch\/system\/html\/11163295_bettenhaus_2_hug_quer_a-807e30fa.jpg\" \/><\/p>\n<p>Jacques L\u00e9vy-Bencheton, Architecte-Associ\u00e9 et BIM Manager fera quant \u00e0 lui une pr\u00e9sentation sur le travail de l\u2019Agence autour du BIM et de Revit et d\u00e9crira les b\u00e9n\u00e9fices que leur apporte l\u2019utilisation de Revit Architecture depuis plus de 7 ans et demi.<\/p>\n<p>Pour plus de d\u00e9tails sur cet \u00e9v\u00e8nement, visitez le <a href=\"http:\/\/www.buildingsmart.ch\/index.php?id=51\">site officiel de buildingSMART Suisse<\/a>.<\/p>\n<p>Site officiel de l\u2019Agence <a href=\"http:\/\/www.brunet-saunier.com\/v3\/\">Brunet Saunier Architecture<\/a><\/p>\n","protected":false},"excerpt":{"rendered":"<p>L\u2019Agence Brunet Saunier Architecture sera invit\u00e9e par buildingSMART Suisse les 4 et 5 octobre prochains pour t\u00e9moigner de sa grande expertise hospitali\u00e8re et des avantages que le BIM d\u2019Autodesk avec Revit Architecture leur apporte dans leur processus de conception et de r\u00e9alisation de projets. J\u00e9r\u00f4me Brunet, Architecte et Fondateur de l\u2019Agence ainsi que Gerold Zimmerli, [&hellip;]<\/p>\n","protected":false},"author":4760,"featured_media":2472,"menu_order":0,"comment_status":"open","ping_status":"closed","sticky":false,"template":"","format":"standard","meta":{"_acf_changed":false,"inline_featured_image":false,"footnotes":""},"categories":[25,5,10,16],"tags":[1751,1733,608,13,20,44,2067,649,1749,1744,1748,1745,1750,1746,12,1747,1372,2739,2742,2741,117,2269,2740,2267,1742,1452,1752,1629,21,1743,1005,1741],"class_list":["post-1505","post","type-post","status-publish","format-standard","has-post-thumbnail","hentry","category-architecture","category-bim","category-collaboration","category-interoperabilite","tag-3d","tag-architectes","tag-architecture","tag-autocad","tag-autodesk","tag-bim","tag-bim-ifc","tag-brunet-saunier-architecture","tag-cad-blocks-or-autocad-dynamic-blocks","tag-cad-cam","tag-cad-design","tag-cad-software","tag-dessin-2d","tag-drafting","tag-dwg","tag-dwg-to-pdf","tag-etudiants","tag-gerold-zimmerli","tag-hopital-universitaire-de-geneve","tag-hug","tag-ifc","tag-jacques-levy-bencheton","tag-jacques-lucan","tag-jerome-brunet","tag-logiciels-cao","tag-maquette-numerique","tag-modelisation","tag-modelisation-3d","tag-revit","tag-revit-architecture","tag-suisse","tag-telechargement-gratuit","dhig-theme--light"],"acf":[],"_links":{"self":[{"href":"https:\/\/blogs.autodesk.com\/villagebim\/wp-json\/wp\/v2\/posts\/1505","targetHints":{"allow":["GET"]}}],"collection":[{"href":"https:\/\/blogs.autodesk.com\/villagebim\/wp-json\/wp\/v2\/posts"}],"about":[{"href":"https:\/\/blogs.autodesk.com\/villagebim\/wp-json\/wp\/v2\/types\/post"}],"author":[{"embeddable":true,"href":"https:\/\/blogs.autodesk.com\/villagebim\/wp-json\/wp\/v2\/users\/4760"}],"replies":[{"embeddable":true,"href":"https:\/\/blogs.autodesk.com\/villagebim\/wp-json\/wp\/v2\/comments?post=1505"}],"version-history":[{"count":0,"href":"https:\/\/blogs.autodesk.com\/villagebim\/wp-json\/wp\/v2\/posts\/1505\/revisions"}],"wp:featuredmedia":[{"embeddable":true,"href":"https:\/\/blogs.autodesk.com\/villagebim\/wp-json\/wp\/v2\/media\/2472"}],"wp:attachment":[{"href":"https:\/\/blogs.autodesk.com\/villagebim\/wp-json\/wp\/v2\/media?parent=1505"}],"wp:term":[{"taxonomy":"category","embeddable":true,"href":"https:\/\/blogs.autodesk.com\/villagebim\/wp-json\/wp\/v2\/categories?post=1505"},{"taxonomy":"post_tag","embeddable":true,"href":"https:\/\/blogs.autodesk.com\/villagebim\/wp-json\/wp\/v2\/tags?post=1505"}],"curies":[{"name":"wp","href":"https:\/\/api.w.org\/{rel}","templated":true}]}}