{"id":1506,"date":"2012-09-24T09:30:00","date_gmt":"2012-09-24T07:30:00","guid":{"rendered":"https:\/\/blogs.autodesk.com\/villagebim\/2012\/09\/autodesk-et-son-expert-bim-emmanuel-di-giacomo-presents-sur-le-salon-building-360.html"},"modified":"2021-02-09T22:36:46","modified_gmt":"2021-02-09T20:36:46","slug":"autodesk-et-son-expert-bim-emmanuel-di-giacomo-presents-sur-le-salon-building-360","status":"publish","type":"post","link":"https:\/\/blogs.autodesk.com\/villagebim\/2012\/09\/autodesk-et-son-expert-bim-emmanuel-di-giacomo-presents-sur-le-salon-building-360.html","title":{"rendered":"Autodesk et son Expert BIM Emmanuel Di Giacomo pr\u00e9sents sur le salon Building 360"},"content":{"rendered":"<p><a href=\"http:\/\/www.building-360.fr\/\" target=\"_self\" rel=\"noopener noreferrer\"><img loading=\"lazy\" decoding=\"async\" alt=\"image\" border=\"0\" height=\"56\" src=\"https:\/\/blogs.autodesk.com\/villagebim\/wp-content\/uploads\/sites\/154\/2021\/02\/img_6022f25ff06d4.png\" style=\"background-image: none;padding-left: 0px;padding-right: 0px;padding-top: 0px;border: 0px\" title=\"image\" width=\"446\" \/><\/a><\/p>\n<p>Comme chaque ann\u00e9e, le salon <a href=\"http:\/\/www.building-360.fr\/\" target=\"_self\" rel=\"noopener noreferrer\">Building 360<\/a> donne des r\u00e9ponses \u00e0 de nombreux visiteurs aux d\u00e9fis de la construction et de l&#039;urbanisme durable. Il se tient au CNIT \u00e0 La D\u00e9fense et a lieu les 26 et 27 septembre 2012.<\/p>\n<p><em>Building360 est organis\u00e9 pour r\u00e9pondre \u00e0 ces questions \u00e0 travers 4 approches compl\u00e9mentaires : <br \/><\/em>&#8211; Les composants performants du b\u00e2timent durable : <a href=\"http:\/\/www.building-360.fr\/info_article\/m\/29\/l%E2%80%99-%C3%A9quation-du-b%C3%A2timent-durable.html\">syst\u00e8mes constructifs, \u00e9quipements, mat\u00e9riaux<\/a><\/p>\n<p>&#8211; Les <a href=\"http:\/\/www.building-360.fr\/info_article\/m\/30\/nouvelles-comp%C3%A9tences-nouvelles-technologies.html\">comp\u00e9tences, services et outils logiciels <\/a>pour une approche globale<\/p>\n<p>&#8211; Les dynamiques de <a href=\"http:\/\/www.building-360.fr\/info_article\/m\/27\/l%E2%80%99innovation-%C3%A0-l%E2%80%99honneur-sur-building360.html\">territoire pour l&#039;\u00e9co-construction et l&#039;innovation<\/a><\/p>\n<p>&#8211; Le changement d&#039;\u00e9chelle du b\u00e2timent \u00e0 <a href=\"http:\/\/www.building-360.fr\/info_article\/m\/28\/b%C3%A2timents-%C3%A9coquartiers-et-villes-durables.html\">la ville durable<\/a><\/p>\n<p><em>L\u2019Equipe Autodesk et son Expert BIM pour l\u2019Architecture, Emmanuel Di Giacomo , seront pr\u00e9sents \u00e0 2 des tables rondes qui sont organis\u00e9es dont voici le d\u00e9tail ci-dessous :<\/em><\/p>\n<p><strong>1\/ Apports des outils num\u00e9riques pour les ma\u00eetres d\u2019ouvrages et les \u00e9quipes de conception : respect des r\u00e8glementations, qualit\u00e9 construction, ma\u00eetrise globale des co\u00fbts, gains de productivit\u00e9, performance d\u2019exploitation.<\/strong> <br \/>L\u2019utilisation des outils de maquette num\u00e9rique, l\u2019\u00e9change de donn\u00e9es construction de la conception \u00e0 l\u2019exploitation peuvent apporter de nombreux b\u00e9n\u00e9fices : \u00e9tat de l\u2019art de ce que l\u2019on peut faire et du retour sur investissement.<\/p>\n<p>Cette conf\u00e9rence a lieu le : <strong>27\/09\/2012<\/strong> de <strong>12:00<\/strong> \u00e0 <strong>13:00<\/strong> \u00e0 <strong>CNIT &#8211; Paris La D\u00e9fense<\/strong><\/p>\n<p>\u00bb <a href=\"http:\/\/www.building-360.fr\/visiter.php\">Pour vous inscrire \u00e0 cette Table Ronde, cliquez-ici<\/a><\/p>\n<p><strong>Anim\u00e9(e) par <\/strong>Guersendre NAGY, MEDIACONSTRUCT <br \/><strong>Intervenant(s) : <\/strong><br \/>\u2022 <a href=\"http:\/\/www.building-360.fr\/info_int\/128\/ALAMY.html\">Philippe ALAMY, Directeur Marketing &amp; Commercial , RAYCREATIS<\/a> <br \/>\u2022 <a href=\"http:\/\/www.building-360.fr\/info_int\/109\/DI GIACOMO.html\">Emmanuel DI GIACOMO, Responsable Technique BIM avant-vente AEC Architecture , Autodesk<\/a><\/p>\n<p>&#8212;&#8212;&#8212;&#8212;&#8212;&#8212;&#8212;&#8212;&#8212;&#8212;&#8212;&#8212;&#8212;&#8212;&#8212;&#8212;&#8212;&#8212;&#8212;&#8212;&#8212;&#8212;&#8212;&#8212;&#8212;&#8212;&#8212;&#8212;&#8212;&#8212;&#8212;&#8212;&#8212;&#8212;&#8212;&#8212;&#8212;&#8212;-<\/p>\n<p><strong>2\/ Outils, solutions techniques &amp; financements pour la r\u00e9habilitation \u00e9nerg\u00e9tique.<\/strong> <br \/>Optimiser et financer la r\u00e9habilitation \u00e9nerg\u00e9tique ont permis l\u2019\u00e9mergence de nouvelles techniques, de nouvelles m\u00e9thodes et de nouveaux contrats.<\/p>\n<p>Cette conf\u00e9rence a lieu le : <strong>27\/09\/2012<\/strong> de <strong>15:30<\/strong> \u00e0 <strong>16:30<\/strong> \u00e0 <strong>CNIT &#8211; Paris La D\u00e9fense<\/strong><\/p>\n<p>\u00bb <a href=\"http:\/\/www.building-360.fr\/visiter.php\">Pour vous inscrire \u00e0 cette Table Ronde, cliquez-ici<\/a><\/p>\n<p><strong>Anim\u00e9(e) par <\/strong>Alain Sevanche <br \/><strong>Intervenant(s) : <\/strong><br \/>\u2022 <a href=\"http:\/\/www.building-360.fr\/info_int\/99\/CONAN.html\">Joel CONAN, Conseiller du Pr\u00e9sident, FEDENE<\/a> <br \/>\u2022 <a href=\"http:\/\/www.building-360.fr\/info_int\/109\/DI GIACOMO.html\">Emmanuel DI GIACOMO, Responsable Technique avant-vente BIM AEC Architecture , Autodesk<\/a><\/p>\n<p>Site officiel Building 360 : <a href=\"http:\/\/www.building-360.fr\/\">http:\/\/www.building-360.fr\/<\/a><\/p>\n<p>Inscrivez-vous vite !<\/p>\n","protected":false},"excerpt":{"rendered":"<p>Comme chaque ann\u00e9e, le salon Building 360 donne des r\u00e9ponses \u00e0 de nombreux visiteurs aux d\u00e9fis de la construction et de l&#039;urbanisme durable. Il se tient au CNIT \u00e0 La D\u00e9fense et a lieu les 26 et 27 septembre 2012. Building360 est organis\u00e9 pour r\u00e9pondre \u00e0 ces questions \u00e0 travers 4 approches compl\u00e9mentaires : &#8211; [&hellip;]<\/p>\n","protected":false},"author":4760,"featured_media":2472,"menu_order":0,"comment_status":"open","ping_status":"closed","sticky":false,"template":"","format":"standard","meta":{"_acf_changed":false,"inline_featured_image":false,"footnotes":""},"categories":[25,5,10,27,16,77],"tags":[1751,1733,608,13,20,44,2743,1749,1744,1748,1745,2744,2746,1750,667,1746,12,1747,1372,117,2745,1742,1452,1752,1629,1725,21,1743,1741],"class_list":["post-1506","post","type-post","status-publish","format-standard","has-post-thumbnail","hentry","category-architecture","category-bim","category-collaboration","category-construction","category-interoperabilite","category-simulations-analyses","tag-3d","tag-architectes","tag-architecture","tag-autocad","tag-autodesk","tag-bim","tag-building-360","tag-cad-blocks-or-autocad-dynamic-blocks","tag-cad-cam","tag-cad-design","tag-cad-software","tag-cnit","tag-composants-du-batiment","tag-dessin-2d","tag-developpement-durable","tag-drafting","tag-dwg","tag-dwg-to-pdf","tag-etudiants","tag-ifc","tag-la-defense","tag-logiciels-cao","tag-maquette-numerique","tag-modelisation","tag-modelisation-3d","tag-performances-energetiques","tag-revit","tag-revit-architecture","tag-telechargement-gratuit","dhig-theme--light"],"acf":[],"_links":{"self":[{"href":"https:\/\/blogs.autodesk.com\/villagebim\/wp-json\/wp\/v2\/posts\/1506","targetHints":{"allow":["GET"]}}],"collection":[{"href":"https:\/\/blogs.autodesk.com\/villagebim\/wp-json\/wp\/v2\/posts"}],"about":[{"href":"https:\/\/blogs.autodesk.com\/villagebim\/wp-json\/wp\/v2\/types\/post"}],"author":[{"embeddable":true,"href":"https:\/\/blogs.autodesk.com\/villagebim\/wp-json\/wp\/v2\/users\/4760"}],"replies":[{"embeddable":true,"href":"https:\/\/blogs.autodesk.com\/villagebim\/wp-json\/wp\/v2\/comments?post=1506"}],"version-history":[{"count":0,"href":"https:\/\/blogs.autodesk.com\/villagebim\/wp-json\/wp\/v2\/posts\/1506\/revisions"}],"wp:featuredmedia":[{"embeddable":true,"href":"https:\/\/blogs.autodesk.com\/villagebim\/wp-json\/wp\/v2\/media\/2472"}],"wp:attachment":[{"href":"https:\/\/blogs.autodesk.com\/villagebim\/wp-json\/wp\/v2\/media?parent=1506"}],"wp:term":[{"taxonomy":"category","embeddable":true,"href":"https:\/\/blogs.autodesk.com\/villagebim\/wp-json\/wp\/v2\/categories?post=1506"},{"taxonomy":"post_tag","embeddable":true,"href":"https:\/\/blogs.autodesk.com\/villagebim\/wp-json\/wp\/v2\/tags?post=1506"}],"curies":[{"name":"wp","href":"https:\/\/api.w.org\/{rel}","templated":true}]}}