{"id":1514,"date":"2012-09-12T05:05:00","date_gmt":"2012-09-12T03:05:00","guid":{"rendered":"https:\/\/blogs.autodesk.com\/villagebim\/2012\/09\/le-moniteur-article-et-photo-du-batiment-a-energie-positive-de-lagence-creon-ralise-avec-revit-architecture.html"},"modified":"2021-02-09T22:37:09","modified_gmt":"2021-02-09T20:37:09","slug":"le-moniteur-article-et-photo-du-batiment-a-energie-positive-de-lagence-creon-ralise-avec-revit-architecture","status":"publish","type":"post","link":"https:\/\/blogs.autodesk.com\/villagebim\/2012\/09\/le-moniteur-article-et-photo-du-batiment-a-energie-positive-de-lagence-creon-ralise-avec-revit-architecture.html","title":{"rendered":"Le Moniteur &#8211; Article et photo du b\u00e2iment \u00e0 \u00e9nergie positive de l&rsquo;Agence Creon r\u00e9alis\u00e9 avec Revit Architecture"},"content":{"rendered":"<p>Clin d\u2019oeil ! Un r\u00e9cent article du site le Moniteur sur l\u2019extinction des lumi\u00e8res de bureaux affiche en photo le beau projet de la ZAC de Bonne \u00e0 Grenoble de <a href=\"http:\/\/www.charon-rampillon.com\/\">l\u2019Agence Creon<\/a> \u00e0 Grenoble, premier b\u00e2timent de bureaux exemplaire \u00e0 \u00e9nergie positive r\u00e9alis\u00e9\u2026avec Revit Architecture par la cr\u00e9ative Agence Creon (Jean-Philippe Charon et Thierry Rampillon) ! Un grand bravo \u00e0 eux !<\/p>\n<p><a href=\"http:\/\/www.lemoniteur.fr\/201-management\/article\/actualite\/18879677-bureaux-pas-d-occupation-pas-de-lumiere\">Voir l\u2019article ici.<\/a><\/p>\n<p><a href=\"http:\/\/www.lemoniteur.fr\/201-management\/article\/actualite\/18879677-bureaux-pas-d-occupation-pas-de-lumiere\"><img loading=\"lazy\" decoding=\"async\" alt=\"image\" border=\"0\" height=\"449\" src=\"https:\/\/blogs.autodesk.com\/villagebim\/wp-content\/uploads\/sites\/154\/2021\/02\/img_6022f276b034c.png\" style=\"background-image: none;padding-left: 0px;padding-right: 0px;padding-top: 0px;border-width: 0px\" title=\"image\" width=\"487\" \/><\/a><\/p>\n<p>Le S<a href=\"http:\/\/www.charon-rampillon.com\/\">ite officiel de l\u2019Agence Creon<\/a><\/p>\n<p><a href=\"http:\/\/villagebim.typepad.com\/.a\/6a015391e15a28970b01761785a21c970c-pi\"><img loading=\"lazy\" decoding=\"async\" alt=\"image\" border=\"0\" height=\"358\" src=\"https:\/\/blogs.autodesk.com\/villagebim\/wp-content\/uploads\/sites\/154\/2021\/02\/img_6022f2798e344.png\" style=\"background-image: none;padding-left: 0px;padding-right: 0px;padding-top: 0px;border: 0px\" title=\"image\" width=\"495\" \/><\/a><\/p>\n<p>Consulter le <a href=\"http:\/\/www.debonne-grenoble.fr\/index.php?\/fr\/Les-commerces-et-equipements\/Bonne-Energie-C\">site de la ZAC de Bonne \u00e0 Grenoble<\/a>.<\/p>\n<p><a href=\"http:\/\/www.debonne-grenoble.fr\/index.php?\/fr\/Les-commerces-et-equipements\/Bonne-Energie-C\"><img loading=\"lazy\" decoding=\"async\" alt=\"image\" border=\"0\" height=\"377\" src=\"https:\/\/blogs.autodesk.com\/villagebim\/wp-content\/uploads\/sites\/154\/2021\/02\/img_6022f27c53617.png\" style=\"background-image: none;padding-left: 0px;padding-right: 0px;padding-top: 0px;border: 0px\" title=\"image\" width=\"493\" \/><\/a><\/p>\n<p>Cr\u00e9dits : Agence Creon, Site le Moniteur, site de Bonne Grenoble<\/p>\n","protected":false},"excerpt":{"rendered":"<p>Clin d\u2019oeil ! Un r\u00e9cent article du site le Moniteur sur l\u2019extinction des lumi\u00e8res de bureaux affiche en photo le beau projet de la ZAC de Bonne \u00e0 Grenoble de l\u2019Agence Creon \u00e0 Grenoble, premier b\u00e2timent de bureaux exemplaire \u00e0 \u00e9nergie positive r\u00e9alis\u00e9\u2026avec Revit Architecture par la cr\u00e9ative Agence Creon (Jean-Philippe Charon et Thierry Rampillon) [&hellip;]<\/p>\n","protected":false},"author":4760,"featured_media":2472,"menu_order":0,"comment_status":"open","ping_status":"closed","sticky":false,"template":"","format":"standard","meta":{"_acf_changed":false,"inline_featured_image":false,"footnotes":""},"categories":[25,5],"tags":[1751,2760,1733,608,13,20,44,2764,1749,1744,1748,1745,2378,2761,1750,1746,12,1747,1372,2762,117,2765,1742,1452,1752,1629,2766,21,1743,1741,2377,2763],"class_list":["post-1514","post","type-post","status-publish","format-standard","has-post-thumbnail","hentry","category-architecture","category-bim","tag-3d","tag-agence-creon","tag-architectes","tag-architecture","tag-autocad","tag-autodesk","tag-bim","tag-bonne-energie","tag-cad-blocks-or-autocad-dynamic-blocks","tag-cad-cam","tag-cad-design","tag-cad-software","tag-charon-rampillon","tag-creon-grenoble","tag-dessin-2d","tag-drafting","tag-dwg","tag-dwg-to-pdf","tag-etudiants","tag-grenoble","tag-ifc","tag-jean-philippe-charon","tag-logiciels-cao","tag-maquette-numerique","tag-modelisation","tag-modelisation-3d","tag-rampillon","tag-revit","tag-revit-architecture","tag-telechargement-gratuit","tag-thierry-rampillon","tag-zac-de-bonne","dhig-theme--light"],"acf":[],"_links":{"self":[{"href":"https:\/\/blogs.autodesk.com\/villagebim\/wp-json\/wp\/v2\/posts\/1514","targetHints":{"allow":["GET"]}}],"collection":[{"href":"https:\/\/blogs.autodesk.com\/villagebim\/wp-json\/wp\/v2\/posts"}],"about":[{"href":"https:\/\/blogs.autodesk.com\/villagebim\/wp-json\/wp\/v2\/types\/post"}],"author":[{"embeddable":true,"href":"https:\/\/blogs.autodesk.com\/villagebim\/wp-json\/wp\/v2\/users\/4760"}],"replies":[{"embeddable":true,"href":"https:\/\/blogs.autodesk.com\/villagebim\/wp-json\/wp\/v2\/comments?post=1514"}],"version-history":[{"count":0,"href":"https:\/\/blogs.autodesk.com\/villagebim\/wp-json\/wp\/v2\/posts\/1514\/revisions"}],"wp:featuredmedia":[{"embeddable":true,"href":"https:\/\/blogs.autodesk.com\/villagebim\/wp-json\/wp\/v2\/media\/2472"}],"wp:attachment":[{"href":"https:\/\/blogs.autodesk.com\/villagebim\/wp-json\/wp\/v2\/media?parent=1514"}],"wp:term":[{"taxonomy":"category","embeddable":true,"href":"https:\/\/blogs.autodesk.com\/villagebim\/wp-json\/wp\/v2\/categories?post=1514"},{"taxonomy":"post_tag","embeddable":true,"href":"https:\/\/blogs.autodesk.com\/villagebim\/wp-json\/wp\/v2\/tags?post=1514"}],"curies":[{"name":"wp","href":"https:\/\/api.w.org\/{rel}","templated":true}]}}