{"id":1522,"date":"2012-08-31T09:30:00","date_gmt":"2012-08-31T07:30:00","guid":{"rendered":"https:\/\/blogs.autodesk.com\/villagebim\/2012\/08\/integration-d-ibm-maximo-dans-revit-2013-plug-in-disponible-sur-le-labs-la-gestion-et-maintenance-des-batiments-a-votre-porte.html"},"modified":"2021-02-09T22:37:45","modified_gmt":"2021-02-09T20:37:45","slug":"integration-d-ibm-maximo-dans-revit-2013-plug-in-disponible-sur-le-labs-la-gestion-et-maintenance-des-batiments-a-votre-porte","status":"publish","type":"post","link":"https:\/\/blogs.autodesk.com\/villagebim\/2012\/08\/integration-d-ibm-maximo-dans-revit-2013-plug-in-disponible-sur-le-labs-la-gestion-et-maintenance-des-batiments-a-votre-porte.html","title":{"rendered":"Int\u00e9gration IBM\u00ae Maximo\u00ae dans Revit\u00ae 2013 &#8211; Plug-in disponible sur le Labs. La gestion et maintenance des b\u00e2timents \u00e0 votre port\u00e9e !"},"content":{"rendered":"<table border=\"0\" cellpadding=\"2\" cellspacing=\"0\" width=\"400\">\n<tbody>\n<tr>\n<td valign=\"top\" width=\"200\"><img loading=\"lazy\" decoding=\"async\" alt=\"\" height=\"111\" src=\"http:\/\/labs.autodesk.com\/sites\/default\/files\/RevitMaximoIntegration_204x120a.jpg?1343751826\" width=\"189\" \/><\/td>\n<td valign=\"top\" width=\"200\"><img loading=\"lazy\" decoding=\"async\" alt=\"\" height=\"111\" src=\"http:\/\/labs.autodesk.com\/sites\/default\/files\/u8\/R4_tivoli_software_color.jpg\" width=\"251\" \/><\/td>\n<\/tr>\n<\/tbody>\n<\/table>\n<p>Autodesk l\u2019annon\u00e7ait depuis quelques temps maintenant, l\u2019int\u00e9gration de IBM\u00ae Maximo\u00ae prend enfin forme par le biais d\u2019un plug-in disponible pour Revit sur le Labs en pr\u00e9visualisation.<\/p>\n<p>L\u2019int\u00e9gration Revit Maximo exporte les donn\u00e9es BIM d\u2019un projet de b\u00e2timent&#160; directement dans Maximo. Cette int\u00e9gration supporte le format de sp\u00e9cification COBie (format d\u2019\u00e9change BIM International) et permet la visualisation du mod\u00e8le dans Maximo, en corr\u00e9lation avec les applications et process de Maximo, afin de donner leurs lettres de noblesses aux activit\u00e9s de gestion et de maintenance des b\u00e2timents.<\/p>\n<div class=\"wlWriterEditableSmartContent\" id=\"scid:5737277B-5D6D-4f48-ABFC-DD9C333F4C5D:bc76f7e0-93be-4b73-a4b3-803f25fe8293\" style=\"margin: 0px;float: none;padding: 0px\">\n<div id=\"d7b560c1-a0cb-4088-807b-579e026aba36\" style=\"margin: 0px;padding: 0px\">\n<div><a href=\"http:\/\/www.youtube.com\/watch?v=cUe_DDEaQPw&amp;feature=youtu.be\" target=\"_new\" rel=\"noopener noreferrer\"><img decoding=\"async\" alt=\"\" src=\"https:\/\/blogs.autodesk.com\/villagebim\/wp-content\/uploads\/sites\/154\/2021\/02\/img_6022f29bc77b1.jpg\" style=\"border-style: none\" \/><\/a><\/div>\n<\/div>\n<div style=\"width: 448px;clear: both;font-size: .8em\">Revit-Maximo : une int\u00e9gration optimale !<\/div>\n<\/div>\n<p>Visitez le Labs \u00e0 l\u2019adresse suivante <a href=\"http:\/\/labs.autodesk.com\/utilities\/revit_maximo\">http:\/\/labs.autodesk.com\/utilities\/revit_maximo<\/a> pour en savoir plus et t\u00e9l\u00e9charger le plug-in pour Revit.<\/p>\n<p>Mais qu\u2019est-ce que le format COBie et comment en g\u00e9n\u00e9rer \u00e0 partir de Revit ? <a href=\"http:\/\/usa.autodesk.com\/adsk\/servlet\/index?id=16086900&amp;siteID=123112\">La r\u00e9ponse ici.<\/a><\/p>\n","protected":false},"excerpt":{"rendered":"<p>Autodesk l\u2019annon\u00e7ait depuis quelques temps maintenant, l\u2019int\u00e9gration de IBM\u00ae Maximo\u00ae prend enfin forme par le biais d\u2019un plug-in disponible pour Revit sur le Labs en pr\u00e9visualisation. L\u2019int\u00e9gration Revit Maximo exporte les donn\u00e9es BIM d\u2019un projet de b\u00e2timent&#160; directement dans Maximo. Cette int\u00e9gration supporte le format de sp\u00e9cification COBie (format d\u2019\u00e9change BIM International) et permet la [&hellip;]<\/p>\n","protected":false},"author":4760,"featured_media":2472,"menu_order":0,"comment_status":"open","ping_status":"closed","sticky":false,"template":"","format":"standard","meta":{"_acf_changed":false,"inline_featured_image":false,"footnotes":""},"categories":[5,299,76],"tags":[1751,1733,608,13,20,44,1749,1744,1748,1745,1750,1746,12,1747,1372,2629,2628,2627,2783,2779,2780,117,1742,1452,2781,1752,1629,2782,21,1743,1741],"class_list":["post-1522","post","type-post","status-publish","format-standard","has-post-thumbnail","hentry","category-bim","category-labs-et-versions-beta","category-partenaires","tag-3d","tag-architectes","tag-architecture","tag-autocad","tag-autodesk","tag-bim","tag-cad-blocks-or-autocad-dynamic-blocks","tag-cad-cam","tag-cad-design","tag-cad-software","tag-dessin-2d","tag-drafting","tag-dwg","tag-dwg-to-pdf","tag-etudiants","tag-facility-management","tag-fm","tag-gestion-de-patrimoine","tag-gestion-et-maintenance","tag-ibm","tag-ibm-maximo","tag-ifc","tag-logiciels-cao","tag-maquette-numerique","tag-maximo","tag-modelisation","tag-modelisation-3d","tag-operation-and-maintenance","tag-revit","tag-revit-architecture","tag-telechargement-gratuit","dhig-theme--light"],"acf":[],"_links":{"self":[{"href":"https:\/\/blogs.autodesk.com\/villagebim\/wp-json\/wp\/v2\/posts\/1522","targetHints":{"allow":["GET"]}}],"collection":[{"href":"https:\/\/blogs.autodesk.com\/villagebim\/wp-json\/wp\/v2\/posts"}],"about":[{"href":"https:\/\/blogs.autodesk.com\/villagebim\/wp-json\/wp\/v2\/types\/post"}],"author":[{"embeddable":true,"href":"https:\/\/blogs.autodesk.com\/villagebim\/wp-json\/wp\/v2\/users\/4760"}],"replies":[{"embeddable":true,"href":"https:\/\/blogs.autodesk.com\/villagebim\/wp-json\/wp\/v2\/comments?post=1522"}],"version-history":[{"count":0,"href":"https:\/\/blogs.autodesk.com\/villagebim\/wp-json\/wp\/v2\/posts\/1522\/revisions"}],"wp:featuredmedia":[{"embeddable":true,"href":"https:\/\/blogs.autodesk.com\/villagebim\/wp-json\/wp\/v2\/media\/2472"}],"wp:attachment":[{"href":"https:\/\/blogs.autodesk.com\/villagebim\/wp-json\/wp\/v2\/media?parent=1522"}],"wp:term":[{"taxonomy":"category","embeddable":true,"href":"https:\/\/blogs.autodesk.com\/villagebim\/wp-json\/wp\/v2\/categories?post=1522"},{"taxonomy":"post_tag","embeddable":true,"href":"https:\/\/blogs.autodesk.com\/villagebim\/wp-json\/wp\/v2\/tags?post=1522"}],"curies":[{"name":"wp","href":"https:\/\/api.w.org\/{rel}","templated":true}]}}