{"id":1566,"date":"2012-06-13T19:51:29","date_gmt":"2012-06-13T17:51:29","guid":{"rendered":"https:\/\/blogs.autodesk.com\/villagebim\/2012\/06\/conference-le-19-juin-2012-recours-a-la-maquette-numerique-strategie-bim-du-gouvernement-anglais-temoignages.html"},"modified":"2021-02-09T22:42:18","modified_gmt":"2021-02-09T20:42:18","slug":"conference-le-19-juin-2012-recours-a-la-maquette-numerique-strategie-bim-du-gouvernement-anglais-temoignages","status":"publish","type":"post","link":"https:\/\/blogs.autodesk.com\/villagebim\/2012\/06\/conference-le-19-juin-2012-recours-a-la-maquette-numerique-strategie-bim-du-gouvernement-anglais-temoignages.html","title":{"rendered":"Conf\u00e9rence le 19 juin 2012 &#8211; Recours \u00e0 la maquette num\u00e9rique : Strat\u00e9gie BIM du gouvernement anglais (t\u00e9moignages)"},"content":{"rendered":"<p><a href=\"http:\/\/villagebim.typepad.com\/.a\/6a015391e15a28970b0176156e2c05970c-pi\"><img loading=\"lazy\" decoding=\"async\" alt=\"image\" border=\"0\" height=\"212\" src=\"https:\/\/blogs.autodesk.com\/villagebim\/wp-content\/uploads\/sites\/154\/2021\/02\/img_6022f3ab941b7.png\" style=\"background-image: none;padding-left: 0px;padding-right: 0px;padding-top: 0px;border: 0px\" title=\"image\" width=\"483\" \/><\/a><\/p>\n<p><strong>Dans le cadre des Ateliers Num\u00e9riques, Autodesk invite les Architectes \u00e0 un Hors-s\u00e9rie le mardi 19 juin 2012 \u00e0 partir de 18H \u00e0 l&#039;Ecole Nationale Sup\u00e9rieure d\u2019Architecture Paris de Val-de-Seine.<\/strong><\/p>\n<p>Cet \u00e9v\u00e8nement sera l\u2019occasion de d\u00e9tailler le pourquoi et le comment du passage au BIM que le Gouvernement anglais a r\u00e9cemment annonc\u00e9 officiellement. Cette nouvelle strat\u00e9gie pour le Secteur de la Construction y sera pr\u00e9sent\u00e9e. Elle demande aux professionnels de fournir un mod\u00e8le BIM 3D Collaboratif (avec toutes les informations du projet et son contenu, incluant documentation et donn\u00e9es \u00e9lectroniques) pour tous les projets publics d\u00e8s 2016 s\u2019engageant avec l&#039;industrie du BTP sur un programme de quatre ans pour la modernisation du Secteur du BTP.<\/p>\n<p>L\u2019objectif principal touche \u00e0 la r\u00e9duction des co\u00fbts, ainsi que la diminution de 20% de l\u2019empreinte carbone lors de la construction et de l&#039;exploitation de l&#039;environnement b\u00e2ti. L\u2019adoption de la m\u00e9thodologie et des technologies BIM (Building Information Modeling) se place au coeur de cette ambition avec notamment des process et comportements collaboratifs qui permettront d\u2019ouvrir la voie \u00e0 de nouvelles mani\u00e8res de travailler \u00e0 tous les stades du cycle de vie du projet.<\/p>\n<p>Dans ce contexte, le r\u00f4le de l\u2019architecte \u00e9volue, lui permettant de se positionner comme acteur strat\u00e9gique et incontournable autour du projet et de sa maquette num\u00e9rique BIM. A l&#039;heure o\u00f9 de nombreux architectes fran\u00e7ais envisagent d&#039;utiliser des outils BIM, et o\u00f9 les ma\u00eetres d&#039;ouvrage publics et priv\u00e9s s&#039;interrogent sur l&#039;opportunit\u00e9 de demander des maquettes num\u00e9riques aux concepteurs, il est int\u00e9ressant d&#039;analyser les pratiques anglaises, pr\u00e9curseurs dans ce domaine.<\/p>\n<p>Si vous \u00eates Architecte et que ce th\u00e8me vous int\u00e9resse, rejoignez-nous en vous <a href=\"https:\/\/leads.autodesk.com\/aprimoportal\/etrack.aspx?DSN=7f98cd601ea567f8649a5d74b1958a30&amp;FORMID=b71b27cc13f71ea7143393ff82991e68&amp;INTID=51fff7e6a5f7717d4d3433dab2c32d87&amp;AUDID=da976a511a8ea2de7bc43013cddd50fad256d82cea539178&amp;DECODE=1&amp;URL=http:\/\/www.autodesk.fr\/bim_edm1_register\">inscrivant ici<\/a>.<\/p>\n<h4><span style=\"font-size: x-small\"><span style=\"color: #ff0000;font-weight: bold\">Programme :<\/span><\/span><\/h4>\n<table border=\"0\" cellpadding=\"0\" cellspacing=\"0\">\n<tbody>\n<tr>\n<td valign=\"top\" width=\"50\">\n<p><strong>18h00 :&#160; <\/strong><\/p>\n<\/td>\n<td valign=\"top\" width=\"550\">\n<p>Accueil<\/p>\n<\/td>\n<\/tr>\n<tr>\n<td valign=\"top\">\n<p><strong>18h30 :&#160; <\/strong><\/p>\n<\/td>\n<td valign=\"top\">\n<p>Introduction Olivier Celnik, architecte (Z.STUDIO) et enseignant (ENSA Paris Val de Seine, EVCAU)<\/p>\n<\/td>\n<\/tr>\n<tr>\n<td valign=\"top\">\n<p><strong>18h40 :&#160; <\/strong><\/p>\n<\/td>\n<td valign=\"top\">\n<p>Pr\u00e9sentation de l\u2019historique de la r\u00e9forme du BIM et de la strat\u00e9gie pour le secteur de la construction en Angleterre par Adam Matthews, en charge des relations avec les gouvernements chez Autodesk et mandat\u00e9 sur la r\u00e9forme du BIM dans le coll\u00e8ge Editeurs par le Gouvernement britannique. <br \/>Impact de la r\u00e9forme pour les architectes en Angleterre : t\u00e9moignage de David Miller, Directeur &amp; Architecte de DMA <a href=\"https:\/\/leads.autodesk.com\/aprimoportal\/etrack.aspx?DSN=7f98cd601ea567f8649a5d74b1958a30&amp;FORMID=b71b27cc13f71ea7143393ff82991e68&amp;INTID=51fff7e6a5f7717d4d3433dab2c32d87&amp;AUDID=da976a511a8ea2de7bc43013cddd50fad256d82cea539178&amp;DECODE=1&amp;URL=http:\/\/www.david-miller.co.uk\/\">http:\/\/www.david-miller.co.uk\/<\/a>.<\/p>\n<\/td>\n<\/tr>\n<tr>\n<td valign=\"top\">\n<p><strong>19h45 :&#160; <\/strong><\/p>\n<\/td>\n<td valign=\"top\">\n<p>Questions &amp; r\u00e9ponses<\/p>\n<\/td>\n<\/tr>\n<tr>\n<td valign=\"top\">\n<p><strong>20h00 :&#160; <\/strong><\/p>\n<\/td>\n<td valign=\"top\">\n<p>Cocktail<\/p>\n<\/td>\n<\/tr>\n<\/tbody>\n<\/table>\n<h4><span style=\"color: #ff0000;font-size: x-small\">Lieu :<\/span><\/h4>\n<p><strong>Ecole Nationale Sup\u00e9rieure d\u2019Architecture Paris-Val de Seine<\/strong> <br \/>3 quai Panhard et Levassor <br \/>75013 Paris <br \/>(m\u00e9tro ligne14 et RER C, station Biblioth\u00e8que Fran\u00e7ois Mitterrand)<\/p>\n","protected":false},"excerpt":{"rendered":"<p>Dans le cadre des Ateliers Num\u00e9riques, Autodesk invite les Architectes \u00e0 un Hors-s\u00e9rie le mardi 19 juin 2012 \u00e0 partir de 18H \u00e0 l&#039;Ecole Nationale Sup\u00e9rieure d\u2019Architecture Paris de Val-de-Seine. Cet \u00e9v\u00e8nement sera l\u2019occasion de d\u00e9tailler le pourquoi et le comment du passage au BIM que le Gouvernement anglais a r\u00e9cemment annonc\u00e9 officiellement. Cette nouvelle [&hellip;]<\/p>\n","protected":false},"author":4760,"featured_media":2472,"menu_order":0,"comment_status":"open","ping_status":"closed","sticky":false,"template":"","format":"standard","meta":{"_acf_changed":false,"inline_featured_image":false,"footnotes":""},"categories":[25,5,16],"tags":[1751,2849,1778,1733,608,13,20,44,2067,1749,1744,1748,1745,1750,1746,12,1747,1372,2851,2847,117,1742,1452,1752,1629,2670,21,1743,2848,2846,1741,2850],"class_list":["post-1566","post","type-post","status-publish","format-standard","has-post-thumbnail","hentry","category-architecture","category-bim","category-interoperabilite","tag-3d","tag-add-in","tag-add-on","tag-architectes","tag-architecture","tag-autocad","tag-autodesk","tag-bim","tag-bim-ifc","tag-cad-blocks-or-autocad-dynamic-blocks","tag-cad-cam","tag-cad-design","tag-cad-software","tag-dessin-2d","tag-drafting","tag-dwg","tag-dwg-to-pdf","tag-etudiants","tag-formes","tag-gouvernement-anglais","tag-ifc","tag-logiciels-cao","tag-maquette-numerique","tag-modelisation","tag-modelisation-3d","tag-project-vasari","tag-revit","tag-revit-architecture","tag-sliders","tag-strategie-bim","tag-telechargement-gratuit","tag-varier","dhig-theme--light"],"acf":[],"_links":{"self":[{"href":"https:\/\/blogs.autodesk.com\/villagebim\/wp-json\/wp\/v2\/posts\/1566","targetHints":{"allow":["GET"]}}],"collection":[{"href":"https:\/\/blogs.autodesk.com\/villagebim\/wp-json\/wp\/v2\/posts"}],"about":[{"href":"https:\/\/blogs.autodesk.com\/villagebim\/wp-json\/wp\/v2\/types\/post"}],"author":[{"embeddable":true,"href":"https:\/\/blogs.autodesk.com\/villagebim\/wp-json\/wp\/v2\/users\/4760"}],"replies":[{"embeddable":true,"href":"https:\/\/blogs.autodesk.com\/villagebim\/wp-json\/wp\/v2\/comments?post=1566"}],"version-history":[{"count":0,"href":"https:\/\/blogs.autodesk.com\/villagebim\/wp-json\/wp\/v2\/posts\/1566\/revisions"}],"wp:featuredmedia":[{"embeddable":true,"href":"https:\/\/blogs.autodesk.com\/villagebim\/wp-json\/wp\/v2\/media\/2472"}],"wp:attachment":[{"href":"https:\/\/blogs.autodesk.com\/villagebim\/wp-json\/wp\/v2\/media?parent=1566"}],"wp:term":[{"taxonomy":"category","embeddable":true,"href":"https:\/\/blogs.autodesk.com\/villagebim\/wp-json\/wp\/v2\/categories?post=1566"},{"taxonomy":"post_tag","embeddable":true,"href":"https:\/\/blogs.autodesk.com\/villagebim\/wp-json\/wp\/v2\/tags?post=1566"}],"curies":[{"name":"wp","href":"https:\/\/api.w.org\/{rel}","templated":true}]}}