{"id":16,"date":"2020-08-11T09:31:06","date_gmt":"2020-08-11T07:31:06","guid":{"rendered":"https:\/\/blogs.autodesk.com\/villagebim\/2020\/08\/apercu-technologique-revit-20211-charger-une-famille-autodesk-depuis-le-cloud.html"},"modified":"2021-02-04T20:38:52","modified_gmt":"2021-02-04T18:38:52","slug":"apercu-technologique-revit-20211-charger-une-famille-autodesk-depuis-le-cloud","status":"publish","type":"post","link":"https:\/\/blogs.autodesk.com\/villagebim\/2020\/08\/apercu-technologique-revit-20211-charger-une-famille-autodesk-depuis-le-cloud.html","title":{"rendered":"[Aper\u00e7u technologique] Revit 2021.1 &#8211; Charger une famille Autodesk depuis le cloud"},"content":{"rendered":"<p><a href=\"https:\/\/villagebim.typepad.com\/.a\/6a015391e15a28970b0263e95b892c200b-pi\"><img loading=\"lazy\" decoding=\"async\" alt=\"clip_image002\" border=\"0\" height=\"354\" src=\"https:\/\/blogs.autodesk.com\/villagebim\/wp-content\/uploads\/sites\/154\/2021\/02\/img_601c3f3d57a17.jpg\" style=\"background-image: none;margin-left: auto;margin-right: auto\" title=\"clip_image002\" width=\"454\" \/><\/a><\/p>\n<p>&#160;&#160;&#160;&#160;Pour ceux qui ont install\u00e9 la mise \u00e0 jour Revit 2021.1, vous avez pu apercevoir une nouvelle ic\u00f4ne appel\u00e9e \u00ab <strong><em>Charger la famille Autodesk<\/em><\/strong> \u00bb depuis l\u2019onglet \u00ab <strong><em>Ins\u00e9rer<\/em><\/strong> \u00bb.<\/p>\n<p><a href=\"https:\/\/villagebim.typepad.com\/.a\/6a015391e15a28970b026be4079998200d-pi\"><img loading=\"lazy\" decoding=\"async\" alt=\"clip_image004\" border=\"0\" height=\"83\" src=\"https:\/\/blogs.autodesk.com\/villagebim\/wp-content\/uploads\/sites\/154\/2021\/02\/img_601c3f3e49f6d.jpg\" style=\"background-image: none;margin-left: auto;margin-right: auto\" title=\"clip_image004\" width=\"454\" \/><\/a><\/p>\n<p style=\"text-align: justify\">&#160;&#160;&#160;&#160;Cet aper\u00e7u technologique*, vous permet de visualiser des familles h\u00e9berg\u00e9es depuis le cloud et de les charger dans votre projet sans avoir besoin de t\u00e9l\u00e9charger l\u2019ensemble des familles.<\/p>\n<p style=\"text-align: justify\">* Cette fonctionnalit\u00e9 est vou\u00e9e \u00e0 \u00e9voluer en fonction des remarques collect\u00e9es \u00e0 partir du <a href=\"https:\/\/forums.autodesk.com\/t5\/revit-architecture-forum\/bd-p\/133\">forum Revit<\/a> aupr\u00e8s des diff\u00e9rents utilisateurs.<\/p>\n<p style=\"text-align: justify\"><strong><u>Fonctionnement :<\/u><\/strong><\/p>\n<ul>\n<li>Rendez-vous dans l\u2019onglet \u00ab <strong><em>Ins\u00e9rer<\/em><\/strong> \u00bb et cliquez sur l\u2019ic\u00f4ne \u00ab <strong><em>Charger la famille Autodesk \u00bb.<\/em><\/strong><\/li>\n<\/ul>\n<p style=\"text-align: justify\"><u>Important :<\/u> Si c\u2019est la premi\u00e8re fois que vous utilisez la fonctionnalit\u00e9 : apr\u00e8s avoir cliqu\u00e9 sur l\u2019ic\u00f4ne, refermez la fen\u00eatre vide, red\u00e9marrez le logiciel Revit puis recliquez sur le bouton \u00ab <strong><em>Charger la famille Autodesk<\/em><\/strong> \u00bb.<\/p>\n<ul>\n<li>Affichage de la biblioth\u00e8que : apr\u00e8s quelques secondes apparait la fen\u00eatre ci-dessous avec les param\u00e8tres suivants :<\/li>\n<\/ul>\n<p style=\"text-align: justify\">&#160; &#160; &#160; &#160; &#160; &#160; &#160;1- S\u00e9lecteur de cat\u00e9gorie<\/p>\n<p style=\"text-align: justify\">&#160; &#160; &#160; &#160; &#160; &#160; &#160;2- Bouton de r\u00e9initialisation des filtres<\/p>\n<p style=\"text-align: justify\">&#160; &#160; &#160; &#160; &#160; &#160; &#160;3- Champ de recherche<\/p>\n<p style=\"text-align: justify\">&#160; &#160; &#160; &#160; &#160; &#160; &#160;4- Param\u00e8tres r\u00e9gionaux<\/p>\n<p style=\"text-align: justify\">&#160; &#160; &#160; &#160; &#160; &#160; &#160;5- Type d\u2019affichage (Miniature \/ Liste)<\/p>\n<p style=\"text-align: justify\">&#160; &#160; &#160; &#160; &#160; &#160; &#160;6- Fen\u00eatre de choix de familles<\/p>\n<p style=\"text-align: justify\">&#160; &#160; &#160; &#160; &#160; &#160; &#160;7- Bouton de t\u00e9l\u00e9chargement de la famille s\u00e9lectionn\u00e9e<\/p>\n<p><a href=\"https:\/\/villagebim.typepad.com\/.a\/6a015391e15a28970b0263e95b8936200b-pi\"><img loading=\"lazy\" decoding=\"async\" alt=\"clip_image006\" border=\"0\" height=\"322\" src=\"https:\/\/blogs.autodesk.com\/villagebim\/wp-content\/uploads\/sites\/154\/2021\/02\/img_601c3f3f4ed66.jpg\" style=\"background-image: none;margin-left: auto;margin-right: auto\" title=\"clip_image006\" width=\"454\" \/><\/a><\/p>\n<ul>\n<li>Les filtres : suivant les param\u00e8tres r\u00e9gionaux utilis\u00e9s (voir le point suivant), vous pouvez filtrer suivant la cat\u00e9gorie et affiner votre recherche dans les sous cat\u00e9gories<\/li>\n<\/ul>\n<p><a href=\"https:\/\/villagebim.typepad.com\/.a\/6a015391e15a28970b026bde88d888200c-pi\"><img loading=\"lazy\" decoding=\"async\" alt=\"clip_image008\" border=\"0\" height=\"422\" src=\"https:\/\/blogs.autodesk.com\/villagebim\/wp-content\/uploads\/sites\/154\/2021\/02\/img_601c3f41120d4.jpg\" style=\"background-image: none;margin-left: auto;margin-right: auto\" title=\"clip_image008\" width=\"454\" \/><\/a><\/p>\n<ul>\n<li>Les param\u00e8tres r\u00e9gionaux vous permettent de s\u00e9lectionner une biblioth\u00e8que parmi 10 langues<\/li>\n<\/ul>\n<p><a href=\"https:\/\/villagebim.typepad.com\/.a\/6a015391e15a28970b026be40799a8200d-pi\"><img loading=\"lazy\" decoding=\"async\" alt=\"clip_image010\" border=\"0\" height=\"354\" src=\"https:\/\/blogs.autodesk.com\/villagebim\/wp-content\/uploads\/sites\/154\/2021\/02\/img_601c3f41edfee.jpg\" style=\"background-image: none;margin-left: auto;margin-right: auto\" title=\"clip_image010\" width=\"454\" \/><\/a><\/p>\n<p style=\"text-align: justify\">&#160;&#160;&#160;&#160;Certaines langues proposent diverses r\u00e9gions, comme par exemple la langue Anglaise :<\/p>\n<p><a href=\"https:\/\/villagebim.typepad.com\/.a\/6a015391e15a28970b0263e95b893f200b-pi\"><img loading=\"lazy\" decoding=\"async\" alt=\"clip_image011\" border=\"0\" height=\"754\" src=\"https:\/\/blogs.autodesk.com\/villagebim\/wp-content\/uploads\/sites\/154\/2021\/02\/img_601c3f42df424.png\" style=\"background-image: none;margin-left: auto;margin-right: auto\" title=\"clip_image011\" width=\"354\" \/><\/a><\/p>\n<p style=\"text-align: justify\"><u>Nota <\/u>: cette option est tr\u00e8s pratique car elle permet de voir le contenu d\u2019une biblioth\u00e8que \u00e9trang\u00e8re sans avoir \u00e0 t\u00e9l\u00e9charger tout le catalogue !<\/p>\n<ul>\n<li>Chargement de la famille dans le logiciel Revit : s\u00e9lectionnez la famille d\u00e9sir\u00e9e puis cliquez sur le bouton \u00ab <strong><em>Charger<\/em><\/strong> \u00bb<\/li>\n<\/ul>\n<p><a href=\"https:\/\/villagebim.typepad.com\/.a\/6a015391e15a28970b0263e95b8949200b-pi\"><img loading=\"lazy\" decoding=\"async\" alt=\"clip_image013\" border=\"0\" height=\"353\" src=\"https:\/\/blogs.autodesk.com\/villagebim\/wp-content\/uploads\/sites\/154\/2021\/02\/img_601c3f43b9fb9.jpg\" style=\"background-image: none;margin-left: auto;margin-right: auto\" title=\"clip_image013\" width=\"454\" \/><\/a><\/p>\n<p style=\"text-align: justify\"><u>Nota :<\/u> comme le montre l\u2019image ci-dessus, si vous laissez le curseur de votre souris sur le nom d\u2019une famille, vous verrez apparaitre son chemin de classement.<\/p>\n<p style=\"text-align: justify\"><u>Bon \u00e0 savoir :<\/u> une fois la famille charg\u00e9e dans le logiciel Revit, si vous recliquez sur le bouton \u00ab <strong><em>Charger la famille Autodesk<\/em><\/strong> \u00bb le filtre de cat\u00e9gorie de famille pr\u00e9c\u00e9dent est toujours actif.<\/p>\n<p style=\"text-align: justify\">&#160;&#160;&#160;&#160;Encore une fois, il s\u2019agit d\u2019un aper\u00e7u technologique, comme moi, vous pouvez poster vos id\u00e9es sur le <a href=\"https:\/\/forums.autodesk.com\/t5\/revit-architecture-forum\/bd-p\/133\">forum Revit<\/a> afin de la perfectionner.<\/p>\n<p style=\"text-align: justify\">&#160;&#160;&#160;&#160;Je viens de proposer l\u2019id\u00e9e de pouvoir s\u00e9lectionner plusieurs familles en m\u00eame temps. Votez pour moi en cliquant sur l\u2019image ci-dessous :<\/p>\n<p><a href=\"https:\/\/forums.autodesk.com\/t5\/revit-architecture-forum\/proposition-revit-2021-1-load-autodesk-family-gt-possibility-to\/td-p\/9676709\"><img loading=\"lazy\" decoding=\"async\" alt=\"clip_image015\" border=\"0\" height=\"222\" src=\"https:\/\/blogs.autodesk.com\/villagebim\/wp-content\/uploads\/sites\/154\/2021\/02\/img_601c3f44c0547.jpg\" style=\"background-image: none;margin-left: auto;margin-right: auto\" title=\"clip_image015\" width=\"454\" \/><\/a><\/p>\n<p style=\"text-align: justify\">&#160;&#160;&#160;&#160;J\u2019en profite aussi pour faire voter pour une autre de mes id\u00e9es : avoir dans le param\u00e8tre \u00ab Date \u00bb dans les familles Revit, merci pour vos votes .<\/p>\n<p><a href=\"https:\/\/forums.autodesk.com\/t5\/revit-ideas\/add-date-as-parameter-into-revit-families\/idi-p\/8855295\"><img loading=\"lazy\" decoding=\"async\" alt=\"clip_image017\" border=\"0\" height=\"239\" src=\"https:\/\/blogs.autodesk.com\/villagebim\/wp-content\/uploads\/sites\/154\/2021\/02\/img_601c3f459e780.jpg\" style=\"background-image: none;margin-left: auto;margin-right: auto\" title=\"clip_image017\" width=\"454\" \/><\/a><\/p>\n","protected":false},"excerpt":{"rendered":"<p>&#160;&#160;&#160;&#160;Pour ceux qui ont install\u00e9 la mise \u00e0 jour Revit 2021.1, vous avez pu apercevoir une nouvelle ic\u00f4ne appel\u00e9e \u00ab Charger la famille Autodesk \u00bb depuis l\u2019onglet \u00ab Ins\u00e9rer \u00bb. &#160;&#160;&#160;&#160;Cet aper\u00e7u technologique*, vous permet de visualiser des familles h\u00e9berg\u00e9es depuis le cloud et de les charger dans votre projet sans avoir besoin de t\u00e9l\u00e9charger [&hellip;]<\/p>\n","protected":false},"author":4760,"featured_media":2472,"menu_order":0,"comment_status":"open","ping_status":"closed","sticky":false,"template":"","format":"standard","meta":{"_acf_changed":false,"inline_featured_image":false,"footnotes":""},"categories":[15,17,6],"tags":[20,42,35],"class_list":["post-16","post","type-post","status-publish","format-standard","has-post-thumbnail","hentry","category-autodesk-revit","category-nouveautes","category-trucs-et-astuces","tag-autodesk","tag-famille","tag-revit-2021-1","dhig-theme--light"],"acf":[],"_links":{"self":[{"href":"https:\/\/blogs.autodesk.com\/villagebim\/wp-json\/wp\/v2\/posts\/16","targetHints":{"allow":["GET"]}}],"collection":[{"href":"https:\/\/blogs.autodesk.com\/villagebim\/wp-json\/wp\/v2\/posts"}],"about":[{"href":"https:\/\/blogs.autodesk.com\/villagebim\/wp-json\/wp\/v2\/types\/post"}],"author":[{"embeddable":true,"href":"https:\/\/blogs.autodesk.com\/villagebim\/wp-json\/wp\/v2\/users\/4760"}],"replies":[{"embeddable":true,"href":"https:\/\/blogs.autodesk.com\/villagebim\/wp-json\/wp\/v2\/comments?post=16"}],"version-history":[{"count":0,"href":"https:\/\/blogs.autodesk.com\/villagebim\/wp-json\/wp\/v2\/posts\/16\/revisions"}],"wp:featuredmedia":[{"embeddable":true,"href":"https:\/\/blogs.autodesk.com\/villagebim\/wp-json\/wp\/v2\/media\/2472"}],"wp:attachment":[{"href":"https:\/\/blogs.autodesk.com\/villagebim\/wp-json\/wp\/v2\/media?parent=16"}],"wp:term":[{"taxonomy":"category","embeddable":true,"href":"https:\/\/blogs.autodesk.com\/villagebim\/wp-json\/wp\/v2\/categories?post=16"},{"taxonomy":"post_tag","embeddable":true,"href":"https:\/\/blogs.autodesk.com\/villagebim\/wp-json\/wp\/v2\/tags?post=16"}],"curies":[{"name":"wp","href":"https:\/\/api.w.org\/{rel}","templated":true}]}}