{"id":1822,"date":"2020-11-09T09:00:00","date_gmt":"2020-11-09T07:00:00","guid":{"rendered":"https:\/\/blogs.autodesk.com\/villagebim\/2020\/11\/temoignage-aim-le-bim-au-service-des-pme.html"},"modified":"2021-02-09T23:21:39","modified_gmt":"2021-02-09T21:21:39","slug":"temoignage-aim-le-bim-au-service-des-pme","status":"publish","type":"post","link":"https:\/\/blogs.autodesk.com\/villagebim\/2020\/11\/temoignage-aim-le-bim-au-service-des-pme.html","title":{"rendered":"[T\u00e9moignage AIM] : Le BIM au service des PME"},"content":{"rendered":"<p><a href=\"https:\/\/villagebim.typepad.com\/.a\/6a015391e15a28970b0263e972e0df200b-pi\"><img loading=\"lazy\" decoding=\"async\" alt=\"clip_image002\" border=\"0\" height=\"257\" src=\"https:\/\/blogs.autodesk.com\/villagebim\/wp-content\/uploads\/sites\/154\/2021\/02\/img_601c3cefc543d.jpg\" style=\"background-image: none;margin-left: auto;margin-right: auto\" title=\"clip_image002\" width=\"454\" \/><\/a><\/p>\n<p>&#160;&#160;&#160;&#160;<a href=\"https:\/\/www.prodware.fr\/\">La soci\u00e9t\u00e9<\/a> <a href=\"https:\/\/www.prodware.fr\/\">Prodware<\/a> partenaire Platinum d\u2019Autodesk nous pr\u00e9sente le t\u00e9moignage de la soci\u00e9t\u00e9 <a href=\"http:\/\/www.aim-ingenierie.com\/\">AIM bureau d\u2019\u00e9tudes et d\u2019Ing\u00e9nierie en B\u00e2timent<\/a> (lien <a href=\"https:\/\/www.linkedin.com\/company\/audit-ing%C3%A9nierie-management-de-projets-aim\/\">LinkedIn<\/a>).<\/p>\n<p style=\"text-align: justify\">La soci\u00e9t\u00e9 AIM situ\u00e9e \u00e0 Chabons (38) est une soci\u00e9t\u00e9 cr\u00e9\u00e9e en 1996 et compos\u00e9e de 14 membres qui \u0153uvrent dans plusieurs domaines :<\/p>\n<ul>\n<li>Ma\u00eetrise d\u2019\u0153uvre<\/li>\n<li>Contractant g\u00e9n\u00e9ral<\/li>\n<li>Assistance \u00e0 ma\u00eetrise d\u2019ouvrage<\/li>\n<li>Economie de projets<\/li>\n<\/ul>\n<p style=\"text-align: justify\">&#160;&#160;&#160;&#160;Jean-Baptiste Barani &#8211; Charg\u00e9 d\u2019affaires AIM, nous pr\u00e9cise que le BE traite toutes tailles de projets BIM allant m\u00eame jusqu\u2019\u00e0 de tr\u00e8s gros projets comme le Schneider XPole (27 000 m\u00b2 de bureaux).<\/p>\n<p><a href=\"https:\/\/villagebim.typepad.com\/.a\/6a015391e15a28970b026be41f221c200d-pi\"><img loading=\"lazy\" decoding=\"async\" alt=\"clip_image004\" border=\"0\" height=\"254\" src=\"https:\/\/blogs.autodesk.com\/villagebim\/wp-content\/uploads\/sites\/154\/2021\/02\/img_601c3cf15d701.jpg\" style=\"background-image: none;margin-left: auto;margin-right: auto\" title=\"clip_image004\" width=\"454\" \/><\/a><\/p>\n<p style=\"text-align: justify\">&#160;&#160;&#160;&#160;C\u2019est en 2015, \u00e0 l\u2019occasion du projet <a href=\"https:\/\/www.sophiacal.com\/\">Sophiacal<\/a> que le BIM commence \u00e0 faire son \u0153uvre en permettant de r\u00e9aliser la transition du logiciel AutoCAD \u00e0 Revit et ainsi, \u00e9tablissant un processus de collaboration efficace entre les diff\u00e9rents acteurs de la construction.<\/p>\n<p><a href=\"https:\/\/villagebim.typepad.com\/.a\/6a015391e15a28970b0263e972e0e8200b-pi\"><img loading=\"lazy\" decoding=\"async\" alt=\"clip_image006\" border=\"0\" height=\"229\" src=\"https:\/\/blogs.autodesk.com\/villagebim\/wp-content\/uploads\/sites\/154\/2021\/02\/img_601c3cf203e3d.jpg\" style=\"background-image: none;margin-left: auto;margin-right: auto\" title=\"clip_image006\" width=\"454\" \/><\/a><\/p>\n<p style=\"text-align: justify\">&#160;&#160;&#160;&#160;Le cabinet d\u2019architecture <a href=\"http:\/\/atelier2b.fr\/\">Atelier 2B<\/a> qui travaille avec AIM a d\u00e9but\u00e9 sur un projet BIM de taille moyenne (600 m\u00b2) avec l\u2019aide de la soci\u00e9t\u00e9 <a href=\"https:\/\/www.prodware.fr\/\">Prodware<\/a>. Ce projet s\u2019est concr\u00e9tis\u00e9 par la mise en place d\u2019une charte BIM et d\u2019une m\u00e9thode de travail collaborative permettant de gagner du temps.<\/p>\n<p><a href=\"https:\/\/villagebim.typepad.com\/.a\/6a015391e15a28970b0263e972e0ed200b-pi\"><img loading=\"lazy\" decoding=\"async\" alt=\"clip_image008\" border=\"0\" height=\"232\" src=\"https:\/\/blogs.autodesk.com\/villagebim\/wp-content\/uploads\/sites\/154\/2021\/02\/img_601c3cf2b86cb.jpg\" style=\"background-image: none;margin-left: auto;margin-right: auto\" title=\"clip_image008\" width=\"454\" \/><\/a><\/p>\n<p style=\"text-align: justify\">&#160;&#160;&#160;&#160;Benjamin Ollivier \u2013 BIM Manager AIM, nous confirme que l\u2019utilisation de fichiers 3D Revit lui permet d\u2019\u00eatre proactif vis-\u00e0-vis de leur ancienne m\u00e9thode bas\u00e9e sur le logiciel AutoCAD et aussi d\u2019anticiper les probl\u00e8mes chantier.<\/p>\n<p><a href=\"https:\/\/villagebim.typepad.com\/.a\/6a015391e15a28970b0263e972e0f1200b-pi\"><img loading=\"lazy\" decoding=\"async\" alt=\"clip_image010\" border=\"0\" height=\"231\" src=\"https:\/\/blogs.autodesk.com\/villagebim\/wp-content\/uploads\/sites\/154\/2021\/02\/img_601c3cf3c4252.png\" style=\"background-image: none;margin-left: auto;margin-right: auto\" title=\"clip_image010\" width=\"454\" \/><\/a><\/p>\n<p style=\"text-align: justify\">&#160;&#160;&#160;&#160;Les maquettes BIM ont aussi permis de limiter les erreurs potentielles et d\u2019optimiser la communication avec le client par la g\u00e9n\u00e9ration de vues 3D.<\/p>\n<p><a href=\"https:\/\/villagebim.typepad.com\/.a\/6a015391e15a28970b0263e972e0f9200b-pi\"><img loading=\"lazy\" decoding=\"async\" alt=\"clip_image012\" border=\"0\" height=\"230\" src=\"https:\/\/blogs.autodesk.com\/villagebim\/wp-content\/uploads\/sites\/154\/2021\/02\/img_601c3cf495498.jpg\" style=\"background-image: none;margin-left: auto;margin-right: auto\" title=\"clip_image012\" width=\"454\" \/><\/a><\/p>\n<p style=\"text-align: justify\">&#160;&#160;&#160;&#160;Le dernier volet concerne la formation d\u00e9livr\u00e9e par <a href=\"https:\/\/www.prodware.fr\/\">Prodware<\/a>. AIM a suivi une formation initiale de cinq jours puis quelques jours ont suffit pour \u00e9laborer une convention BIM adaptable aux diff\u00e9rents projets.<\/p>\n<p><a href=\"https:\/\/villagebim.typepad.com\/.a\/6a015391e15a28970b026be41f2224200d-pi\"><img loading=\"lazy\" decoding=\"async\" alt=\"clip_image014\" border=\"0\" height=\"231\" src=\"https:\/\/blogs.autodesk.com\/villagebim\/wp-content\/uploads\/sites\/154\/2021\/02\/img_601c3cf5602a1.jpg\" style=\"background-image: none;margin-left: auto;margin-right: auto\" title=\"clip_image014\" width=\"454\" \/><\/a><\/p>\n<p style=\"text-align: justify\">&#160;&#160;&#160;&#160;Je vous conseille de regarder ci-dessous ce t\u00e9moignage concret et \u00ab Gagnant-Gagnant\u00bb !<\/p>\n<p class=\"asset-video\" style=\"text-align: center\">\n<p style=\"text-align: justify\">\n","protected":false},"excerpt":{"rendered":"<p>&#160;&#160;&#160;&#160;La soci\u00e9t\u00e9 Prodware partenaire Platinum d\u2019Autodesk nous pr\u00e9sente le t\u00e9moignage de la soci\u00e9t\u00e9 AIM bureau d\u2019\u00e9tudes et d\u2019Ing\u00e9nierie en B\u00e2timent (lien LinkedIn). La soci\u00e9t\u00e9 AIM situ\u00e9e \u00e0 Chabons (38) est une soci\u00e9t\u00e9 cr\u00e9\u00e9e en 1996 et compos\u00e9e de 14 membres qui \u0153uvrent dans plusieurs domaines : Ma\u00eetrise d\u2019\u0153uvre Contractant g\u00e9n\u00e9ral Assistance \u00e0 ma\u00eetrise d\u2019ouvrage Economie [&hellip;]<\/p>\n","protected":false},"author":50836,"featured_media":2472,"menu_order":0,"comment_status":"open","ping_status":"closed","sticky":false,"template":"","format":"standard","meta":{"_acf_changed":false,"inline_featured_image":false,"footnotes":""},"categories":[15,10,76],"tags":[2394,20,44,49],"class_list":["post-1822","post","type-post","status-publish","format-standard","has-post-thumbnail","hentry","category-autodesk-revit","category-collaboration","category-partenaires","tag-aim","tag-autodesk","tag-bim","tag-collaboration","dhig-theme--light"],"acf":[],"_links":{"self":[{"href":"https:\/\/blogs.autodesk.com\/villagebim\/wp-json\/wp\/v2\/posts\/1822","targetHints":{"allow":["GET"]}}],"collection":[{"href":"https:\/\/blogs.autodesk.com\/villagebim\/wp-json\/wp\/v2\/posts"}],"about":[{"href":"https:\/\/blogs.autodesk.com\/villagebim\/wp-json\/wp\/v2\/types\/post"}],"author":[{"embeddable":true,"href":"https:\/\/blogs.autodesk.com\/villagebim\/wp-json\/wp\/v2\/users\/50836"}],"replies":[{"embeddable":true,"href":"https:\/\/blogs.autodesk.com\/villagebim\/wp-json\/wp\/v2\/comments?post=1822"}],"version-history":[{"count":0,"href":"https:\/\/blogs.autodesk.com\/villagebim\/wp-json\/wp\/v2\/posts\/1822\/revisions"}],"wp:featuredmedia":[{"embeddable":true,"href":"https:\/\/blogs.autodesk.com\/villagebim\/wp-json\/wp\/v2\/media\/2472"}],"wp:attachment":[{"href":"https:\/\/blogs.autodesk.com\/villagebim\/wp-json\/wp\/v2\/media?parent=1822"}],"wp:term":[{"taxonomy":"category","embeddable":true,"href":"https:\/\/blogs.autodesk.com\/villagebim\/wp-json\/wp\/v2\/categories?post=1822"},{"taxonomy":"post_tag","embeddable":true,"href":"https:\/\/blogs.autodesk.com\/villagebim\/wp-json\/wp\/v2\/tags?post=1822"}],"curies":[{"name":"wp","href":"https:\/\/api.w.org\/{rel}","templated":true}]}}