{"id":22101,"date":"2021-08-05T10:00:00","date_gmt":"2021-08-05T08:00:00","guid":{"rendered":"https:\/\/blogs.autodesk.com\/villagebim?p=22101"},"modified":"2021-08-03T10:08:37","modified_gmt":"2021-08-03T08:08:37","slug":"evenement-autodesk-aec-collection-essentials-les-workflows-du-generative-design","status":"publish","type":"post","link":"https:\/\/blogs.autodesk.com\/villagebim\/2021\/08\/evenement-autodesk-aec-collection-essentials-les-workflows-du-generative-design.html","title":{"rendered":"[Ev\u00e8nement Autodesk] AEC Collection Essentials : les workflows du Generative Design"},"content":{"rendered":"\n<figure class=\"wp-block-image size-large\"><img loading=\"lazy\" decoding=\"async\" width=\"626\" height=\"367\" src=\"https:\/\/blogs.autodesk.com\/villagebim\/wp-content\/uploads\/sites\/154\/2021\/08\/03\/image-24.jpg\" alt=\"\" class=\"wp-image-22102\" srcset=\"https:\/\/blogs.autodesk.com\/villagebim\/wp-content\/uploads\/sites\/154\/2021\/08\/03\/image-24.jpg 626w, https:\/\/blogs.autodesk.com\/villagebim\/wp-content\/uploads\/sites\/154\/2021\/08\/03\/image-24-300x176.jpg 300w\" sizes=\"auto, (max-width: 626px) 100vw, 626px\" \/><\/figure>\n\n\n\n<p>Dans ce webinaire, l\u2019\u00e9quipe Generative Design d\u2019Autodesk vous montrera quelques workflows de conception g\u00e9n\u00e9rative pouvant vous aider \u00e0 explorer des solutions lors de vos processus de cr\u00e9ation. Vous d\u00e9couvriez les fa\u00e7ons dont vous pouvez int\u00e9grer la conception g\u00e9n\u00e9rative dans votre entreprise dans le but de cr\u00e9er de meilleurs workflows entre les \u00e9quipes afin d\u2019analyser et \u00e9valuer les diff\u00e9rentes it\u00e9rations de conception. Lors de la pr\u00e9sentation, des cas d&rsquo;utilisation vous seront propos\u00e9s.<\/p>\n\n\n\n<p><strong>Intervenants :<\/strong><\/p>\n\n\n\n<figure class=\"wp-block-image size-large\"><img loading=\"lazy\" decoding=\"async\" width=\"546\" height=\"515\" src=\"https:\/\/blogs.autodesk.com\/villagebim\/wp-content\/uploads\/sites\/154\/2021\/08\/03\/image-25.jpg\" alt=\"\" class=\"wp-image-22104\" srcset=\"https:\/\/blogs.autodesk.com\/villagebim\/wp-content\/uploads\/sites\/154\/2021\/08\/03\/image-25.jpg 546w, https:\/\/blogs.autodesk.com\/villagebim\/wp-content\/uploads\/sites\/154\/2021\/08\/03\/image-25-300x283.jpg 300w\" sizes=\"auto, (max-width: 546px) 100vw, 546px\" \/><\/figure>\n\n\n\n<p><strong>Programme&nbsp;:<\/strong><\/p>\n\n\n\n<ul class=\"wp-block-list\"><li>Introduction et pr\u00e9sentation du package <strong>DynaSpace<\/strong><\/li><li>Conception g\u00e9n\u00e9rative et analyse solaire<\/li><li>G\u00e9n\u00e9ration de fa\u00e7ade<\/li><\/ul>\n\n\n\n<p><strong>Date :<\/strong>&nbsp;Mercredi 11 Ao\u00fbt<\/p>\n\n\n\n<p><strong>Heure :<\/strong>&nbsp;16h00 \u00e0 17h00<\/p>\n\n\n\n<p><strong>Type :<\/strong>&nbsp;Webinaire<\/p>\n\n\n\n<p><strong>Langue :<\/strong>&nbsp;Anglaise<\/p>\n\n\n\n<p><strong>Inscription obligatoire :<\/strong>&nbsp;<a href=\"https:\/\/www.autodesk.eu\/webinars\/aec\/aec-collection-generative-design-workflows?mktvar002=4600650016%7CEML%7C%7b%7blead.ID%7d%7d&amp;utm_medium=email&amp;utm_source=invite&amp;utm_campaign=4600650aecemea-alwaysonaec-c-fy22q3-webinar-aug11&amp;utm_id=4600650016\">ici<\/a><\/p>\n\n\n\n<p>Nota :&nbsp;le webinaire sera enregistr\u00e9 en direct, et celui-ci sera envoy\u00e9 par e-mail aux personnes inscrites, apr\u00e8s l\u2019\u00e9v\u00e9nement.<\/p>\n","protected":false},"excerpt":{"rendered":"<p>Dans ce webinaire, l\u2019\u00e9quipe Generative Design d\u2019Autodesk vous montrera quelques workflows de conception g\u00e9n\u00e9rative pouvant vous aider \u00e0 explorer des solutions lors de vos processus de cr\u00e9ation. Vous d\u00e9couvriez les fa\u00e7ons dont vous pouvez int\u00e9grer la conception g\u00e9n\u00e9rative dans votre entreprise dans le but de cr\u00e9er de meilleurs workflows entre les \u00e9quipes afin d\u2019analyser et [&hellip;]<\/p>\n","protected":false},"author":4760,"featured_media":22106,"menu_order":0,"comment_status":"open","ping_status":"open","sticky":false,"template":"","format":"standard","meta":{"_acf_changed":false,"inline_featured_image":false,"footnotes":""},"categories":[25,15,3357,54,3579,3309,3314,57,3394,3341,77,3325,6],"tags":[],"class_list":["post-22101","post","type-post","status-publish","format-standard","has-post-thumbnail","hentry","category-architecture","category-autodesk-revit","category-batiment","category-evenements","category-generative-design","category-interoperabilite-revit","category-modelisation-3d","category-programmation-visuelle","category-revit","category-simulation","category-simulations-analyses","category-tips-tricks","category-trucs-et-astuces","dhig-theme--light"],"acf":[],"_links":{"self":[{"href":"https:\/\/blogs.autodesk.com\/villagebim\/wp-json\/wp\/v2\/posts\/22101","targetHints":{"allow":["GET"]}}],"collection":[{"href":"https:\/\/blogs.autodesk.com\/villagebim\/wp-json\/wp\/v2\/posts"}],"about":[{"href":"https:\/\/blogs.autodesk.com\/villagebim\/wp-json\/wp\/v2\/types\/post"}],"author":[{"embeddable":true,"href":"https:\/\/blogs.autodesk.com\/villagebim\/wp-json\/wp\/v2\/users\/4760"}],"replies":[{"embeddable":true,"href":"https:\/\/blogs.autodesk.com\/villagebim\/wp-json\/wp\/v2\/comments?post=22101"}],"version-history":[{"count":0,"href":"https:\/\/blogs.autodesk.com\/villagebim\/wp-json\/wp\/v2\/posts\/22101\/revisions"}],"wp:featuredmedia":[{"embeddable":true,"href":"https:\/\/blogs.autodesk.com\/villagebim\/wp-json\/wp\/v2\/media\/22106"}],"wp:attachment":[{"href":"https:\/\/blogs.autodesk.com\/villagebim\/wp-json\/wp\/v2\/media?parent=22101"}],"wp:term":[{"taxonomy":"category","embeddable":true,"href":"https:\/\/blogs.autodesk.com\/villagebim\/wp-json\/wp\/v2\/categories?post=22101"},{"taxonomy":"post_tag","embeddable":true,"href":"https:\/\/blogs.autodesk.com\/villagebim\/wp-json\/wp\/v2\/tags?post=22101"}],"curies":[{"name":"wp","href":"https:\/\/api.w.org\/{rel}","templated":true}]}}