{"id":22944,"date":"2021-11-29T09:30:00","date_gmt":"2021-11-29T07:30:00","guid":{"rendered":"https:\/\/blogs.autodesk.com\/villagebim?p=22944"},"modified":"2021-12-03T11:11:06","modified_gmt":"2021-12-03T09:11:06","slug":"webinaire-autodesk-pourquoi-adopter-une-demarche-bim-en-electricite","status":"publish","type":"post","link":"https:\/\/blogs.autodesk.com\/villagebim\/2021\/11\/webinaire-autodesk-pourquoi-adopter-une-demarche-bim-en-electricite.html","title":{"rendered":"[Webinaire Autodesk] Pourquoi adopter une d\u00e9marche BIM en \u00e9lectricit\u00e9"},"content":{"rendered":"\n<figure class=\"wp-block-image size-large\"><img loading=\"lazy\" decoding=\"async\" width=\"1024\" height=\"187\" src=\"https:\/\/blogs.autodesk.com\/villagebim\/wp-content\/uploads\/sites\/154\/2021\/11\/25\/image-1024x187.jpg\" alt=\"\" class=\"wp-image-22945\" srcset=\"https:\/\/blogs.autodesk.com\/villagebim\/wp-content\/uploads\/sites\/154\/2021\/11\/25\/image-1024x187.jpg 1024w, https:\/\/blogs.autodesk.com\/villagebim\/wp-content\/uploads\/sites\/154\/2021\/11\/25\/image-300x55.jpg 300w, https:\/\/blogs.autodesk.com\/villagebim\/wp-content\/uploads\/sites\/154\/2021\/11\/25\/image-768x140.jpg 768w, https:\/\/blogs.autodesk.com\/villagebim\/wp-content\/uploads\/sites\/154\/2021\/11\/25\/image-1536x280.jpg 1536w, https:\/\/blogs.autodesk.com\/villagebim\/wp-content\/uploads\/sites\/154\/2021\/11\/25\/image.jpg 1896w\" sizes=\"auto, (max-width: 1024px) 100vw, 1024px\" \/><\/figure>\n\n\n\n<p>Mardi 7 d\u00e9cembre, de 14h \u00e0 15h, j&rsquo;aurai le plaisir de vous accueillir pour un w\u00e9binaire d\u00e9di\u00e9 \u00e0 un domaine qui me tient beaucoup \u00e0 coeur, le BIM pour les \u00e9lectriciens.<\/p>\n\n\n\n<p>Au cours de ce w\u00e9binaire, apr\u00e8s un rapide \u00e9tat de lieux, nous verrons ensemble ce que le BIM peut apporter au lot Electricit\u00e9, des \u00e9tudes pr\u00e9liminaires \u00e0 la maintenance. Quels sont les enjeux, les solutions existantes (et \u00e0 venir), les obstacles \u00e0 lever et surtout le r\u00f4le pr\u00e9pond\u00e9rant que ce metier peut et doit tenir dans le cadre d&rsquo;un processus BIM.<\/p>\n\n\n\n<p>Les inscriptions se font via <a href=\"https:\/\/www.autodesk.fr\/webinars\/bim-electricite\" data-type=\"URL\" data-id=\"https:\/\/www.autodesk.fr\/webinars\/bim-electricite\">ce lien<\/a>.<\/p>\n\n\n\n<p>Nous vous attendons nombreuses et nombreux.<\/p>\n","protected":false},"excerpt":{"rendered":"<p>Mardi 7 d\u00e9cembre, de 14h \u00e0 15h, j&rsquo;aurai le plaisir de vous accueillir pour un w\u00e9binaire d\u00e9di\u00e9 \u00e0 un domaine qui me tient beaucoup \u00e0 coeur, le BIM pour les \u00e9lectriciens. Au cours de ce w\u00e9binaire, apr\u00e8s un rapide \u00e9tat de lieux, nous verrons ensemble ce que le BIM peut apporter au lot Electricit\u00e9, des [&hellip;]<\/p>\n","protected":false},"author":50836,"featured_media":22947,"menu_order":0,"comment_status":"open","ping_status":"open","sticky":false,"template":"","format":"standard","meta":{"_acf_changed":false,"inline_featured_image":false,"footnotes":""},"categories":[15,3357,5,10,54,56,1,3394,3569],"tags":[],"class_list":["post-22944","post","type-post","status-publish","format-standard","has-post-thumbnail","hentry","category-autodesk-revit","category-batiment","category-bim","category-collaboration","category-evenements","category-mep","category-non-classifiee","category-revit","category-webinaire","dhig-theme--light"],"acf":[],"_links":{"self":[{"href":"https:\/\/blogs.autodesk.com\/villagebim\/wp-json\/wp\/v2\/posts\/22944","targetHints":{"allow":["GET"]}}],"collection":[{"href":"https:\/\/blogs.autodesk.com\/villagebim\/wp-json\/wp\/v2\/posts"}],"about":[{"href":"https:\/\/blogs.autodesk.com\/villagebim\/wp-json\/wp\/v2\/types\/post"}],"author":[{"embeddable":true,"href":"https:\/\/blogs.autodesk.com\/villagebim\/wp-json\/wp\/v2\/users\/50836"}],"replies":[{"embeddable":true,"href":"https:\/\/blogs.autodesk.com\/villagebim\/wp-json\/wp\/v2\/comments?post=22944"}],"version-history":[{"count":0,"href":"https:\/\/blogs.autodesk.com\/villagebim\/wp-json\/wp\/v2\/posts\/22944\/revisions"}],"wp:featuredmedia":[{"embeddable":true,"href":"https:\/\/blogs.autodesk.com\/villagebim\/wp-json\/wp\/v2\/media\/22947"}],"wp:attachment":[{"href":"https:\/\/blogs.autodesk.com\/villagebim\/wp-json\/wp\/v2\/media?parent=22944"}],"wp:term":[{"taxonomy":"category","embeddable":true,"href":"https:\/\/blogs.autodesk.com\/villagebim\/wp-json\/wp\/v2\/categories?post=22944"},{"taxonomy":"post_tag","embeddable":true,"href":"https:\/\/blogs.autodesk.com\/villagebim\/wp-json\/wp\/v2\/tags?post=22944"}],"curies":[{"name":"wp","href":"https:\/\/api.w.org\/{rel}","templated":true}]}}