{"id":2314,"date":"2012-05-10T15:31:32","date_gmt":"2012-05-10T13:31:32","guid":{"rendered":"https:\/\/blogs.autodesk.com\/villagebim\/2012\/05\/telecharger-gratuitement-le-bim-coordinator-sur-autodesk-labs.html"},"modified":"2021-02-24T08:46:47","modified_gmt":"2021-02-24T06:46:47","slug":"telecharger-gratuitement-le-bim-coordinator-sur-autodesk-labs","status":"publish","type":"post","link":"https:\/\/blogs.autodesk.com\/villagebim\/2012\/05\/telecharger-gratuitement-le-bim-coordinator-sur-autodesk-labs.html","title":{"rendered":"T\u00e9l\u00e9charger gratuitement le BIM Coordinator sur Autodesk Labs"},"content":{"rendered":"<p><a href=\"http:\/\/civilfrance.typepad.com\/.a\/6a0120a619192b970b0168eb66744c970c-pi\"><img loading=\"lazy\" decoding=\"async\" alt=\"bimcoord\" border=\"0\" height=\"176\" src=\"https:\/\/blogs.autodesk.com\/villagebim\/wp-content\/uploads\/sites\/154\/2021\/02\/img_6035f4e4b1c0a.png\" style=\"background-image: none;margin: 0px;padding-left: 0px;padding-right: 0px;padding-top: 0px;border-width: 0px\" title=\"bimcoord\" width=\"244\" \/><\/a><\/p>\n<p>Le <em>BIM Coordinator<\/em>, qu\u2019est-ce que c\u2019est?<\/p>\n<p>C\u2019est une <em>extension<\/em> pour Revit et AutoCAD Civil 3D qui permet de d\u00e9finir un emplacement pour des projets Revit \u00e0 partir de coordonn\u00e9es X, Y, Z de Civil 3D.<\/p>\n<p>Cliquer sur le lien suivant pour t\u00e9l\u00e9charger BIM Coordinator&#160;: <a href=\"http:\/\/labs.autodesk.com\/utilities\/bim_coordinator\/\">http:\/\/labs.autodesk.com\/utilities\/bim_coordinator\/<\/a><\/p>\n<p>Ainsi \u00e0 partir de Civil 3D, on peut mettre \u00e0 jour les bonnes coordonn\u00e9es dans Revit et faire des exports vers Civil 3D et Navisworks.<\/p>\n<p>Vous pouvez visualiser ce tutorial (vid\u00e9o) sur youtube :<a href=\"http:\/\/www.youtube.com\/watch?v=aSxbv7QPero\">http:\/\/www.youtube.com\/watch?v=aSxbv7QPero<\/a><\/p>\n<div class=\"wlWriterEditableSmartContent\" id=\"scid:5737277B-5D6D-4f48-ABFC-DD9C333F4C5D:8e47064d-938b-4f93-9dd0-198d5f23a7b1\" style=\"margin: 0px;float: none;padding: 0px\">\n<div id=\"4bd27d24-9b21-47b5-a6b4-a1362cee6fe8\" style=\"margin: 0px;padding: 0px\">\n<div>\n<\/div>\n<\/div>\n<div style=\"width: 448px;clear: both;font-size: .8em\">Vid\u00e9o , BIM Coordinator<\/div>\n<\/div>\n<p>Si vous ne pouvez pas acc\u00e9der \u00e0 Youtube, t\u00e9l\u00e9charger la vid\u00e9o sur buzzsaw ici : <a href=\"https:\/\/projectpoint.buzzsaw.com\/ISDFRANCE\/Echanges%20techniques%20_%20Clients\/Civil%20made%20in%20france\/Autodesk%20Consulting%20Shared%20Coordinate%20Tool.mp4?public\" title=\"https:\/\/projectpoint.buzzsaw.com\/ISDFRANCE\/Echanges%20techniques%20_%20Clients\/Civil%20made%20in%20france\/Autodesk%20Consulting%20Shared%20Coordinate%20Tool.mp4?public\">https:\/\/projectpoint.buzzsaw.com\/ISDFRANCE\/Echanges%20techniques%20_%20Clients\/Civil%20made%20in%20france\/Autodesk%20Consulting%20Shared%20Coordinate%20Tool.mp4?public<\/a><\/p>\n<p>Noter que l&#039;extension ne s&#039;installe que sur des version 2012.<\/p>\n","protected":false},"excerpt":{"rendered":"<p>Le BIM Coordinator, qu\u2019est-ce que c\u2019est? C\u2019est une extension pour Revit et AutoCAD Civil 3D qui permet de d\u00e9finir un emplacement pour des projets Revit \u00e0 partir de coordonn\u00e9es X, Y, Z de Civil 3D. Cliquer sur le lien suivant pour t\u00e9l\u00e9charger BIM Coordinator&#160;: http:\/\/labs.autodesk.com\/utilities\/bim_coordinator\/ Ainsi \u00e0 partir de Civil 3D, on peut mettre \u00e0 [&hellip;]<\/p>\n","protected":false},"author":1016,"featured_media":2472,"menu_order":0,"comment_status":"open","ping_status":"closed","sticky":false,"template":"","format":"standard","meta":{"_acf_changed":false,"inline_featured_image":false,"footnotes":""},"categories":[3305,3331,5,3283,16,3309],"tags":[],"class_list":["post-2314","post","type-post","status-publish","format-standard","has-post-thumbnail","hentry","category-applicatifs-civil-3d","category-autodesk-labs_","category-bim","category-civil-3d","category-interoperabilite","category-interoperabilite-revit","dhig-theme--light"],"acf":[],"_links":{"self":[{"href":"https:\/\/blogs.autodesk.com\/villagebim\/wp-json\/wp\/v2\/posts\/2314","targetHints":{"allow":["GET"]}}],"collection":[{"href":"https:\/\/blogs.autodesk.com\/villagebim\/wp-json\/wp\/v2\/posts"}],"about":[{"href":"https:\/\/blogs.autodesk.com\/villagebim\/wp-json\/wp\/v2\/types\/post"}],"author":[{"embeddable":true,"href":"https:\/\/blogs.autodesk.com\/villagebim\/wp-json\/wp\/v2\/users\/1016"}],"replies":[{"embeddable":true,"href":"https:\/\/blogs.autodesk.com\/villagebim\/wp-json\/wp\/v2\/comments?post=2314"}],"version-history":[{"count":0,"href":"https:\/\/blogs.autodesk.com\/villagebim\/wp-json\/wp\/v2\/posts\/2314\/revisions"}],"wp:featuredmedia":[{"embeddable":true,"href":"https:\/\/blogs.autodesk.com\/villagebim\/wp-json\/wp\/v2\/media\/2472"}],"wp:attachment":[{"href":"https:\/\/blogs.autodesk.com\/villagebim\/wp-json\/wp\/v2\/media?parent=2314"}],"wp:term":[{"taxonomy":"category","embeddable":true,"href":"https:\/\/blogs.autodesk.com\/villagebim\/wp-json\/wp\/v2\/categories?post=2314"},{"taxonomy":"post_tag","embeddable":true,"href":"https:\/\/blogs.autodesk.com\/villagebim\/wp-json\/wp\/v2\/tags?post=2314"}],"curies":[{"name":"wp","href":"https:\/\/api.w.org\/{rel}","templated":true}]}}