{"id":23867,"date":"2022-03-09T09:00:00","date_gmt":"2022-03-09T07:00:00","guid":{"rendered":"https:\/\/blogs.autodesk.com\/villagebim?p=23867"},"modified":"2022-03-08T16:01:43","modified_gmt":"2022-03-08T14:01:43","slug":"evenement-presentiel-bim-world-2022","status":"publish","type":"post","link":"https:\/\/blogs.autodesk.com\/villagebim\/2022\/03\/evenement-presentiel-bim-world-2022.html","title":{"rendered":"[Ev\u00e8nement pr\u00e9sentiel] BIM WORLD 2022"},"content":{"rendered":"\n<figure class=\"wp-block-image size-full\"><img loading=\"lazy\" decoding=\"async\" width=\"979\" height=\"460\" src=\"https:\/\/blogs.autodesk.com\/villagebim\/wp-content\/uploads\/sites\/154\/2022\/03\/08\/image-1.jpg\" alt=\"\" class=\"wp-image-23868\" srcset=\"https:\/\/blogs.autodesk.com\/villagebim\/wp-content\/uploads\/sites\/154\/2022\/03\/08\/image-1.jpg 979w, https:\/\/blogs.autodesk.com\/villagebim\/wp-content\/uploads\/sites\/154\/2022\/03\/08\/image-1-300x141.jpg 300w, https:\/\/blogs.autodesk.com\/villagebim\/wp-content\/uploads\/sites\/154\/2022\/03\/08\/image-1-768x361.jpg 768w\" sizes=\"auto, (max-width: 979px) 100vw, 979px\" \/><\/figure>\n\n\n\n<p>Maintenant que la situation\u00a0sanitaire\u00a0est revenue\u00a0presque\u00a0normale,<strong> BIM World\u00a0va ouvrir ses portes les\u00a05\u00a0et\u00a06 avril\u00a0\u00e0\u00a0Paris Expo\u00a0(Porte de Versailles)<\/strong>.\u00a0Cette ann\u00e9e, la soci\u00e9t\u00e9 \u00a0Autodesk sera pr\u00e9sente parmi les\u00a0250 exposants de BIM World. Ce\u00a0sera une bonne occasion de se\u00a0rencontrer pour \u00e9changer, interagir, vous informer, poser vos questions commerciales et techniques.<\/p>\n\n\n\n<figure class=\"wp-block-image size-full\"><img loading=\"lazy\" decoding=\"async\" width=\"934\" height=\"436\" src=\"https:\/\/blogs.autodesk.com\/villagebim\/wp-content\/uploads\/sites\/154\/2022\/03\/08\/image-2.jpg\" alt=\"\" class=\"wp-image-23870\" srcset=\"https:\/\/blogs.autodesk.com\/villagebim\/wp-content\/uploads\/sites\/154\/2022\/03\/08\/image-2.jpg 934w, https:\/\/blogs.autodesk.com\/villagebim\/wp-content\/uploads\/sites\/154\/2022\/03\/08\/image-2-300x140.jpg 300w, https:\/\/blogs.autodesk.com\/villagebim\/wp-content\/uploads\/sites\/154\/2022\/03\/08\/image-2-768x359.jpg 768w\" sizes=\"auto, (max-width: 934px) 100vw, 934px\" \/><\/figure>\n\n\n\n<p>Avec pr\u00e8s de 80 conf\u00e9rences et ateliers, c\u2019est le meilleur endroit pour d\u00e9couvrir des r\u00e9alisations innovantes et les derni\u00e8res innovations num\u00e9riques pour la construction, l\u2019immobilier et l\u2019am\u00e9nagement urbain.<\/p>\n\n\n\n<p>A cette occasion, <strong>Autodesk pr\u00e9sentera trois ateliers\u00a0:<\/strong><\/p>\n\n\n\n<figure class=\"wp-block-image size-full\"><img loading=\"lazy\" decoding=\"async\" width=\"794\" height=\"854\" src=\"https:\/\/blogs.autodesk.com\/villagebim\/wp-content\/uploads\/sites\/154\/2022\/03\/08\/image-3.jpg\" alt=\"\" class=\"wp-image-23872\" srcset=\"https:\/\/blogs.autodesk.com\/villagebim\/wp-content\/uploads\/sites\/154\/2022\/03\/08\/image-3.jpg 794w, https:\/\/blogs.autodesk.com\/villagebim\/wp-content\/uploads\/sites\/154\/2022\/03\/08\/image-3-279x300.jpg 279w, https:\/\/blogs.autodesk.com\/villagebim\/wp-content\/uploads\/sites\/154\/2022\/03\/08\/image-3-768x826.jpg 768w\" sizes=\"auto, (max-width: 794px) 100vw, 794px\" \/><\/figure>\n\n\n\n<p>Dans le prochain billet, je vous d\u00e9voilerai les diff\u00e9rentes conf\u00e9rences BIM WORLD d\u00e9livr\u00e9es par Autodesk.<\/p>\n\n\n\n<p>Venez nous voir nombreux et <a href=\"https:\/\/bim-w.com\/inscription\/\">inscrivez-vous gratuitement<\/a> avec ce code d\u2019invitation : <strong>B22E164<\/strong>.<\/p>\n","protected":false},"excerpt":{"rendered":"<p>Maintenant que la situation\u00a0sanitaire\u00a0est revenue\u00a0presque\u00a0normale, BIM World\u00a0va ouvrir ses portes les\u00a05\u00a0et\u00a06 avril\u00a0\u00e0\u00a0Paris Expo\u00a0(Porte de Versailles).\u00a0Cette ann\u00e9e, la soci\u00e9t\u00e9 \u00a0Autodesk sera pr\u00e9sente parmi les\u00a0250 exposants de BIM World. Ce\u00a0sera une bonne occasion de se\u00a0rencontrer pour \u00e9changer, interagir, vous informer, poser vos questions commerciales et techniques. Avec pr\u00e8s de 80 conf\u00e9rences et ateliers, c\u2019est le meilleur endroit [&hellip;]<\/p>\n","protected":false},"author":4760,"featured_media":23874,"menu_order":0,"comment_status":"open","ping_status":"open","sticky":false,"template":"","format":"standard","meta":{"_acf_changed":false,"inline_featured_image":false,"footnotes":""},"categories":[3378,3305,3308,25,3321,3383,3377,3382,3400,3379,4,3386,3581,3388,3387,3381,3385,15,3357,5,3582,3583,53,3283,10,26,27,54,55,3568,3579,28,3311,3304,16,3309,56,3314,17,3315,3586,3394,3341,3589,58],"tags":[],"class_list":["post-23867","post","type-post","status-publish","format-standard","has-post-thumbnail","hentry","category-actus","category-applicatifs-civil-3d","category-applications-cloud","category-architecture","category-autocad-autocad-lt","category-autocad-civil-3d","category-autocad-map-3d","category-autocad-raster-design","category-autocad-ws","category-autodesk","category-autodesk-bim-360","category-autodesk-cloud","category-autodesk-docs","category-autodesk-geospatial","category-autodesk-infrastructure-map-server","category-autodesk-infraworks","category-autodesk-recap","category-autodesk-revit","category-batiment","category-bim","category-bim-collaborate","category-bim-collaborate-pro","category-capture-de-la-realite","category-civil-3d","category-collaboration","category-conception","category-construction","category-evenements","category-fabrication","category-formit","category-generative-design","category-gestion-de-donnees","category-gestion-de-projet","category-infraworks","category-interoperabilite","category-interoperabilite-revit","category-mep","category-modelisation-3d","category-nouveautes","category-nuages-de-points","category-retail-batiment","category-revit","category-simulation","category-spacemaker","category-structure","dhig-theme--light"],"acf":[],"_links":{"self":[{"href":"https:\/\/blogs.autodesk.com\/villagebim\/wp-json\/wp\/v2\/posts\/23867","targetHints":{"allow":["GET"]}}],"collection":[{"href":"https:\/\/blogs.autodesk.com\/villagebim\/wp-json\/wp\/v2\/posts"}],"about":[{"href":"https:\/\/blogs.autodesk.com\/villagebim\/wp-json\/wp\/v2\/types\/post"}],"author":[{"embeddable":true,"href":"https:\/\/blogs.autodesk.com\/villagebim\/wp-json\/wp\/v2\/users\/4760"}],"replies":[{"embeddable":true,"href":"https:\/\/blogs.autodesk.com\/villagebim\/wp-json\/wp\/v2\/comments?post=23867"}],"version-history":[{"count":0,"href":"https:\/\/blogs.autodesk.com\/villagebim\/wp-json\/wp\/v2\/posts\/23867\/revisions"}],"wp:featuredmedia":[{"embeddable":true,"href":"https:\/\/blogs.autodesk.com\/villagebim\/wp-json\/wp\/v2\/media\/23874"}],"wp:attachment":[{"href":"https:\/\/blogs.autodesk.com\/villagebim\/wp-json\/wp\/v2\/media?parent=23867"}],"wp:term":[{"taxonomy":"category","embeddable":true,"href":"https:\/\/blogs.autodesk.com\/villagebim\/wp-json\/wp\/v2\/categories?post=23867"},{"taxonomy":"post_tag","embeddable":true,"href":"https:\/\/blogs.autodesk.com\/villagebim\/wp-json\/wp\/v2\/tags?post=23867"}],"curies":[{"name":"wp","href":"https:\/\/api.w.org\/{rel}","templated":true}]}}