{"id":24449,"date":"2022-04-22T09:00:00","date_gmt":"2022-04-22T07:00:00","guid":{"rendered":"https:\/\/blogs.autodesk.com\/villagebim?p=24449"},"modified":"2022-04-19T17:37:57","modified_gmt":"2022-04-19T15:37:57","slug":"astuce-autodesk-revit-2023-installez-les-bibliotheques-de-contenus-2023","status":"publish","type":"post","link":"https:\/\/blogs.autodesk.com\/villagebim\/2022\/04\/astuce-autodesk-revit-2023-installez-les-bibliotheques-de-contenus-2023.html","title":{"rendered":"[Astuce] Autodesk Revit 2023 \u2013 Installez les biblioth\u00e8ques de contenus 2023"},"content":{"rendered":"\n<figure class=\"wp-block-image size-full\"><img loading=\"lazy\" decoding=\"async\" width=\"979\" height=\"810\" src=\"https:\/\/blogs.autodesk.com\/villagebim\/wp-content\/uploads\/sites\/154\/2022\/04\/19\/image-12.jpg\" alt=\"\" class=\"wp-image-24450\" srcset=\"https:\/\/blogs.autodesk.com\/villagebim\/wp-content\/uploads\/sites\/154\/2022\/04\/19\/image-12.jpg 979w, https:\/\/blogs.autodesk.com\/villagebim\/wp-content\/uploads\/sites\/154\/2022\/04\/19\/image-12-300x248.jpg 300w, https:\/\/blogs.autodesk.com\/villagebim\/wp-content\/uploads\/sites\/154\/2022\/04\/19\/image-12-768x635.jpg 768w\" sizes=\"auto, (max-width: 979px) 100vw, 979px\" \/><\/figure>\n\n\n\n<p>Pour ceux qui viennent d\u2019installer la nouvelle version Autodesk Revit 2023, vous devez \u00eatre surpris de ne pas trouver les biblioth\u00e8ques de contenus&nbsp;; lorsque par exemple, apr\u00e8s avoir cliqu\u00e9 sur le bouton \u00ab&nbsp;<strong><em>Charger la famille<\/em><\/strong>&nbsp;\u00bb de l\u2019onglet \u00ab&nbsp;<strong><em>Ins\u00e9rer<\/em><\/strong>&nbsp;\u00bb, vous d\u00e9couvrez uniquement deux r\u00e9pertoires&nbsp;:<\/p>\n\n\n\n<ul class=\"wp-block-list\"><li>Analyse de l\u2019itin\u00e9raire<\/li><li>Structure Precast<\/li><\/ul>\n\n\n\n<figure class=\"wp-block-image size-full\"><img loading=\"lazy\" decoding=\"async\" width=\"979\" height=\"631\" src=\"https:\/\/blogs.autodesk.com\/villagebim\/wp-content\/uploads\/sites\/154\/2022\/04\/19\/image-13.jpg\" alt=\"\" class=\"wp-image-24452\" srcset=\"https:\/\/blogs.autodesk.com\/villagebim\/wp-content\/uploads\/sites\/154\/2022\/04\/19\/image-13.jpg 979w, https:\/\/blogs.autodesk.com\/villagebim\/wp-content\/uploads\/sites\/154\/2022\/04\/19\/image-13-300x193.jpg 300w, https:\/\/blogs.autodesk.com\/villagebim\/wp-content\/uploads\/sites\/154\/2022\/04\/19\/image-13-768x495.jpg 768w\" sizes=\"auto, (max-width: 979px) 100vw, 979px\" \/><\/figure>\n\n\n\n<p><strong>Ce n\u2019est pas une erreur mais plut\u00f4t cela r\u00e9pond \u00e0 la volont\u00e9 d\u2019all\u00e9ger l\u2019installation du logiciel<\/strong> et de laisser libre le choix \u00e0 l\u2019utilisateur d\u2019utiliser les nouvelles biblioth\u00e8ques ou travailler avec les anciennes.<\/p>\n\n\n\n<p>Pour ceux qui souhaitent les nouvelles biblioth\u00e8ques de contenus Revit 2023, elles sont disponibles <a href=\"https:\/\/knowledge.autodesk.com\/fr\/support\/revit\/downloads\/caas\/downloads\/downloads\/FRA\/content\/autodesk-revit-2023-content.html\">ici<\/a>.<\/p>\n\n\n\n<p>Vous avez \u00e0 votre disposition deux versions\u00a0:<\/p>\n\n\n\n<figure class=\"wp-block-image size-full\"><img loading=\"lazy\" decoding=\"async\" width=\"979\" height=\"237\" src=\"https:\/\/blogs.autodesk.com\/villagebim\/wp-content\/uploads\/sites\/154\/2022\/04\/19\/image-14.jpg\" alt=\"\" class=\"wp-image-24454\" srcset=\"https:\/\/blogs.autodesk.com\/villagebim\/wp-content\/uploads\/sites\/154\/2022\/04\/19\/image-14.jpg 979w, https:\/\/blogs.autodesk.com\/villagebim\/wp-content\/uploads\/sites\/154\/2022\/04\/19\/image-14-300x73.jpg 300w, https:\/\/blogs.autodesk.com\/villagebim\/wp-content\/uploads\/sites\/154\/2022\/04\/19\/image-14-768x186.jpg 768w\" sizes=\"auto, (max-width: 979px) 100vw, 979px\" \/><\/figure>\n\n\n\n<ul class=\"wp-block-list\"><li>T\u00e9l\u00e9chargez-les (ou le) contenus<\/li><li>Laissez-vous guider par l\u2019installateur<\/li><\/ul>\n\n\n\n<p><span style=\"text-decoration: underline\">R\u00e9sultats apr\u00e8s op\u00e9ration\u00a0:<\/span><\/p>\n\n\n\n<figure class=\"wp-block-image size-full\"><img loading=\"lazy\" decoding=\"async\" width=\"979\" height=\"515\" src=\"https:\/\/blogs.autodesk.com\/villagebim\/wp-content\/uploads\/sites\/154\/2022\/04\/19\/image-15.jpg\" alt=\"\" class=\"wp-image-24456\" srcset=\"https:\/\/blogs.autodesk.com\/villagebim\/wp-content\/uploads\/sites\/154\/2022\/04\/19\/image-15.jpg 979w, https:\/\/blogs.autodesk.com\/villagebim\/wp-content\/uploads\/sites\/154\/2022\/04\/19\/image-15-300x158.jpg 300w, https:\/\/blogs.autodesk.com\/villagebim\/wp-content\/uploads\/sites\/154\/2022\/04\/19\/image-15-768x404.jpg 768w\" sizes=\"auto, (max-width: 979px) 100vw, 979px\" \/><\/figure>\n","protected":false},"excerpt":{"rendered":"<p>Pour ceux qui viennent d\u2019installer la nouvelle version Autodesk Revit 2023, vous devez \u00eatre surpris de ne pas trouver les biblioth\u00e8ques de contenus&nbsp;; lorsque par exemple, apr\u00e8s avoir cliqu\u00e9 sur le bouton \u00ab&nbsp;Charger la famille&nbsp;\u00bb de l\u2019onglet \u00ab&nbsp;Ins\u00e9rer&nbsp;\u00bb, vous d\u00e9couvrez uniquement deux r\u00e9pertoires&nbsp;: Analyse de l\u2019itin\u00e9raire Structure Precast Ce n\u2019est pas une erreur mais plut\u00f4t [&hellip;]<\/p>\n","protected":false},"author":4760,"featured_media":24458,"menu_order":0,"comment_status":"open","ping_status":"open","sticky":false,"template":"","format":"standard","meta":{"_acf_changed":false,"inline_featured_image":false,"footnotes":""},"categories":[15,3357,3309,17,3394,3325,6],"tags":[],"class_list":["post-24449","post","type-post","status-publish","format-standard","has-post-thumbnail","hentry","category-autodesk-revit","category-batiment","category-interoperabilite-revit","category-nouveautes","category-revit","category-tips-tricks","category-trucs-et-astuces","dhig-theme--light"],"acf":[],"_links":{"self":[{"href":"https:\/\/blogs.autodesk.com\/villagebim\/wp-json\/wp\/v2\/posts\/24449","targetHints":{"allow":["GET"]}}],"collection":[{"href":"https:\/\/blogs.autodesk.com\/villagebim\/wp-json\/wp\/v2\/posts"}],"about":[{"href":"https:\/\/blogs.autodesk.com\/villagebim\/wp-json\/wp\/v2\/types\/post"}],"author":[{"embeddable":true,"href":"https:\/\/blogs.autodesk.com\/villagebim\/wp-json\/wp\/v2\/users\/4760"}],"replies":[{"embeddable":true,"href":"https:\/\/blogs.autodesk.com\/villagebim\/wp-json\/wp\/v2\/comments?post=24449"}],"version-history":[{"count":0,"href":"https:\/\/blogs.autodesk.com\/villagebim\/wp-json\/wp\/v2\/posts\/24449\/revisions"}],"wp:featuredmedia":[{"embeddable":true,"href":"https:\/\/blogs.autodesk.com\/villagebim\/wp-json\/wp\/v2\/media\/24458"}],"wp:attachment":[{"href":"https:\/\/blogs.autodesk.com\/villagebim\/wp-json\/wp\/v2\/media?parent=24449"}],"wp:term":[{"taxonomy":"category","embeddable":true,"href":"https:\/\/blogs.autodesk.com\/villagebim\/wp-json\/wp\/v2\/categories?post=24449"},{"taxonomy":"post_tag","embeddable":true,"href":"https:\/\/blogs.autodesk.com\/villagebim\/wp-json\/wp\/v2\/tags?post=24449"}],"curies":[{"name":"wp","href":"https:\/\/api.w.org\/{rel}","templated":true}]}}