{"id":25899,"date":"2022-10-14T11:13:08","date_gmt":"2022-10-14T09:13:08","guid":{"rendered":"https:\/\/blogs.autodesk.com\/villagebim?p=25899"},"modified":"2022-10-14T15:32:32","modified_gmt":"2022-10-14T13:32:32","slug":"gubi-modelisation-de-quais-de-metro-avec-civil-3d-et-dynamo-par-eiffage-replay-en-ligne","status":"publish","type":"post","link":"https:\/\/blogs.autodesk.com\/villagebim\/2022\/10\/gubi-modelisation-de-quais-de-metro-avec-civil-3d-et-dynamo-par-eiffage-replay-en-ligne.html","title":{"rendered":"[GUBI] Mod\u00e9lisation de quais de m\u00e9tro avec Civil 3D et Dynamo par Eiffage &#8211; Replay en ligne"},"content":{"rendered":"\n<p>Merci \u00e0 tous les membres du GUBI (Groupe Utilisateurs BIM Infrastructure) qui se sont connect\u00e9s mardi 11 octobre pour suivre la pr\u00e9sentation de <strong>Yoann Clouet<\/strong> et <strong>Stewen Polly<\/strong>, Eiffage G\u00e9nie Civil. Cela nous a permis d&rsquo;avoir un temps d&rsquo;\u00e9change en fin de session.<\/p>\n\n\n\n<p>Et bien s\u00fbr merci \u00e0 Yoann et Stewen de leur participation et de leur partage.<\/p>\n\n\n\n<p>Le replay de la session est disponible dans la <a href=\"https:\/\/www.youtube.com\/playlist?list=PLA4d52JXwm4FsWWb_PQqyZHwbcDuVzzzq\" target=\"_blank\" rel=\"noreferrer noopener\">playlist YouTube du GUBI<\/a>.<\/p>\n\n\n\n<p>Nous avons pu d\u00e9couvrir le projet \u00e0 traiter et l&rsquo;approche choisie par Eiffage pour \u00eatre le plus efficace possible. L&rsquo;analyse des contraintes , les rendus exig\u00e9s ainsi que le temps limit\u00e9 pour l&rsquo;op\u00e9ration a amen\u00e9 l&rsquo;\u00e9quipe a mettre de c\u00f4t\u00e9 le scan laser pour s&rsquo;orienter vers l&rsquo;optimisation du traitemet d&rsquo;un lev\u00e9 traditionnel. <\/p>\n\n\n\n<figure class=\"wp-block-image size-large\"><img loading=\"lazy\" decoding=\"async\" width=\"1024\" height=\"576\" src=\"https:\/\/blogs.autodesk.com\/villagebim\/wp-content\/uploads\/sites\/154\/2022\/10\/14\/2022-10-14_11-02-35-1024x576.jpg\" alt=\"\" class=\"wp-image-25907\" srcset=\"https:\/\/blogs.autodesk.com\/villagebim\/wp-content\/uploads\/sites\/154\/2022\/10\/14\/2022-10-14_11-02-35-1024x576.jpg 1024w, https:\/\/blogs.autodesk.com\/villagebim\/wp-content\/uploads\/sites\/154\/2022\/10\/14\/2022-10-14_11-02-35-300x169.jpg 300w, https:\/\/blogs.autodesk.com\/villagebim\/wp-content\/uploads\/sites\/154\/2022\/10\/14\/2022-10-14_11-02-35-768x432.jpg 768w, https:\/\/blogs.autodesk.com\/villagebim\/wp-content\/uploads\/sites\/154\/2022\/10\/14\/2022-10-14_11-02-35-1536x864.jpg 1536w, https:\/\/blogs.autodesk.com\/villagebim\/wp-content\/uploads\/sites\/154\/2022\/10\/14\/2022-10-14_11-02-35.jpg 1920w\" sizes=\"auto, (max-width: 1024px) 100vw, 1024px\" \/><\/figure>\n\n\n\n<p>Le r\u00e9sultat est la mise au point d&rsquo;un workflow Civil 3D \/ Dynamo qui exploite des listings de points et permet d&rsquo;automatiser la g\u00e9n\u00e9ration des lignes ma\u00eetresses et la mod\u00e9lisation des quais avec des profils en travers types d\u00e9di\u00e9s qui s&rsquo;appuient sur ces lignes.<\/p>\n\n\n\n<figure class=\"wp-block-image size-large\"><img loading=\"lazy\" decoding=\"async\" width=\"1024\" height=\"576\" src=\"https:\/\/blogs.autodesk.com\/villagebim\/wp-content\/uploads\/sites\/154\/2022\/10\/14\/2022-10-14_11-02-53-1024x576.jpg\" alt=\"\" class=\"wp-image-25909\" srcset=\"https:\/\/blogs.autodesk.com\/villagebim\/wp-content\/uploads\/sites\/154\/2022\/10\/14\/2022-10-14_11-02-53-1024x576.jpg 1024w, https:\/\/blogs.autodesk.com\/villagebim\/wp-content\/uploads\/sites\/154\/2022\/10\/14\/2022-10-14_11-02-53-300x169.jpg 300w, https:\/\/blogs.autodesk.com\/villagebim\/wp-content\/uploads\/sites\/154\/2022\/10\/14\/2022-10-14_11-02-53-768x432.jpg 768w, https:\/\/blogs.autodesk.com\/villagebim\/wp-content\/uploads\/sites\/154\/2022\/10\/14\/2022-10-14_11-02-53-1536x864.jpg 1536w, https:\/\/blogs.autodesk.com\/villagebim\/wp-content\/uploads\/sites\/154\/2022\/10\/14\/2022-10-14_11-02-53.jpg 1920w\" sizes=\"auto, (max-width: 1024px) 100vw, 1024px\" \/><\/figure>\n\n\n\n<p>C&rsquo;est \u00e0 la fois efficace et souple car ce principe est adaptable \u00e0 tous type d&rsquo;ouvrage lin\u00e9aire. De plus cela \u00e9vite la production et le stockage de grandes quantit\u00e9s de donn\u00e9es de nuages de points dont une infime partie seulement aurait \u00e9t\u00e9 exploit\u00e9e. C&rsquo;est tr\u00e8s bien vu.<\/p>\n\n\n\n<figure class=\"wp-block-image size-large\"><img loading=\"lazy\" decoding=\"async\" width=\"1024\" height=\"576\" src=\"https:\/\/blogs.autodesk.com\/villagebim\/wp-content\/uploads\/sites\/154\/2022\/10\/14\/2022-10-14_11-08-02-1024x576.jpg\" alt=\"\" class=\"wp-image-25911\" srcset=\"https:\/\/blogs.autodesk.com\/villagebim\/wp-content\/uploads\/sites\/154\/2022\/10\/14\/2022-10-14_11-08-02-1024x576.jpg 1024w, https:\/\/blogs.autodesk.com\/villagebim\/wp-content\/uploads\/sites\/154\/2022\/10\/14\/2022-10-14_11-08-02-300x169.jpg 300w, https:\/\/blogs.autodesk.com\/villagebim\/wp-content\/uploads\/sites\/154\/2022\/10\/14\/2022-10-14_11-08-02-768x432.jpg 768w, https:\/\/blogs.autodesk.com\/villagebim\/wp-content\/uploads\/sites\/154\/2022\/10\/14\/2022-10-14_11-08-02-1536x864.jpg 1536w, https:\/\/blogs.autodesk.com\/villagebim\/wp-content\/uploads\/sites\/154\/2022\/10\/14\/2022-10-14_11-08-02.jpg 1920w\" sizes=\"auto, (max-width: 1024px) 100vw, 1024px\" \/><\/figure>\n\n\n\n<p>Je tiens \u00e0 f\u00e9liciter \u00e0 nouveau Yoann Clouet qui a pr\u00e9sent\u00e9, accompagn\u00e9 de Florent Couderc, ce m\u00eame sujet durant <a rel=\"noreferrer noopener\" href=\"https:\/\/www.autodesk.com\/autodesk-university\/conference\/overview\" target=\"_blank\">Autodesk University<\/a> \u00e0 La Nouvelle Orl\u00e9ans fin septembre devant un public anglophone qui a bu ces paroles. Un <a rel=\"noreferrer noopener\" href=\"https:\/\/www.autodesk.com\/autodesk-university\/class\/How-model-civil-engineering-digital-twin-without-3D-scanning-2022\" target=\"_blank\">enregistrement en anglais<\/a> est disponible sur le portail AU. Bravo !<\/p>\n","protected":false},"excerpt":{"rendered":"<p>Merci \u00e0 tous les membres du GUBI (Groupe Utilisateurs BIM Infrastructure) qui se sont connect\u00e9s mardi 11 octobre pour suivre la pr\u00e9sentation de Yoann Clouet et Stewen Polly, Eiffage G\u00e9nie Civil. Cela nous a permis d&rsquo;avoir un temps d&rsquo;\u00e9change en fin de session. Et bien s\u00fbr merci \u00e0 Yoann et Stewen de leur participation et [&hellip;]<\/p>\n","protected":false},"author":1016,"featured_media":25913,"menu_order":0,"comment_status":"open","ping_status":"open","sticky":false,"template":"","format":"standard","meta":{"_acf_changed":false,"inline_featured_image":false,"footnotes":""},"categories":[3305,3283,3284,3595,3313,3306,3314,3322,3303],"tags":[],"class_list":["post-25899","post","type-post","status-publish","format-standard","has-post-thumbnail","hentry","category-applicatifs-civil-3d","category-civil-3d","category-club-utilisateurs","category-dynamo","category-experience-utilisateurs","category-groupe-utilisateurs-civil-3d","category-modelisation-3d","category-subassembly-composer","category-temoignages-clients","dhig-theme--light"],"acf":[],"_links":{"self":[{"href":"https:\/\/blogs.autodesk.com\/villagebim\/wp-json\/wp\/v2\/posts\/25899","targetHints":{"allow":["GET"]}}],"collection":[{"href":"https:\/\/blogs.autodesk.com\/villagebim\/wp-json\/wp\/v2\/posts"}],"about":[{"href":"https:\/\/blogs.autodesk.com\/villagebim\/wp-json\/wp\/v2\/types\/post"}],"author":[{"embeddable":true,"href":"https:\/\/blogs.autodesk.com\/villagebim\/wp-json\/wp\/v2\/users\/1016"}],"replies":[{"embeddable":true,"href":"https:\/\/blogs.autodesk.com\/villagebim\/wp-json\/wp\/v2\/comments?post=25899"}],"version-history":[{"count":0,"href":"https:\/\/blogs.autodesk.com\/villagebim\/wp-json\/wp\/v2\/posts\/25899\/revisions"}],"wp:featuredmedia":[{"embeddable":true,"href":"https:\/\/blogs.autodesk.com\/villagebim\/wp-json\/wp\/v2\/media\/25913"}],"wp:attachment":[{"href":"https:\/\/blogs.autodesk.com\/villagebim\/wp-json\/wp\/v2\/media?parent=25899"}],"wp:term":[{"taxonomy":"category","embeddable":true,"href":"https:\/\/blogs.autodesk.com\/villagebim\/wp-json\/wp\/v2\/categories?post=25899"},{"taxonomy":"post_tag","embeddable":true,"href":"https:\/\/blogs.autodesk.com\/villagebim\/wp-json\/wp\/v2\/tags?post=25899"}],"curies":[{"name":"wp","href":"https:\/\/api.w.org\/{rel}","templated":true}]}}