{"id":299,"date":"2019-04-08T09:00:00","date_gmt":"2019-04-08T07:00:00","guid":{"rendered":"https:\/\/blogs.autodesk.com\/villagebim\/2019\/04\/explications-revit-et-le-go-rfrencement.html"},"modified":"2019-04-08T09:00:00","modified_gmt":"2019-04-08T07:00:00","slug":"explications-revit-et-le-go-rfrencement","status":"publish","type":"post","link":"https:\/\/blogs.autodesk.com\/villagebim\/2019\/04\/explications-revit-et-le-go-rfrencement.html","title":{"rendered":"[Explications] Revit et le g\u00e9o-r\u00e9f\u00e9rencement"},"content":{"rendered":"<p><a href=\"https:\/\/villagebim.typepad.com\/.a\/6a015391e15a28970b0240a472ab30200d-pi\"><img loading=\"lazy\" decoding=\"async\" alt=\"clip_image001\" border=\"0\" height=\"212\" src=\"https:\/\/villagebim.typepad.com\/.a\/6a015391e15a28970b0240a4497b93200c-pi\" style=\"background-image: none;margin-left: auto;margin-right: auto\" title=\"clip_image001\" width=\"454\" \/><\/a><\/p>\n<p style=\"text-align: justify\">&#160;&#160;&#160;&#160;\u00ab <strong><em>Revit et le g\u00e9o-r\u00e9f\u00e9rencement <\/em><\/strong>\u00bb, pour \u00eatre honn\u00eate avec vous, ce n\u2019est pas la partie du logiciel Revit que je maitrise le mieux et j\u2019\u00e9tais donc \u00e0 la recherche d\u2019un mat\u00e9riel p\u00e9dagogique qui puisse combler ce vide. Voil\u00e0 c\u2019est chose faite, apr\u00e8s avoir visionn\u00e9 ce webinaire \u00ab <strong><em>Revit et le g\u00e9o-r\u00e9f\u00e9rencement <\/em><\/strong>\u00bb issu du forum communautaire \u201c<a href=\"http:\/\/forums.autodesk.com\/t5\/revit-et-bim-francais\/bd-p\/198\">REVIT et BIM<\/a>\u201d.<\/p>\n<p style=\"text-align: justify\">&#160;&#160;&#160;&#160;Lors de ce webinaire, en guise d\u2019introduction, Monsieur <a href=\"https:\/\/www.linkedin.com\/in\/guillaume-desmedt\/?originalSubdomain=fr\">Guillaume Desmedt<\/a> (Autodesk Elite Expert) nous rappelle les enjeux du g\u00e9or\u00e9f\u00e9rencement tels que :<\/p>\n<ul>\n<li>Le contexte (environnement, contraintes)<\/li>\n<li>L\u2019interop\u00e9rabilit\u00e9 (workflows, collaboration, partage des donn\u00e9es \u2026)<\/li>\n<li>L\u2019int\u00e9gration du g\u00e9or\u00e9f\u00e9rencement (usages BIM, coordination 3D)<\/li>\n<\/ul>\n<p style=\"text-align: justify\">&#160;&#160;&#160;&#160;Ensuite, Monsieur <a href=\"https:\/\/www.linkedin.com\/in\/remy-maurcot-98ba7011a\/?originalSubdomain=fr\">Remy Maurcot<\/a> (Autodesk Elite Expert) prend la main pour nous expliquer comment aborder le g\u00e9or\u00e9f\u00e9rencement dans le logiciel Autodesk Revit.<\/p>\n<p style=\"text-align: justify\">&#160;&#160;&#160;&#160;Pour que la d\u00e9monstration soit tr\u00e8s concr\u00e8te, Remy s\u2019est appuy\u00e9 sur le projet de r\u00e9habilitation du Si\u00e8ge Social du Cr\u00e9dit Agricole \u00e0 Ch\u00e2teauroux.<\/p>\n<p><a href=\"https:\/\/villagebim.typepad.com\/.a\/6a015391e15a28970b0240a497440c200b-pi\"><img loading=\"lazy\" decoding=\"async\" alt=\"clip_image003\" border=\"0\" height=\"254\" src=\"https:\/\/villagebim.typepad.com\/.a\/6a015391e15a28970b0240a472ab39200d-pi\" style=\"background-image: none;margin-left: auto;margin-right: auto\" title=\"clip_image003\" width=\"454\" \/><\/a><\/p>\n<p style=\"text-align: justify\">&#160;&#160;&#160;&#160;Au cours de sa d\u00e9monstration, Remy, nous donne tout plein d\u2019astuces et surtout \u00ab ses ficelles \u00bb pour g\u00e9or\u00e9f\u00e9rencer un projet Revit par rapport \u00e0 une r\u00e9f\u00e9rence (borne).<\/p>\n<p style=\"text-align: justify\">&#160;&#160;&#160;&#160;Ensuite, il pr\u00e9sente les diff\u00e9rentes possibilit\u00e9s d\u2019exportation (DWG et IFC) \u00e0 partir du logiciel Revit afin de r\u00e9pondre aux diff\u00e9rents besoins des parties prenantes.<\/p>\n<p><a href=\"https:\/\/villagebim.typepad.com\/.a\/6a015391e15a28970b0240a4974412200b-pi\"><img loading=\"lazy\" decoding=\"async\" alt=\"clip_image005\" border=\"0\" height=\"257\" src=\"https:\/\/villagebim.typepad.com\/.a\/6a015391e15a28970b0240a472ab3d200d-pi\" style=\"background-image: none;margin-left: auto;margin-right: auto\" title=\"clip_image005\" width=\"454\" \/><\/a><\/p>\n<p style=\"text-align: justify\">&#160;&#160;&#160;&#160;Enfin, la pr\u00e9sentation est cl\u00f4tur\u00e9e par la traditionnelle s\u00e9ance de questions \/ r\u00e9ponses.<\/p>\n<p style=\"text-align: justify\">Vous trouvez ci-dessous l\u2019enregistrement de cette pr\u00e9sentation :<\/p>\n<p class=\"asset-video\" style=\"text-align: center\">\n<p style=\"text-align: justify\"><strong><u>Quelques liens :<\/u><\/strong><\/p>\n<ul>\n<li><a href=\"https:\/\/forums.autodesk.com\/t5\/revit-et-bim-francais\/webinaire-revit-le-geo-referencement\/m-p\/8643217\">Le lien<\/a> au forum d\u00e9di\u00e9 au webinaire \u00ab <strong><em>Revit et le g\u00e9o-r\u00e9f\u00e9rencement <\/em><\/strong>\u00bb<\/li>\n<li><a href=\"https:\/\/www.youtube.com\/watch?v=rHPmZmfuitg\">Lien YouTube<\/a> de la pr\u00e9sentation<\/li>\n<\/ul>\n<p style=\"text-align: justify\">&#160;&#160;&#160;&#160;Encore merci Guillaume et Remy pour votre pr\u00e9sentation qui a tr\u00e8s clairement \u00e9clairci ce domaine.<\/p>\n<p style=\"text-align: justify\">&#160;&#160;&#160;&#160;Je profite de ce billet pour vous rappeler qu\u2019il existe le forum communautaire \u201c<a href=\"http:\/\/forums.autodesk.com\/t5\/revit-et-bim-francais\/bd-p\/198\">REVIT et BIM<\/a>\u201d d\u00e9di\u00e9 au logiciel Autodesk\u00ae Revit\u00ae et \u00e0 la m\u00e9thodologie BIM.<\/p>\n","protected":false},"excerpt":{"rendered":"<p>&#160;&#160;&#160;&#160;\u00ab Revit et le g\u00e9o-r\u00e9f\u00e9rencement \u00bb, pour \u00eatre honn\u00eate avec vous, ce n\u2019est pas la partie du logiciel Revit que je maitrise le mieux et j\u2019\u00e9tais donc \u00e0 la recherche d\u2019un mat\u00e9riel p\u00e9dagogique qui puisse combler ce vide. Voil\u00e0 c\u2019est chose faite, apr\u00e8s avoir visionn\u00e9 ce webinaire \u00ab Revit et le g\u00e9o-r\u00e9f\u00e9rencement \u00bb issu du [&hellip;]<\/p>\n","protected":false},"author":13092,"featured_media":2472,"menu_order":0,"comment_status":"open","ping_status":"closed","sticky":false,"template":"","format":"standard","meta":{"_acf_changed":false,"inline_featured_image":false,"footnotes":""},"categories":[15,10,28,16,17,6],"tags":[20,221,44,458,457],"class_list":["post-299","post","type-post","status-publish","format-standard","has-post-thumbnail","hentry","category-autodesk-revit","category-collaboration","category-gestion-de-donnees","category-interoperabilite","category-nouveautes","category-trucs-et-astuces","tag-autodesk","tag-autodesk-revit","tag-bim","tag-forum-communautaire-revit-et-bim","tag-geo-referencement","dhig-theme--light"],"acf":[],"_links":{"self":[{"href":"https:\/\/blogs.autodesk.com\/villagebim\/wp-json\/wp\/v2\/posts\/299","targetHints":{"allow":["GET"]}}],"collection":[{"href":"https:\/\/blogs.autodesk.com\/villagebim\/wp-json\/wp\/v2\/posts"}],"about":[{"href":"https:\/\/blogs.autodesk.com\/villagebim\/wp-json\/wp\/v2\/types\/post"}],"author":[{"embeddable":true,"href":"https:\/\/blogs.autodesk.com\/villagebim\/wp-json\/wp\/v2\/users\/13092"}],"replies":[{"embeddable":true,"href":"https:\/\/blogs.autodesk.com\/villagebim\/wp-json\/wp\/v2\/comments?post=299"}],"version-history":[{"count":0,"href":"https:\/\/blogs.autodesk.com\/villagebim\/wp-json\/wp\/v2\/posts\/299\/revisions"}],"wp:featuredmedia":[{"embeddable":true,"href":"https:\/\/blogs.autodesk.com\/villagebim\/wp-json\/wp\/v2\/media\/2472"}],"wp:attachment":[{"href":"https:\/\/blogs.autodesk.com\/villagebim\/wp-json\/wp\/v2\/media?parent=299"}],"wp:term":[{"taxonomy":"category","embeddable":true,"href":"https:\/\/blogs.autodesk.com\/villagebim\/wp-json\/wp\/v2\/categories?post=299"},{"taxonomy":"post_tag","embeddable":true,"href":"https:\/\/blogs.autodesk.com\/villagebim\/wp-json\/wp\/v2\/tags?post=299"}],"curies":[{"name":"wp","href":"https:\/\/api.w.org\/{rel}","templated":true}]}}