{"id":31240,"date":"2024-03-07T09:00:00","date_gmt":"2024-03-07T07:00:00","guid":{"rendered":"https:\/\/blogs.autodesk.com\/villagebim?p=31240"},"modified":"2024-03-12T09:58:39","modified_gmt":"2024-03-12T07:58:39","slug":"evenement-presentiel-bim-world-2024","status":"publish","type":"post","link":"https:\/\/blogs.autodesk.com\/villagebim\/2024\/03\/evenement-presentiel-bim-world-2024.html","title":{"rendered":"[Ev\u00e8nement pr\u00e9sentiel] BIM WORLD 2024"},"content":{"rendered":"\n<figure class=\"wp-block-image size-large\"><img loading=\"lazy\" decoding=\"async\" width=\"1024\" height=\"895\" src=\"https:\/\/blogs.autodesk.com\/villagebim\/wp-content\/uploads\/sites\/154\/2024\/03\/07\/image-1024x895.jpg\" alt=\"\" class=\"wp-image-31269\" srcset=\"https:\/\/blogs.autodesk.com\/villagebim\/wp-content\/uploads\/sites\/154\/2024\/03\/07\/image-1024x895.jpg 1024w, https:\/\/blogs.autodesk.com\/villagebim\/wp-content\/uploads\/sites\/154\/2024\/03\/07\/image-300x262.jpg 300w, https:\/\/blogs.autodesk.com\/villagebim\/wp-content\/uploads\/sites\/154\/2024\/03\/07\/image-768x671.jpg 768w, https:\/\/blogs.autodesk.com\/villagebim\/wp-content\/uploads\/sites\/154\/2024\/03\/07\/image.jpg 1193w\" sizes=\"auto, (max-width: 1024px) 100vw, 1024px\" \/><\/figure>\n\n\n\n<p><a href=\"https:\/\/bim-w.com\/\" target=\"_blank\" rel=\"noreferrer noopener\">Le salon <strong>BIM World <\/strong><\/a><strong>va ouvrir ses portes les 3 et 4 avril prochain \u00e0 Paris Expo (Porte de Versailles)<\/strong>. Comme chaque ann\u00e9e, la soci\u00e9t\u00e9 Autodesk sera pr\u00e9sente parmi plus de 240 exposants de BIM World. Ce sera une bonne occasion de se rencontrer sur notre stand n\u00b0<strong>D30 \/ D39<\/strong>\u00a0pour d\u00e9couvrir\u00a0<strong>en avant-premi\u00e8re la nouvelle version Autodesk Revit 2025<\/strong>\u00a0et aussi \u00e9changer, interagir, vous informer, poser vos questions commerciales et techniques.<\/p>\n\n\n\n<figure class=\"wp-block-image size-full\"><img loading=\"lazy\" decoding=\"async\" width=\"737\" height=\"659\" src=\"https:\/\/blogs.autodesk.com\/villagebim\/wp-content\/uploads\/sites\/154\/2024\/03\/06\/image-1.jpg\" alt=\"\" class=\"wp-image-31243\" srcset=\"https:\/\/blogs.autodesk.com\/villagebim\/wp-content\/uploads\/sites\/154\/2024\/03\/06\/image-1.jpg 737w, https:\/\/blogs.autodesk.com\/villagebim\/wp-content\/uploads\/sites\/154\/2024\/03\/06\/image-1-300x268.jpg 300w\" sizes=\"auto, (max-width: 737px) 100vw, 737px\" \/><\/figure>\n\n\n\n<p>Avec pr\u00e8s de <strong>105 conf\u00e9rences et ateliers<\/strong>, c\u2019est le meilleur endroit pour d\u00e9couvrir des r\u00e9alisations innovantes et les derni\u00e8res innovations num\u00e9riques pour la construction, l\u2019immobilier et l\u2019am\u00e9nagement urbain.<\/p>\n\n\n\n<p>A cette occasion,&nbsp;Autodesk et ses utilisateurs animeront plusieurs sessions :<\/p>\n\n\n\n<p><strong><u>Keynote&nbsp;:<\/u><\/strong><\/p>\n\n\n\n<ul class=\"wp-block-list\">\n<li>Mercredi 3 avril 16h00, Salle 2\u2013 <strong>Digital Trends for smart Construction<\/strong> avec la participation de <strong><a href=\"https:\/\/www.linkedin.com\/in\/robertbray\/?originalSubdomain=ca\">Robert Bray<\/a><\/strong> Vice President &amp; General Manager, Autodesk Tandem<\/li>\n<\/ul>\n\n\n\n<p><strong><u>Conf\u00e9rences&nbsp;:<\/u><\/strong><\/p>\n\n\n\n<ul class=\"wp-block-list\">\n<li>Mercredi 3 avril 14h00, Salle 3 &#8211; <strong>Cit\u00e9 administrative de Lyon : un b\u00e2timent majestueux entre contraintes<\/strong> avec les participations de <a href=\"https:\/\/www.linkedin.com\/in\/h%C3%A9l%C3%A8ne-bouchain-99b58992\/\">H\u00e9l\u00e8ne Bouchain<\/a> Architecte associ\u00e9e, <a href=\"https:\/\/www.z-architecture.fr\/\">Z Architecture<\/a> et <a href=\"https:\/\/www.linkedin.com\/in\/remy-cointet-4031651\/\">R\u00e9my Cointet<\/a> Architecte associ\u00e9 et Chef de projet, <a href=\"https:\/\/www.snohetta.com\/\">Sn\u00f8hetta<\/a><\/li>\n<\/ul>\n\n\n\n<ul class=\"wp-block-list\">\n<li>Jeudi 4 avril 10h45, Plateau TV &#8211; C<strong>entre Pompidou Francilien \u2013 Fabrique de l\u2019Art \/ Mus\u00e9e national Picasso Paris \u00e0 Massy<\/strong> avec la participation de <a href=\"https:\/\/www.linkedin.com\/in\/sebastien-truchot-3a791874\/\">S\u00e9bastien Truchot<\/a> Architecte associ\u00e9, directeur de Studio et directeur du projet, <a href=\"https:\/\/pca-stream.com\/fr\/\">PCA-STREAM<\/a><\/li>\n<\/ul>\n\n\n\n<p><strong><u>Ateliers&nbsp;:<\/u><\/strong><\/p>\n\n\n\n<ul class=\"wp-block-list\">\n<li>Mercredi 3 avril 10h15, Salle A\u2013 <strong>R\u00e9volutionner les paysages urbains gr\u00e2ce \u00e0 la technologie : une \u00e9tude de cas du m\u00e9tro de Bruxelles<\/strong> avec la participation de <a href=\"https:\/\/www.linkedin.com\/in\/hanane-ferrat-a4b82713\/\">Hanane Ferrat<\/a> BIM Manager, <a href=\"https:\/\/sweco.fr\/\">Sweco<\/a><\/li>\n<\/ul>\n\n\n\n<ul class=\"wp-block-list\">\n<li>Mercredi 3 avril 14h45, Salle A\u2013 <strong>La puissance des exp\u00e9riences XR immersives pour les r\u00e9visions de projets<\/strong> avec la participation de <a href=\"https:\/\/www.linkedin.com\/in\/nicolasfonta\/\">Nicolas Fonta<\/a> Directeur g\u00e9n\u00e9ral, XR, Autodesk<\/li>\n<\/ul>\n\n\n\n<ul class=\"wp-block-list\">\n<li>Jeudi 4 avril 10h15, Salle A &#8211; <strong>Autodesk Forma : apporter l\u2019interop\u00e9rabilit\u00e9 de notre plateforme \u00e0 d\u2019autres outils du secteur<\/strong> avec les participations de <a href=\"https:\/\/www.linkedin.com\/in\/cl%C3%A9ment-lemaire-68612ab5\/\">Cl\u00e9ment Lemaire<\/a> Customer Success Manager, Autodesk Forma <a href=\"https:\/\/www.linkedin.com\/in\/th%C3%A9o-verut-07b37361\/\">Th\u00e9o Verut<\/a> Customer Success Manager, Autodesk<\/li>\n<\/ul>\n\n\n\n<p>Dans le prochain billet, je vous d\u00e9voilerai les diff\u00e9rentes conf\u00e9rences BIM WORLD d\u00e9livr\u00e9es par Autodesk.<\/p>\n\n\n\n<p>Venez nombreux rencontrer l\u2019\u00e9quipe France Autodesk au stand n\u00b0<strong>D30 \/ D39<\/strong> et <a href=\"https:\/\/bim-w.com\/inscription\/\" target=\"_blank\" rel=\"noreferrer noopener\">inscrivez-vous<\/a> gratuitement avec ce code d\u2019invitation :&nbsp;DE42<\/p>\n\n\n\n<figure class=\"wp-block-image size-full\"><img loading=\"lazy\" decoding=\"async\" width=\"737\" height=\"659\" src=\"https:\/\/blogs.autodesk.com\/villagebim\/wp-content\/uploads\/sites\/154\/2024\/03\/06\/image-2.jpg\" alt=\"\" class=\"wp-image-31245\" srcset=\"https:\/\/blogs.autodesk.com\/villagebim\/wp-content\/uploads\/sites\/154\/2024\/03\/06\/image-2.jpg 737w, https:\/\/blogs.autodesk.com\/villagebim\/wp-content\/uploads\/sites\/154\/2024\/03\/06\/image-2-300x268.jpg 300w\" sizes=\"auto, (max-width: 737px) 100vw, 737px\" \/><\/figure>\n","protected":false},"excerpt":{"rendered":"<p>Le salon BIM World va ouvrir ses portes les 3 et 4 avril prochain \u00e0 Paris Expo (Porte de Versailles). Comme chaque ann\u00e9e, la soci\u00e9t\u00e9 Autodesk sera pr\u00e9sente parmi plus de 240 exposants de BIM World. Ce sera une bonne occasion de se rencontrer sur notre stand n\u00b0D30 \/ D39\u00a0pour d\u00e9couvrir\u00a0en avant-premi\u00e8re la nouvelle version [&hellip;]<\/p>\n","protected":false},"author":4760,"featured_media":31272,"menu_order":0,"comment_status":"open","ping_status":"open","sticky":false,"template":"","format":"standard","meta":{"_acf_changed":false,"inline_featured_image":false,"footnotes":""},"categories":[3378,3610,3305,3308,25,3321,3383,3377,3382,3379,4,3386,3581,3387,3326,3381,3385,15,3389,3357,5,3582,3583,53,3283,10,26,27,3604,3595,36,54,55,3606,3579,28,3311,3323,3304,3566,3611,3591,16,3309,56,3580,3314,3310,17,3315,3584,57,18,3586,3394,3341,77,3316,3325,6,43,3358,19,3317],"tags":[],"class_list":["post-31240","post","type-post","status-publish","format-standard","has-post-thumbnail","hentry","category-actus","category-ai","category-applicatifs-civil-3d","category-applications-cloud","category-architecture","category-autocad-autocad-lt","category-autocad-civil-3d","category-autocad-map-3d","category-autocad-raster-design","category-autodesk","category-autodesk-bim-360","category-autodesk-cloud","category-autodesk-docs","category-autodesk-infrastructure-map-server","category-autodesk-infrastructure-modeler","category-autodesk-infraworks","category-autodesk-recap","category-autodesk-revit","category-autodesk-vehicle-tracking","category-batiment","category-bim","category-bim-collaborate","category-bim-collaborate-pro","category-capture-de-la-realite","category-civil-3d","category-collaboration","category-conception","category-construction","category-durabilite","category-dynamo","category-education","category-evenements","category-fabrication","category-forma","category-generative-design","category-gestion-de-donnees","category-gestion-de-projet","category-ifc","category-infraworks","category-infraworks-2","category-innovyze","category-intelligence-artificielle","category-interoperabilite","category-interoperabilite-revit","category-mep","category-mise-a-jour","category-modelisation-3d","category-navisworks","category-nouveautes","category-nuages-de-points","category-plant-3d","category-programmation-visuelle","category-realite-virtuelle-et-augmentee","category-retail-batiment","category-revit","category-simulation","category-simulations-analyses","category-support-produit","category-tips-tricks","category-trucs-et-astuces","category-tuyauterie-industrielle","category-vision","category-visualisation","category-vrd-terrassements","dhig-theme--light"],"acf":[],"_links":{"self":[{"href":"https:\/\/blogs.autodesk.com\/villagebim\/wp-json\/wp\/v2\/posts\/31240","targetHints":{"allow":["GET"]}}],"collection":[{"href":"https:\/\/blogs.autodesk.com\/villagebim\/wp-json\/wp\/v2\/posts"}],"about":[{"href":"https:\/\/blogs.autodesk.com\/villagebim\/wp-json\/wp\/v2\/types\/post"}],"author":[{"embeddable":true,"href":"https:\/\/blogs.autodesk.com\/villagebim\/wp-json\/wp\/v2\/users\/4760"}],"replies":[{"embeddable":true,"href":"https:\/\/blogs.autodesk.com\/villagebim\/wp-json\/wp\/v2\/comments?post=31240"}],"version-history":[{"count":0,"href":"https:\/\/blogs.autodesk.com\/villagebim\/wp-json\/wp\/v2\/posts\/31240\/revisions"}],"wp:featuredmedia":[{"embeddable":true,"href":"https:\/\/blogs.autodesk.com\/villagebim\/wp-json\/wp\/v2\/media\/31272"}],"wp:attachment":[{"href":"https:\/\/blogs.autodesk.com\/villagebim\/wp-json\/wp\/v2\/media?parent=31240"}],"wp:term":[{"taxonomy":"category","embeddable":true,"href":"https:\/\/blogs.autodesk.com\/villagebim\/wp-json\/wp\/v2\/categories?post=31240"},{"taxonomy":"post_tag","embeddable":true,"href":"https:\/\/blogs.autodesk.com\/villagebim\/wp-json\/wp\/v2\/tags?post=31240"}],"curies":[{"name":"wp","href":"https:\/\/api.w.org\/{rel}","templated":true}]}}