{"id":315,"date":"2019-03-08T09:30:00","date_gmt":"2019-03-08T07:30:00","guid":{"rendered":"https:\/\/blogs.autodesk.com\/villagebim\/2019\/03\/webinaire-revit-et-le-geo-referencement.html"},"modified":"2019-03-08T09:30:00","modified_gmt":"2019-03-08T07:30:00","slug":"webinaire-revit-et-le-geo-referencement","status":"publish","type":"post","link":"https:\/\/blogs.autodesk.com\/villagebim\/2019\/03\/webinaire-revit-et-le-geo-referencement.html","title":{"rendered":"[Webinaire] Revit et le g\u00e9o-r\u00e9f\u00e9rencement"},"content":{"rendered":"<p><a href=\"https:\/\/villagebim.typepad.com\/.a\/6a015391e15a28970b0240a46c3c68200d-pi\"><img loading=\"lazy\" decoding=\"async\" alt=\"clip_image002\" border=\"0\" height=\"219\" src=\"https:\/\/villagebim.typepad.com\/.a\/6a015391e15a28970b0240a490db82200b-pi\" style=\"background-image: none;margin-left: auto;margin-right: auto\" title=\"clip_image002\" width=\"454\" \/><\/a><\/p>\n<p>&#160;&#160;&#160;&#160;Vous voulez tous savoir sur le g\u00e9o-r\u00e9f\u00e9rencement de fichiers dans le logiciel Autodesk Revit, c\u2019est le webinaire de la communaut\u00e9 francophone Autodesk qui ne faut pas louper !<\/p>\n<p>&#160;&#160;&#160;&#160;Ce webinaire s\u2019adresse \u00e0 des utilisateurs de niveau d\u00e9butant et interm\u00e9diaire mais pour \u00eatre honn\u00eate avec vous, je vous le recommande aussi aux experts, cela permet de rafra\u00eechir certaines connaissances.<\/p>\n<p>&#160;&#160;&#160;&#160;Enfin, je profite de ce billet pour vous rappeler qu\u2019il existe le forum communautaire \u201c<a href=\"http:\/\/forums.autodesk.com\/t5\/revit-et-bim-francais\/bd-p\/198\">REVIT et BIM<\/a>\u201d d\u00e9di\u00e9 au logiciel Autodesk\u00ae Revit\u00ae et \u00e0 la m\u00e9thodologie BIM.<\/p>\n<p><strong>Date : le mercredi 13 mars 2019<\/strong><\/p>\n<p><strong>Heure :<\/strong> 14h30 \u00e0 15h30 h<\/p>\n<p><strong>Type :<\/strong> Webinaire<\/p>\n<p><strong>Niveau : <\/strong><strong>Niveau d\u00e9butant et interm\u00e9diaire<\/strong><\/p>\n<p><strong>Lien d\u2019inscription (obligatoire) :<\/strong> <a href=\"https:\/\/forums.autodesk.com\/t5\/revit-et-bim-francais\/webinaire-revit-le-geo-referencement\/m-p\/8643217#M10916\">ici<\/a><\/p>\n<p>Nota : ce webinaire se tiendra en langue Fran\u00e7aise.<\/p>\n","protected":false},"excerpt":{"rendered":"<p>&#160;&#160;&#160;&#160;Vous voulez tous savoir sur le g\u00e9o-r\u00e9f\u00e9rencement de fichiers dans le logiciel Autodesk Revit, c\u2019est le webinaire de la communaut\u00e9 francophone Autodesk qui ne faut pas louper ! &#160;&#160;&#160;&#160;Ce webinaire s\u2019adresse \u00e0 des utilisateurs de niveau d\u00e9butant et interm\u00e9diaire mais pour \u00eatre honn\u00eate avec vous, je vous le recommande aussi aux experts, cela permet de [&hellip;]<\/p>\n","protected":false},"author":13092,"featured_media":2472,"menu_order":0,"comment_status":"open","ping_status":"closed","sticky":false,"template":"","format":"standard","meta":{"_acf_changed":false,"inline_featured_image":false,"footnotes":""},"categories":[15,76,6],"tags":[20,221,44,474,457],"class_list":["post-315","post","type-post","status-publish","format-standard","has-post-thumbnail","hentry","category-autodesk-revit","category-partenaires","category-trucs-et-astuces","tag-autodesk","tag-autodesk-revit","tag-bim","tag-communaute-francophone-autodesk","tag-geo-referencement","dhig-theme--light"],"acf":[],"_links":{"self":[{"href":"https:\/\/blogs.autodesk.com\/villagebim\/wp-json\/wp\/v2\/posts\/315","targetHints":{"allow":["GET"]}}],"collection":[{"href":"https:\/\/blogs.autodesk.com\/villagebim\/wp-json\/wp\/v2\/posts"}],"about":[{"href":"https:\/\/blogs.autodesk.com\/villagebim\/wp-json\/wp\/v2\/types\/post"}],"author":[{"embeddable":true,"href":"https:\/\/blogs.autodesk.com\/villagebim\/wp-json\/wp\/v2\/users\/13092"}],"replies":[{"embeddable":true,"href":"https:\/\/blogs.autodesk.com\/villagebim\/wp-json\/wp\/v2\/comments?post=315"}],"version-history":[{"count":0,"href":"https:\/\/blogs.autodesk.com\/villagebim\/wp-json\/wp\/v2\/posts\/315\/revisions"}],"wp:featuredmedia":[{"embeddable":true,"href":"https:\/\/blogs.autodesk.com\/villagebim\/wp-json\/wp\/v2\/media\/2472"}],"wp:attachment":[{"href":"https:\/\/blogs.autodesk.com\/villagebim\/wp-json\/wp\/v2\/media?parent=315"}],"wp:term":[{"taxonomy":"category","embeddable":true,"href":"https:\/\/blogs.autodesk.com\/villagebim\/wp-json\/wp\/v2\/categories?post=315"},{"taxonomy":"post_tag","embeddable":true,"href":"https:\/\/blogs.autodesk.com\/villagebim\/wp-json\/wp\/v2\/tags?post=315"}],"curies":[{"name":"wp","href":"https:\/\/api.w.org\/{rel}","templated":true}]}}