{"id":32520,"date":"2024-06-19T08:24:56","date_gmt":"2024-06-19T06:24:56","guid":{"rendered":"https:\/\/blogs.autodesk.com\/villagebim?p=32520"},"modified":"2024-06-20T10:55:37","modified_gmt":"2024-06-20T08:55:37","slug":"tutoriel-autodesk-data-exchange-utilisation-du-connecteur-ms-power-bi-lie-aux-donnees-autodesk-revit","status":"publish","type":"post","link":"https:\/\/blogs.autodesk.com\/villagebim\/2024\/06\/tutoriel-autodesk-data-exchange-utilisation-du-connecteur-ms-power-bi-lie-aux-donnees-autodesk-revit.html","title":{"rendered":"[Tutoriel] Autodesk Data Exchange \u2013 Utilisation du connecteur MS Power BI li\u00e9 aux donn\u00e9es Autodesk Revit"},"content":{"rendered":"\n<figure class=\"wp-block-image size-full\"><img loading=\"lazy\" decoding=\"async\" width=\"975\" height=\"598\" src=\"https:\/\/blogs.autodesk.com\/villagebim\/wp-content\/uploads\/sites\/154\/2024\/06\/12\/image.jpg\" alt=\"\" class=\"wp-image-32521\" srcset=\"https:\/\/blogs.autodesk.com\/villagebim\/wp-content\/uploads\/sites\/154\/2024\/06\/12\/image.jpg 975w, https:\/\/blogs.autodesk.com\/villagebim\/wp-content\/uploads\/sites\/154\/2024\/06\/12\/image-300x184.jpg 300w, https:\/\/blogs.autodesk.com\/villagebim\/wp-content\/uploads\/sites\/154\/2024\/06\/12\/image-768x471.jpg 768w\" sizes=\"auto, (max-width: 975px) 100vw, 975px\" \/><\/figure>\n\n\n\n<p><a href=\"https:\/\/blogs.autodesk.com\/villagebim\/2023\/11\/nouveaute-autodesk-data-exchange-le-connecteur-power-bi-en-version-beta.html\" target=\"_blank\" rel=\"noreferrer noopener\">Dans cet article<\/a>, je vous introduisais le connecteur Power BI dans le cadre de workflows Autodesk Data Exchange.<\/p>\n\n\n\n<figure class=\"wp-block-image size-large\"><img loading=\"lazy\" decoding=\"async\" width=\"1024\" height=\"635\" src=\"https:\/\/blogs.autodesk.com\/villagebim\/wp-content\/uploads\/sites\/154\/2024\/06\/19\/image-11-1024x635.jpg\" alt=\"\" class=\"wp-image-32647\" srcset=\"https:\/\/blogs.autodesk.com\/villagebim\/wp-content\/uploads\/sites\/154\/2024\/06\/19\/image-11-1024x635.jpg 1024w, https:\/\/blogs.autodesk.com\/villagebim\/wp-content\/uploads\/sites\/154\/2024\/06\/19\/image-11-300x186.jpg 300w, https:\/\/blogs.autodesk.com\/villagebim\/wp-content\/uploads\/sites\/154\/2024\/06\/19\/image-11-768x476.jpg 768w, https:\/\/blogs.autodesk.com\/villagebim\/wp-content\/uploads\/sites\/154\/2024\/06\/19\/image-11-1536x952.jpg 1536w, https:\/\/blogs.autodesk.com\/villagebim\/wp-content\/uploads\/sites\/154\/2024\/06\/19\/image-11.jpg 1571w\" sizes=\"auto, (max-width: 1024px) 100vw, 1024px\" \/><\/figure>\n\n\n\n<p>Je vous propose donc au travers d\u2019un exemple de connecter les donn\u00e9es BIM issues du logiciel Autodesk Revit \u00e0 Microsoft Power BI<\/p>\n\n\n\n<figure class=\"wp-block-image size-full\"><img loading=\"lazy\" decoding=\"async\" width=\"895\" height=\"398\" src=\"https:\/\/blogs.autodesk.com\/villagebim\/wp-content\/uploads\/sites\/154\/2024\/06\/12\/image-2.jpg\" alt=\"\" class=\"wp-image-32525\" srcset=\"https:\/\/blogs.autodesk.com\/villagebim\/wp-content\/uploads\/sites\/154\/2024\/06\/12\/image-2.jpg 895w, https:\/\/blogs.autodesk.com\/villagebim\/wp-content\/uploads\/sites\/154\/2024\/06\/12\/image-2-300x133.jpg 300w, https:\/\/blogs.autodesk.com\/villagebim\/wp-content\/uploads\/sites\/154\/2024\/06\/12\/image-2-768x342.jpg 768w\" sizes=\"auto, (max-width: 895px) 100vw, 895px\" \/><\/figure>\n\n\n\n<p><span style=\"text-decoration: underline\">Nota :<\/span> Le connecteur MS Power BI fonctionne aussi bien sur serveur US que EU.<\/p>\n\n\n\n<p><strong><u>0- Pr\u00e9requis&nbsp;:<\/u><\/strong><\/p>\n\n\n\n<ul class=\"wp-block-list\">\n<li>Disposer des droits d\u2019utilisation des logiciels Autodesk Revit 2024 et MS Power BI<\/li>\n\n\n\n<li>Un acc\u00e8s \u00e0 la solution cloud Autodesk Docs<\/li>\n\n\n\n<li>Avoir install\u00e9 les connecteurs Data Exchange de Revit 2024 et Power BI (<a href=\"https:\/\/feedback.autodesk.com\/project\/home.html?cap=%7B40e7f0ad-ab3a-46b0-819a-ae2fc4f7a25f%7D\" target=\"_blank\" rel=\"noreferrer noopener\">disponibles ici<\/a>)<\/li>\n\n\n\n<li>De bonnes connaissances de l\u2019utilisation de MS Power BI<\/li>\n<\/ul>\n\n\n\n<figure class=\"wp-block-image size-full\"><img loading=\"lazy\" decoding=\"async\" width=\"975\" height=\"560\" src=\"https:\/\/blogs.autodesk.com\/villagebim\/wp-content\/uploads\/sites\/154\/2024\/06\/12\/image-3.jpg\" alt=\"\" class=\"wp-image-32527\" srcset=\"https:\/\/blogs.autodesk.com\/villagebim\/wp-content\/uploads\/sites\/154\/2024\/06\/12\/image-3.jpg 975w, https:\/\/blogs.autodesk.com\/villagebim\/wp-content\/uploads\/sites\/154\/2024\/06\/12\/image-3-300x172.jpg 300w, https:\/\/blogs.autodesk.com\/villagebim\/wp-content\/uploads\/sites\/154\/2024\/06\/12\/image-3-768x441.jpg 768w, https:\/\/blogs.autodesk.com\/villagebim\/wp-content\/uploads\/sites\/154\/2024\/06\/12\/image-3-513x294.jpg 513w\" sizes=\"auto, (max-width: 975px) 100vw, 975px\" \/><\/figure>\n\n\n\n<p><strong><u>1- Export des donn\u00e9es BIM \u00e0 partir du logiciel Autodesk Revit&nbsp;:<\/u><\/strong><\/p>\n\n\n\n<ul class=\"wp-block-list\">\n<li>\u00c0 partir logiciel Autodesk Revit 2024, ouvrez le projet Revit, puis dans l\u2019onglet \u00ab&nbsp;<strong><em>Collaborer<\/em><\/strong>&nbsp;\u00bb, cliquez sur le bouton \u00ab&nbsp;<strong><em>Exchange de donn\u00e9es<\/em><\/strong>&nbsp;\u00bb<\/li>\n<\/ul>\n\n\n\n<figure class=\"wp-block-image size-full\"><img loading=\"lazy\" decoding=\"async\" width=\"974\" height=\"451\" src=\"https:\/\/blogs.autodesk.com\/villagebim\/wp-content\/uploads\/sites\/154\/2024\/06\/12\/image-4.jpg\" alt=\"\" class=\"wp-image-32529\" srcset=\"https:\/\/blogs.autodesk.com\/villagebim\/wp-content\/uploads\/sites\/154\/2024\/06\/12\/image-4.jpg 974w, https:\/\/blogs.autodesk.com\/villagebim\/wp-content\/uploads\/sites\/154\/2024\/06\/12\/image-4-300x139.jpg 300w, https:\/\/blogs.autodesk.com\/villagebim\/wp-content\/uploads\/sites\/154\/2024\/06\/12\/image-4-768x356.jpg 768w\" sizes=\"auto, (max-width: 974px) 100vw, 974px\" \/><\/figure>\n\n\n\n<ul class=\"wp-block-list\">\n<li>Dans la fen\u00eatre qui appara\u00eet, cliquez sur le bouton \u00ab&nbsp;<strong><em>+ Create Data Exchanges<\/em><\/strong>&nbsp;\u00bb<\/li>\n<\/ul>\n\n\n\n<figure class=\"wp-block-image size-full\"><img loading=\"lazy\" decoding=\"async\" width=\"580\" height=\"281\" src=\"https:\/\/blogs.autodesk.com\/villagebim\/wp-content\/uploads\/sites\/154\/2024\/06\/12\/image-5.jpg\" alt=\"\" class=\"wp-image-32531\" srcset=\"https:\/\/blogs.autodesk.com\/villagebim\/wp-content\/uploads\/sites\/154\/2024\/06\/12\/image-5.jpg 580w, https:\/\/blogs.autodesk.com\/villagebim\/wp-content\/uploads\/sites\/154\/2024\/06\/12\/image-5-300x145.jpg 300w\" sizes=\"auto, (max-width: 580px) 100vw, 580px\" \/><\/figure>\n\n\n\n<ul class=\"wp-block-list\">\n<li>Renseignez le nom du fichier d\u2019\u00e9change, s\u00e9lectionnez le projet ainsi que le r\u00e9pertoire Autodesk de sauvegarde et enfin la vue \u00e0 partager<\/li>\n<\/ul>\n\n\n\n<figure class=\"wp-block-image size-full\"><img loading=\"lazy\" decoding=\"async\" width=\"470\" height=\"704\" src=\"https:\/\/blogs.autodesk.com\/villagebim\/wp-content\/uploads\/sites\/154\/2024\/06\/12\/image-6.jpg\" alt=\"\" class=\"wp-image-32533\" srcset=\"https:\/\/blogs.autodesk.com\/villagebim\/wp-content\/uploads\/sites\/154\/2024\/06\/12\/image-6.jpg 470w, https:\/\/blogs.autodesk.com\/villagebim\/wp-content\/uploads\/sites\/154\/2024\/06\/12\/image-6-200x300.jpg 200w\" sizes=\"auto, (max-width: 470px) 100vw, 470px\" \/><\/figure>\n\n\n\n<p>Nota&nbsp;: vous pouvez r\u00e9aliser un filtre, seuls les \u00e9l\u00e9ments affich\u00e9s partageront leurs donn\u00e9es BIM.<\/p>\n\n\n\n<p><strong><u>R\u00e9sultats&nbsp;:<\/u><\/strong><\/p>\n\n\n\n<figure class=\"wp-block-image size-full\"><img loading=\"lazy\" decoding=\"async\" width=\"598\" height=\"367\" src=\"https:\/\/blogs.autodesk.com\/villagebim\/wp-content\/uploads\/sites\/154\/2024\/06\/12\/image-7.jpg\" alt=\"\" class=\"wp-image-32535\" srcset=\"https:\/\/blogs.autodesk.com\/villagebim\/wp-content\/uploads\/sites\/154\/2024\/06\/12\/image-7.jpg 598w, https:\/\/blogs.autodesk.com\/villagebim\/wp-content\/uploads\/sites\/154\/2024\/06\/12\/image-7-300x184.jpg 300w\" sizes=\"auto, (max-width: 598px) 100vw, 598px\" \/><\/figure>\n\n\n\n<figure class=\"wp-block-image size-full\"><img loading=\"lazy\" decoding=\"async\" width=\"974\" height=\"969\" src=\"https:\/\/blogs.autodesk.com\/villagebim\/wp-content\/uploads\/sites\/154\/2024\/06\/12\/image-8.jpg\" alt=\"\" class=\"wp-image-32537\" srcset=\"https:\/\/blogs.autodesk.com\/villagebim\/wp-content\/uploads\/sites\/154\/2024\/06\/12\/image-8.jpg 974w, https:\/\/blogs.autodesk.com\/villagebim\/wp-content\/uploads\/sites\/154\/2024\/06\/12\/image-8-300x298.jpg 300w, https:\/\/blogs.autodesk.com\/villagebim\/wp-content\/uploads\/sites\/154\/2024\/06\/12\/image-8-150x150.jpg 150w, https:\/\/blogs.autodesk.com\/villagebim\/wp-content\/uploads\/sites\/154\/2024\/06\/12\/image-8-768x764.jpg 768w\" sizes=\"auto, (max-width: 974px) 100vw, 974px\" \/><\/figure>\n\n\n\n<p><strong><u>2- Import des donn\u00e9es BIM \u00e0 partir de MS Power BI&nbsp;:<\/u><\/strong><\/p>\n\n\n\n<ul class=\"wp-block-list\">\n<li>\u00c0 partir, du logiciel MS Power BI, Cliquez sur le bouton \u00ab&nbsp;<strong><em>Obtenir des donn\u00e9es d\u2019autres sources<\/em><\/strong>&nbsp;\u00bb<\/li>\n<\/ul>\n\n\n\n<figure class=\"wp-block-image size-full\"><img loading=\"lazy\" decoding=\"async\" width=\"974\" height=\"199\" src=\"https:\/\/blogs.autodesk.com\/villagebim\/wp-content\/uploads\/sites\/154\/2024\/06\/12\/image-9.jpg\" alt=\"\" class=\"wp-image-32539\" srcset=\"https:\/\/blogs.autodesk.com\/villagebim\/wp-content\/uploads\/sites\/154\/2024\/06\/12\/image-9.jpg 974w, https:\/\/blogs.autodesk.com\/villagebim\/wp-content\/uploads\/sites\/154\/2024\/06\/12\/image-9-300x61.jpg 300w, https:\/\/blogs.autodesk.com\/villagebim\/wp-content\/uploads\/sites\/154\/2024\/06\/12\/image-9-768x157.jpg 768w\" sizes=\"auto, (max-width: 974px) 100vw, 974px\" \/><\/figure>\n\n\n\n<ul class=\"wp-block-list\">\n<li>Dans la fen\u00eatre qui appara\u00eet, r\u00e9alisez un filtre \u00ab&nbsp;<strong><em>Autodesk<\/em><\/strong>&nbsp;\u00bb, s\u00e9lectionnez \u00ab&nbsp;<strong><em>Connecteur de donn\u00e9es Autodesk pour Power BI (B\u00eata) (Personnalis\u00e9)<\/em><\/strong>&nbsp;\u00bb et cliquez sur le bouton \u00ab&nbsp;<strong><em>Se connecter<\/em><\/strong>&nbsp;\u00bb<\/li>\n<\/ul>\n\n\n\n<figure class=\"wp-block-image size-full\"><img loading=\"lazy\" decoding=\"async\" width=\"974\" height=\"463\" src=\"https:\/\/blogs.autodesk.com\/villagebim\/wp-content\/uploads\/sites\/154\/2024\/06\/12\/image-10.jpg\" alt=\"\" class=\"wp-image-32541\" srcset=\"https:\/\/blogs.autodesk.com\/villagebim\/wp-content\/uploads\/sites\/154\/2024\/06\/12\/image-10.jpg 974w, https:\/\/blogs.autodesk.com\/villagebim\/wp-content\/uploads\/sites\/154\/2024\/06\/12\/image-10-300x143.jpg 300w, https:\/\/blogs.autodesk.com\/villagebim\/wp-content\/uploads\/sites\/154\/2024\/06\/12\/image-10-768x365.jpg 768w\" sizes=\"auto, (max-width: 974px) 100vw, 974px\" \/><\/figure>\n\n\n\n<ul class=\"wp-block-list\">\n<li>Dans la fen\u00eatre suivante, s\u00e9lectionnez \u00ab&nbsp;<strong><em>L\u2019\u00e9change de donn\u00e9es<\/em><\/strong>&nbsp;\u00bb puis cliquez sur le bouton&nbsp;\u00ab&nbsp;<strong><em>OK<\/em><\/strong>&nbsp;\u00bb<\/li>\n<\/ul>\n\n\n\n<figure class=\"wp-block-image size-full\"><img loading=\"lazy\" decoding=\"async\" width=\"975\" height=\"409\" src=\"https:\/\/blogs.autodesk.com\/villagebim\/wp-content\/uploads\/sites\/154\/2024\/06\/12\/image-11.jpg\" alt=\"\" class=\"wp-image-32543\" srcset=\"https:\/\/blogs.autodesk.com\/villagebim\/wp-content\/uploads\/sites\/154\/2024\/06\/12\/image-11.jpg 975w, https:\/\/blogs.autodesk.com\/villagebim\/wp-content\/uploads\/sites\/154\/2024\/06\/12\/image-11-300x126.jpg 300w, https:\/\/blogs.autodesk.com\/villagebim\/wp-content\/uploads\/sites\/154\/2024\/06\/12\/image-11-768x322.jpg 768w\" sizes=\"auto, (max-width: 975px) 100vw, 975px\" \/><\/figure>\n\n\n\n<p>Nota&nbsp;: il se peut que vous ayez une \u00e9tape interm\u00e9diaire, vous demandant de vous connecter avec vos identifiants Autodesk.<\/p>\n\n\n\n<ul class=\"wp-block-list\">\n<li>S\u00e9lectionnez le fichier <em>Data Exchange<\/em> issu de Revit puis cliquer sur le bouton \u00ab&nbsp;<strong><em>Charger<\/em><\/strong>&nbsp;\u00bb<\/li>\n<\/ul>\n\n\n\n<figure class=\"wp-block-image size-full\"><img loading=\"lazy\" decoding=\"async\" width=\"974\" height=\"779\" src=\"https:\/\/blogs.autodesk.com\/villagebim\/wp-content\/uploads\/sites\/154\/2024\/06\/12\/image-12.jpg\" alt=\"\" class=\"wp-image-32545\" srcset=\"https:\/\/blogs.autodesk.com\/villagebim\/wp-content\/uploads\/sites\/154\/2024\/06\/12\/image-12.jpg 974w, https:\/\/blogs.autodesk.com\/villagebim\/wp-content\/uploads\/sites\/154\/2024\/06\/12\/image-12-300x240.jpg 300w, https:\/\/blogs.autodesk.com\/villagebim\/wp-content\/uploads\/sites\/154\/2024\/06\/12\/image-12-768x614.jpg 768w\" sizes=\"auto, (max-width: 974px) 100vw, 974px\" \/><\/figure>\n\n\n\n<p>Au bout de quelques minutes d\u2019import, vous trouverez vos donn\u00e9es BIM dans la fen\u00eatre intitul\u00e9e\u00ab&nbsp;<strong><em>Donn\u00e9es<\/em><\/strong>&nbsp;\u00bb.<\/p>\n\n\n\n<p><strong><u>R\u00e9sultat&nbsp;:<\/u><\/strong><\/p>\n\n\n\n<figure class=\"wp-block-image size-full\"><img loading=\"lazy\" decoding=\"async\" width=\"973\" height=\"517\" src=\"https:\/\/blogs.autodesk.com\/villagebim\/wp-content\/uploads\/sites\/154\/2024\/06\/12\/image-13.jpg\" alt=\"\" class=\"wp-image-32547\" srcset=\"https:\/\/blogs.autodesk.com\/villagebim\/wp-content\/uploads\/sites\/154\/2024\/06\/12\/image-13.jpg 973w, https:\/\/blogs.autodesk.com\/villagebim\/wp-content\/uploads\/sites\/154\/2024\/06\/12\/image-13-300x159.jpg 300w, https:\/\/blogs.autodesk.com\/villagebim\/wp-content\/uploads\/sites\/154\/2024\/06\/12\/image-13-768x408.jpg 768w\" sizes=\"auto, (max-width: 973px) 100vw, 973px\" \/><\/figure>\n\n\n\n<p><strong><u>3- Personnalisation du tableau de bord MS Power BI&nbsp;:<\/u><\/strong><\/p>\n\n\n\n<p>Depuis quelques jours, il est possible int\u00e9grer une vue dynamique et interactive de la maquette BIM dans l\u2019interface de MS Power BI. Je vous propose de vous expliquer la proc\u00e9dure.<\/p>\n\n\n\n<ul class=\"wp-block-list\">\n<li>Dans la partie \u00ab&nbsp;<strong><em>Visualisation<\/em><\/strong>&nbsp;\u00bb, cliquez sur le bouton \u00ab&nbsp;\u2026&nbsp;\u00bb puis choisissez <strong><em>\u00ab&nbsp;Importer un visuel \u00e0 partir d\u2019un fichier<\/em><\/strong>&nbsp;\u00bb<\/li>\n<\/ul>\n\n\n\n<figure class=\"wp-block-image size-full\"><img loading=\"lazy\" decoding=\"async\" width=\"497\" height=\"694\" src=\"https:\/\/blogs.autodesk.com\/villagebim\/wp-content\/uploads\/sites\/154\/2024\/06\/12\/image-14.jpg\" alt=\"\" class=\"wp-image-32549\" srcset=\"https:\/\/blogs.autodesk.com\/villagebim\/wp-content\/uploads\/sites\/154\/2024\/06\/12\/image-14.jpg 497w, https:\/\/blogs.autodesk.com\/villagebim\/wp-content\/uploads\/sites\/154\/2024\/06\/12\/image-14-215x300.jpg 215w\" sizes=\"auto, (max-width: 497px) 100vw, 497px\" \/><\/figure>\n\n\n\n<ul class=\"wp-block-list\">\n<li>Rendez-vous dans le r\u00e9pertoire \u00ab&nbsp;<em>C&nbsp;:\\Users&lt;UserName&gt;\\Documents\\Power BI Desktop\\Custom Visuals\\&nbsp;\u00bb<\/em>, s\u00e9lectionnez le fichier \u00ab&nbsp;<em>Autodesk Data Connector for Power BI.pbiviz<\/em>&nbsp;\u00bb puis cliquez sur le bouton \u00ab&nbsp;<strong><em>Ouvrir<\/em><\/strong>&nbsp;\u00bb<\/li>\n<\/ul>\n\n\n\n<figure class=\"wp-block-image size-full\"><img loading=\"lazy\" decoding=\"async\" width=\"975\" height=\"256\" src=\"https:\/\/blogs.autodesk.com\/villagebim\/wp-content\/uploads\/sites\/154\/2024\/06\/12\/image-15.jpg\" alt=\"\" class=\"wp-image-32551\" srcset=\"https:\/\/blogs.autodesk.com\/villagebim\/wp-content\/uploads\/sites\/154\/2024\/06\/12\/image-15.jpg 975w, https:\/\/blogs.autodesk.com\/villagebim\/wp-content\/uploads\/sites\/154\/2024\/06\/12\/image-15-300x79.jpg 300w, https:\/\/blogs.autodesk.com\/villagebim\/wp-content\/uploads\/sites\/154\/2024\/06\/12\/image-15-768x202.jpg 768w\" sizes=\"auto, (max-width: 975px) 100vw, 975px\" \/><\/figure>\n\n\n\n<p>Nota&nbsp;: Ce fichier est charg\u00e9 lors de l\u2019installation du connecteur \u00ab&nbsp;<em>Data Exchange Power BI<\/em>&nbsp;\u00bb.<\/p>\n\n\n\n<ul class=\"wp-block-list\">\n<li>Une fois l\u2019import r\u00e9alis\u00e9, cliquer sur le bouton \u00ab&nbsp;<strong><em>Autodesk Data Connector<\/em><\/strong>&nbsp;\u00bb<\/li>\n<\/ul>\n\n\n\n<figure class=\"wp-block-image size-full\"><img loading=\"lazy\" decoding=\"async\" width=\"398\" height=\"619\" src=\"https:\/\/blogs.autodesk.com\/villagebim\/wp-content\/uploads\/sites\/154\/2024\/06\/12\/image-16.jpg\" alt=\"\" class=\"wp-image-32553\" srcset=\"https:\/\/blogs.autodesk.com\/villagebim\/wp-content\/uploads\/sites\/154\/2024\/06\/12\/image-16.jpg 398w, https:\/\/blogs.autodesk.com\/villagebim\/wp-content\/uploads\/sites\/154\/2024\/06\/12\/image-16-193x300.jpg 193w\" sizes=\"auto, (max-width: 398px) 100vw, 398px\" \/><\/figure>\n\n\n\n<ul class=\"wp-block-list\">\n<li>Comme indiqu\u00e9 dans le visuel ci-dessous, glissez et d\u00e9posez la colonne la variable dont l\u2019extension est \u00ab&nbsp;<em>.viewer<\/em> \u00bb dans le champ \u00ab&nbsp;<strong><em>Model File<\/em><\/strong>&nbsp;\u00bb. R\u00e9alisez la m\u00eame op\u00e9ration, pour la variable \u00ab&nbsp;<em>ExternalElementId<\/em>&nbsp;\u00bb dans les champs \u00ab&nbsp;<strong><em>Model Id<\/em><\/strong>&nbsp;\u00bb, \u00ab<strong>&nbsp;<em>Id<\/em><\/strong>&nbsp;\u00bb et \u00ab&nbsp;<strong><em>Value<\/em><\/strong>&nbsp;\u00bb.<\/li>\n<\/ul>\n\n\n\n<figure class=\"wp-block-image size-full\"><img loading=\"lazy\" decoding=\"async\" width=\"975\" height=\"260\" src=\"https:\/\/blogs.autodesk.com\/villagebim\/wp-content\/uploads\/sites\/154\/2024\/06\/12\/image-17.jpg\" alt=\"\" class=\"wp-image-32555\" srcset=\"https:\/\/blogs.autodesk.com\/villagebim\/wp-content\/uploads\/sites\/154\/2024\/06\/12\/image-17.jpg 975w, https:\/\/blogs.autodesk.com\/villagebim\/wp-content\/uploads\/sites\/154\/2024\/06\/12\/image-17-300x80.jpg 300w, https:\/\/blogs.autodesk.com\/villagebim\/wp-content\/uploads\/sites\/154\/2024\/06\/12\/image-17-768x205.jpg 768w\" sizes=\"auto, (max-width: 975px) 100vw, 975px\" \/><\/figure>\n\n\n\n<p><strong><u>R\u00e9sultat&nbsp;:<\/u><\/strong><\/p>\n\n\n\n<figure class=\"wp-block-image size-full\"><img loading=\"lazy\" decoding=\"async\" width=\"975\" height=\"553\" src=\"https:\/\/blogs.autodesk.com\/villagebim\/wp-content\/uploads\/sites\/154\/2024\/06\/12\/image-18.jpg\" alt=\"\" class=\"wp-image-32557\" srcset=\"https:\/\/blogs.autodesk.com\/villagebim\/wp-content\/uploads\/sites\/154\/2024\/06\/12\/image-18.jpg 975w, https:\/\/blogs.autodesk.com\/villagebim\/wp-content\/uploads\/sites\/154\/2024\/06\/12\/image-18-300x170.jpg 300w, https:\/\/blogs.autodesk.com\/villagebim\/wp-content\/uploads\/sites\/154\/2024\/06\/12\/image-18-768x436.jpg 768w\" sizes=\"auto, (max-width: 975px) 100vw, 975px\" \/><\/figure>\n\n\n\n<ul class=\"wp-block-list\">\n<li>Depuis la vue, des boutons vous permettent de r\u00e9aliser diff\u00e9rentes op\u00e9rations, telles que&nbsp;:<\/li>\n<\/ul>\n\n\n\n<p>&nbsp;&nbsp;&nbsp;&nbsp;&nbsp;&nbsp;&nbsp;&nbsp;&nbsp;&nbsp;&nbsp;&nbsp;&nbsp;&nbsp;&nbsp;&nbsp; &#8211; Exploration \u00e0 la premi\u00e8re personne<\/p>\n\n\n\n<p>&nbsp;&nbsp;&nbsp;&nbsp;&nbsp;&nbsp;&nbsp;&nbsp;&nbsp;&nbsp;&nbsp;&nbsp;&nbsp;&nbsp;&nbsp;&nbsp; &#8211; Interaction dans les d\u00e9placements<\/p>\n\n\n\n<p>&nbsp;&nbsp;&nbsp;&nbsp;&nbsp;&nbsp;&nbsp;&nbsp;&nbsp;&nbsp;&nbsp;&nbsp;&nbsp;&nbsp;&nbsp;&nbsp; &#8211; Prendre des mesures<\/p>\n\n\n\n<p>&nbsp;&nbsp;&nbsp;&nbsp;&nbsp;&nbsp;&nbsp;&nbsp;&nbsp;&nbsp;&nbsp;&nbsp;&nbsp;&nbsp;&nbsp;&nbsp; &#8211; D\u00e9composer le mod\u00e8le<\/p>\n\n\n\n<p>&nbsp;&nbsp;&nbsp;&nbsp;&nbsp;&nbsp;&nbsp;&nbsp;&nbsp;&nbsp;&nbsp;&nbsp;&nbsp;&nbsp;&nbsp;&nbsp; &#8211; Afficher \/ cacher les \u00e9l\u00e9ments<\/p>\n\n\n\n<p>&nbsp;&nbsp;&nbsp;&nbsp;&nbsp;&nbsp;&nbsp;&nbsp;&nbsp;&nbsp;&nbsp;&nbsp;&nbsp;&nbsp;&nbsp;&nbsp; &#8211; Afficher les propri\u00e9t\u00e9s<\/p>\n\n\n\n<p>&nbsp;&nbsp;&nbsp;&nbsp;&nbsp;&nbsp;&nbsp;&nbsp;&nbsp;&nbsp;&nbsp;&nbsp;&nbsp;&nbsp;&nbsp;&nbsp; &#8211; Acc\u00e9der aux param\u00e8tres<\/p>\n\n\n\n<figure class=\"wp-block-image size-full\"><img loading=\"lazy\" decoding=\"async\" width=\"974\" height=\"595\" src=\"https:\/\/blogs.autodesk.com\/villagebim\/wp-content\/uploads\/sites\/154\/2024\/06\/12\/image-19.jpg\" alt=\"\" class=\"wp-image-32559\" srcset=\"https:\/\/blogs.autodesk.com\/villagebim\/wp-content\/uploads\/sites\/154\/2024\/06\/12\/image-19.jpg 974w, https:\/\/blogs.autodesk.com\/villagebim\/wp-content\/uploads\/sites\/154\/2024\/06\/12\/image-19-300x183.jpg 300w, https:\/\/blogs.autodesk.com\/villagebim\/wp-content\/uploads\/sites\/154\/2024\/06\/12\/image-19-768x469.jpg 768w\" sizes=\"auto, (max-width: 974px) 100vw, 974px\" \/><\/figure>\n\n\n\n<ul class=\"wp-block-list\">\n<li>Si par exemple, vous voulez coloriser les \u00e9l\u00e9ments en fonction des cat\u00e9gories, r\u00e9alisez un glissez-d\u00e9posez la variable \u00ab&nbsp;<strong><em>Category&nbsp;<\/em><\/strong>\u00bbcat\u00e9gorie dans le champ \u00ab&nbsp;<strong><em>Color<\/em><\/strong>&nbsp;\u00bb<\/li>\n<\/ul>\n\n\n\n<figure class=\"wp-block-image size-full\"><img loading=\"lazy\" decoding=\"async\" width=\"974\" height=\"482\" src=\"https:\/\/blogs.autodesk.com\/villagebim\/wp-content\/uploads\/sites\/154\/2024\/06\/12\/image-20.jpg\" alt=\"\" class=\"wp-image-32561\" srcset=\"https:\/\/blogs.autodesk.com\/villagebim\/wp-content\/uploads\/sites\/154\/2024\/06\/12\/image-20.jpg 974w, https:\/\/blogs.autodesk.com\/villagebim\/wp-content\/uploads\/sites\/154\/2024\/06\/12\/image-20-300x148.jpg 300w, https:\/\/blogs.autodesk.com\/villagebim\/wp-content\/uploads\/sites\/154\/2024\/06\/12\/image-20-768x380.jpg 768w, https:\/\/blogs.autodesk.com\/villagebim\/wp-content\/uploads\/sites\/154\/2024\/06\/12\/image-20-886x439.jpg 886w\" sizes=\"auto, (max-width: 974px) 100vw, 974px\" \/><\/figure>\n\n\n\n<p>Nota&nbsp;: vous pouvez changer les couleurs en cliquant sur le bouton \u00ab&nbsp;<strong><em>Mise en forme votre visuel&nbsp;<\/em><\/strong>\u00bb.<\/p>\n\n\n\n<figure class=\"wp-block-image size-full\"><img loading=\"lazy\" decoding=\"async\" width=\"972\" height=\"574\" src=\"https:\/\/blogs.autodesk.com\/villagebim\/wp-content\/uploads\/sites\/154\/2024\/06\/12\/image-21.jpg\" alt=\"\" class=\"wp-image-32563\" srcset=\"https:\/\/blogs.autodesk.com\/villagebim\/wp-content\/uploads\/sites\/154\/2024\/06\/12\/image-21.jpg 972w, https:\/\/blogs.autodesk.com\/villagebim\/wp-content\/uploads\/sites\/154\/2024\/06\/12\/image-21-300x177.jpg 300w, https:\/\/blogs.autodesk.com\/villagebim\/wp-content\/uploads\/sites\/154\/2024\/06\/12\/image-21-768x454.jpg 768w\" sizes=\"auto, (max-width: 972px) 100vw, 972px\" \/><\/figure>\n\n\n\n<ul class=\"wp-block-list\">\n<li>Vous souhaitez cr\u00e9er une interaction entre les donn\u00e9es et la vue, vous pouvez ajouter des diff\u00e9rents graphes de visualisation, voici un exemple qui permet d\u2019isoler des cat\u00e9gories d\u2019\u00e9l\u00e9ments&nbsp;:<\/li>\n<\/ul>\n\n\n\n<p>&nbsp;&nbsp;&nbsp;&nbsp;&nbsp;&nbsp;&nbsp;&nbsp;&nbsp;&nbsp;&nbsp;&nbsp;&nbsp;&nbsp;&nbsp; &#8211; Dans les donn\u00e9es, cochez la variable \u00ab&nbsp;<strong><em>Cat\u00e9gory<\/em><\/strong>&nbsp;\u00bb<\/p>\n\n\n\n<figure class=\"wp-block-image size-full\"><img loading=\"lazy\" decoding=\"async\" width=\"974\" height=\"346\" src=\"https:\/\/blogs.autodesk.com\/villagebim\/wp-content\/uploads\/sites\/154\/2024\/06\/12\/image-22.jpg\" alt=\"\" class=\"wp-image-32565\" srcset=\"https:\/\/blogs.autodesk.com\/villagebim\/wp-content\/uploads\/sites\/154\/2024\/06\/12\/image-22.jpg 974w, https:\/\/blogs.autodesk.com\/villagebim\/wp-content\/uploads\/sites\/154\/2024\/06\/12\/image-22-300x107.jpg 300w, https:\/\/blogs.autodesk.com\/villagebim\/wp-content\/uploads\/sites\/154\/2024\/06\/12\/image-22-768x273.jpg 768w\" sizes=\"auto, (max-width: 974px) 100vw, 974px\" \/><\/figure>\n\n\n\n<p>&nbsp;&nbsp;&nbsp;&nbsp;&nbsp;&nbsp;&nbsp;&nbsp;&nbsp;&nbsp;&nbsp;&nbsp;&nbsp;&nbsp;&nbsp; &#8211; Dans les visualisations, modifiez le tableau en mode \u00ab&nbsp;<strong><em>Segment<\/em><\/strong>&nbsp;\u00bb<\/p>\n\n\n\n<figure class=\"wp-block-image size-full\"><img loading=\"lazy\" decoding=\"async\" width=\"974\" height=\"430\" src=\"https:\/\/blogs.autodesk.com\/villagebim\/wp-content\/uploads\/sites\/154\/2024\/06\/12\/image-23.jpg\" alt=\"\" class=\"wp-image-32567\" srcset=\"https:\/\/blogs.autodesk.com\/villagebim\/wp-content\/uploads\/sites\/154\/2024\/06\/12\/image-23.jpg 974w, https:\/\/blogs.autodesk.com\/villagebim\/wp-content\/uploads\/sites\/154\/2024\/06\/12\/image-23-300x132.jpg 300w, https:\/\/blogs.autodesk.com\/villagebim\/wp-content\/uploads\/sites\/154\/2024\/06\/12\/image-23-768x339.jpg 768w\" sizes=\"auto, (max-width: 974px) 100vw, 974px\" \/><\/figure>\n\n\n\n<p><strong><u>R\u00e9sultat&nbsp;:<\/u><\/strong><\/p>\n\n\n\n<figure class=\"wp-block-image size-full\"><img loading=\"lazy\" decoding=\"async\" width=\"975\" height=\"489\" src=\"https:\/\/blogs.autodesk.com\/villagebim\/wp-content\/uploads\/sites\/154\/2024\/06\/12\/image-24.jpg\" alt=\"\" class=\"wp-image-32569\" srcset=\"https:\/\/blogs.autodesk.com\/villagebim\/wp-content\/uploads\/sites\/154\/2024\/06\/12\/image-24.jpg 975w, https:\/\/blogs.autodesk.com\/villagebim\/wp-content\/uploads\/sites\/154\/2024\/06\/12\/image-24-300x150.jpg 300w, https:\/\/blogs.autodesk.com\/villagebim\/wp-content\/uploads\/sites\/154\/2024\/06\/12\/image-24-768x385.jpg 768w\" sizes=\"auto, (max-width: 975px) 100vw, 975px\" \/><\/figure>\n\n\n\n<ul class=\"wp-block-list\">\n<li>Cochez la cat\u00e9gorie \u00ab&nbsp;<strong><em>Mur<\/em><\/strong>&nbsp;\u00bb par exemple et voici la vue filtr\u00e9e<\/li>\n<\/ul>\n\n\n\n<figure class=\"wp-block-image size-full\"><img loading=\"lazy\" decoding=\"async\" width=\"975\" height=\"481\" src=\"https:\/\/blogs.autodesk.com\/villagebim\/wp-content\/uploads\/sites\/154\/2024\/06\/12\/image-25.jpg\" alt=\"\" class=\"wp-image-32571\" srcset=\"https:\/\/blogs.autodesk.com\/villagebim\/wp-content\/uploads\/sites\/154\/2024\/06\/12\/image-25.jpg 975w, https:\/\/blogs.autodesk.com\/villagebim\/wp-content\/uploads\/sites\/154\/2024\/06\/12\/image-25-300x148.jpg 300w, https:\/\/blogs.autodesk.com\/villagebim\/wp-content\/uploads\/sites\/154\/2024\/06\/12\/image-25-768x379.jpg 768w\" sizes=\"auto, (max-width: 975px) 100vw, 975px\" \/><\/figure>\n\n\n\n<ul class=\"wp-block-list\">\n<li>Ensuite, vous pouvez continuer \u00e0 compl\u00e9ter votre tableau de bord MS Power BI avec d\u2019autres visuels, voici quelques exemples&nbsp;:<\/li>\n<\/ul>\n\n\n\n<figure class=\"wp-block-image size-full\"><img loading=\"lazy\" decoding=\"async\" width=\"975\" height=\"567\" src=\"https:\/\/blogs.autodesk.com\/villagebim\/wp-content\/uploads\/sites\/154\/2024\/06\/12\/image-26.jpg\" alt=\"\" class=\"wp-image-32573\" srcset=\"https:\/\/blogs.autodesk.com\/villagebim\/wp-content\/uploads\/sites\/154\/2024\/06\/12\/image-26.jpg 975w, https:\/\/blogs.autodesk.com\/villagebim\/wp-content\/uploads\/sites\/154\/2024\/06\/12\/image-26-300x174.jpg 300w, https:\/\/blogs.autodesk.com\/villagebim\/wp-content\/uploads\/sites\/154\/2024\/06\/12\/image-26-768x447.jpg 768w\" sizes=\"auto, (max-width: 975px) 100vw, 975px\" \/><\/figure>\n\n\n\n<figure class=\"wp-block-image size-full\"><img loading=\"lazy\" decoding=\"async\" width=\"938\" height=\"599\" src=\"https:\/\/blogs.autodesk.com\/villagebim\/wp-content\/uploads\/sites\/154\/2024\/06\/12\/image-27.jpg\" alt=\"\" class=\"wp-image-32575\" srcset=\"https:\/\/blogs.autodesk.com\/villagebim\/wp-content\/uploads\/sites\/154\/2024\/06\/12\/image-27.jpg 938w, https:\/\/blogs.autodesk.com\/villagebim\/wp-content\/uploads\/sites\/154\/2024\/06\/12\/image-27-300x192.jpg 300w, https:\/\/blogs.autodesk.com\/villagebim\/wp-content\/uploads\/sites\/154\/2024\/06\/12\/image-27-768x490.jpg 768w\" sizes=\"auto, (max-width: 938px) 100vw, 938px\" \/><\/figure>\n\n\n\n<p><strong><u>4- Changements dans la maquette Revit et Mise \u00e0 jour Power BI &nbsp;:<\/u><\/strong><\/p>\n\n\n\n<p>La maquette Revit va \u00e9voluer au cours du temps et donc ces changements doivent se refl\u00e9ter dans le tableau de bord MS Power BI, voici la proc\u00e9dure.<\/p>\n\n\n\n<ul class=\"wp-block-list\">\n<li>Dans Revit, r\u00e9alisez une modification, ici ajout de ce mur et r\u00e9alisez une mise \u00e0 jour de lien Data Exchange (la version 1 passe en version 2)<\/li>\n<\/ul>\n\n\n\n<figure class=\"wp-block-image size-full\"><img loading=\"lazy\" decoding=\"async\" width=\"974\" height=\"623\" src=\"https:\/\/blogs.autodesk.com\/villagebim\/wp-content\/uploads\/sites\/154\/2024\/06\/12\/image-28.jpg\" alt=\"\" class=\"wp-image-32577\" srcset=\"https:\/\/blogs.autodesk.com\/villagebim\/wp-content\/uploads\/sites\/154\/2024\/06\/12\/image-28.jpg 974w, https:\/\/blogs.autodesk.com\/villagebim\/wp-content\/uploads\/sites\/154\/2024\/06\/12\/image-28-300x192.jpg 300w, https:\/\/blogs.autodesk.com\/villagebim\/wp-content\/uploads\/sites\/154\/2024\/06\/12\/image-28-768x491.jpg 768w\" sizes=\"auto, (max-width: 974px) 100vw, 974px\" \/><\/figure>\n\n\n\n<ul class=\"wp-block-list\">\n<li>Dans MS Power BI, cliquez sur le bouton \u00ab&nbsp;<strong><em>Actualiser<\/em><\/strong>&nbsp;\u00bb et les modifications apparaissent (objet et donn\u00e9es BIM)<\/li>\n<\/ul>\n\n\n\n<figure class=\"wp-block-image size-full\"><img loading=\"lazy\" decoding=\"async\" width=\"974\" height=\"588\" src=\"https:\/\/blogs.autodesk.com\/villagebim\/wp-content\/uploads\/sites\/154\/2024\/06\/12\/image-29.jpg\" alt=\"\" class=\"wp-image-32579\" srcset=\"https:\/\/blogs.autodesk.com\/villagebim\/wp-content\/uploads\/sites\/154\/2024\/06\/12\/image-29.jpg 974w, https:\/\/blogs.autodesk.com\/villagebim\/wp-content\/uploads\/sites\/154\/2024\/06\/12\/image-29-300x181.jpg 300w, https:\/\/blogs.autodesk.com\/villagebim\/wp-content\/uploads\/sites\/154\/2024\/06\/12\/image-29-768x464.jpg 768w\" sizes=\"auto, (max-width: 974px) 100vw, 974px\" \/><\/figure>\n\n\n\n<p><\/p>\n\n\n\n<p><strong><u>5- Limites connues&nbsp;:<\/u><\/strong><\/p>\n\n\n\n<ul class=\"wp-block-list\">\n<li>L&rsquo;affichage de propri\u00e9t\u00e9s avec plusieurs valeurs sous forme d&rsquo;entr\u00e9es individuelles dans chaque colonne ou ligne n&rsquo;est actuellement pas pris en charge. Au lieu de cela, ces propri\u00e9t\u00e9s apparaissent sous la forme d\u2019une seule liste s\u00e9par\u00e9e par des virgules pour garantir la compatibilit\u00e9 des donn\u00e9es.<\/li>\n\n\n\n<li>Si plusieurs propri\u00e9t\u00e9s portent le m\u00eame nom mais des types de donn\u00e9es diff\u00e9rents, seule la premi\u00e8re valeur est r\u00e9cup\u00e9r\u00e9e. Assurez-vous que les propri\u00e9t\u00e9s ont des noms uniques.<\/li>\n\n\n\n<li>L\u2019actualisation des donn\u00e9es sur la plateforme Web Power BI n\u2019est pas disponible pour les connecteurs tant qu\u2019ils ne sont pas officiellement certifi\u00e9s par Microsoft.<\/li>\n\n\n\n<li>La fonctionnalit\u00e9 de s\u00e9lection ou d&rsquo;isolement peut ne pas fonctionner correctement lorsque les donn\u00e9es charg\u00e9es \u00e0 partir du connecteur contiennent des erreurs.<\/li>\n\n\n\n<li>La fonction de coloration permet actuellement d&rsquo;appliquer des couleurs \u00e0 une seule colonne \u00e0 la fois. La coloration multicolonne n&rsquo;est pas encore prise en charge.<\/li>\n\n\n\n<li>Tous les slicers ou filtres actifs doivent \u00eatre d\u00e9sactiv\u00e9s avant de charger le mod\u00e8le.<\/li>\n<\/ul>\n\n\n\n<p><strong><u>6 \u2013 Bonus : L\u2019intelligence artificielle<\/u><\/strong><\/p>\n\n\n\n<p>&nbsp;&nbsp;&nbsp; <strong><u>&#8211; 6.1 Visualiseur \u00ab&nbsp;<em>Questions et r\u00e9ponses<\/em>&nbsp;\u00bb&nbsp;:<\/u><\/strong><\/p>\n\n\n\n<p>MS Power BI proposer un visualiseur appel\u00e9 \u00ab&nbsp;<strong><em>Questions et r\u00e9ponses<\/em><\/strong>&nbsp;\u00bb qui permet de poser des questions en langage naturel comme le montr\u00e9 ci-dessous&nbsp;:<\/p>\n\n\n\n<figure class=\"wp-block-image size-full\"><img loading=\"lazy\" decoding=\"async\" width=\"975\" height=\"782\" src=\"https:\/\/blogs.autodesk.com\/villagebim\/wp-content\/uploads\/sites\/154\/2024\/06\/12\/image-30.jpg\" alt=\"\" class=\"wp-image-32581\" srcset=\"https:\/\/blogs.autodesk.com\/villagebim\/wp-content\/uploads\/sites\/154\/2024\/06\/12\/image-30.jpg 975w, https:\/\/blogs.autodesk.com\/villagebim\/wp-content\/uploads\/sites\/154\/2024\/06\/12\/image-30-300x241.jpg 300w, https:\/\/blogs.autodesk.com\/villagebim\/wp-content\/uploads\/sites\/154\/2024\/06\/12\/image-30-768x616.jpg 768w\" sizes=\"auto, (max-width: 975px) 100vw, 975px\" \/><\/figure>\n\n\n\n<p>Nota&nbsp;: Le langage \u00e0 utiliser est en langue anglaise.<\/p>\n\n\n\n<ul class=\"wp-block-list\">\n<li>Au fur et \u00e0 mesure que vous \u00e9laborez votre question, vous b\u00e9n\u00e9ficiez d\u2019une auto-compl\u00e9tion<\/li>\n<\/ul>\n\n\n\n<figure class=\"wp-block-image size-full\"><img loading=\"lazy\" decoding=\"async\" width=\"589\" height=\"350\" src=\"https:\/\/blogs.autodesk.com\/villagebim\/wp-content\/uploads\/sites\/154\/2024\/06\/12\/image-31.jpg\" alt=\"\" class=\"wp-image-32583\" srcset=\"https:\/\/blogs.autodesk.com\/villagebim\/wp-content\/uploads\/sites\/154\/2024\/06\/12\/image-31.jpg 589w, https:\/\/blogs.autodesk.com\/villagebim\/wp-content\/uploads\/sites\/154\/2024\/06\/12\/image-31-300x178.jpg 300w\" sizes=\"auto, (max-width: 589px) 100vw, 589px\" \/><\/figure>\n\n\n\n<ul class=\"wp-block-list\">\n<li>Une fois la question pos\u00e9e ( <em>\u00ab&nbsp;<\/em><em>show<\/em><em> number Murs&nbsp;(category) and add family&nbsp;name and area. remove family&nbsp;name&nbsp;Mur-rideau&nbsp;(family&nbsp;name)<\/em>&nbsp;\u00bb), le r\u00e9sultat est affich\u00e9 automatiquement<\/li>\n<\/ul>\n\n\n\n<p><strong><u>R\u00e9sultat&nbsp;:<\/u><\/strong><\/p>\n\n\n\n<figure class=\"wp-block-image size-large\"><img loading=\"lazy\" decoding=\"async\" width=\"476\" height=\"1024\" src=\"https:\/\/blogs.autodesk.com\/villagebim\/wp-content\/uploads\/sites\/154\/2024\/06\/12\/image-32-476x1024.jpg\" alt=\"\" class=\"wp-image-32585\" srcset=\"https:\/\/blogs.autodesk.com\/villagebim\/wp-content\/uploads\/sites\/154\/2024\/06\/12\/image-32-476x1024.jpg 476w, https:\/\/blogs.autodesk.com\/villagebim\/wp-content\/uploads\/sites\/154\/2024\/06\/12\/image-32-139x300.jpg 139w, https:\/\/blogs.autodesk.com\/villagebim\/wp-content\/uploads\/sites\/154\/2024\/06\/12\/image-32.jpg 498w\" sizes=\"auto, (max-width: 476px) 100vw, 476px\" \/><\/figure>\n\n\n\n<p>&nbsp;&nbsp;&nbsp; &#8211; <strong><u>6.2 Microsoft 365 Copilot pour MS Power BI&nbsp;:<\/u><\/strong><\/p>\n\n\n\n<p>Microsoft 365 Copilot, d\u00e9velopp\u00e9 par Microsoft, est une r\u00e9volution dans l&rsquo;analyse de donn\u00e9es dans la suite Microsoft. Notamment, Copilot est int\u00e9gr\u00e9 \u00e0 MS Power BI, offrant une exp\u00e9rience utilisateur am\u00e9lior\u00e9e gr\u00e2ce \u00e0 l&rsquo;intelligence artificielle. Il permet de g\u00e9n\u00e9rer rapidement des rapports, tout en offrant une int\u00e9gration fluide qui simplifie et transforme l&rsquo;exp\u00e9rience d&rsquo;analyse de donn\u00e9es.<\/p>\n\n\n\n<figure class=\"wp-block-image size-full\"><img loading=\"lazy\" decoding=\"async\" width=\"974\" height=\"121\" src=\"https:\/\/blogs.autodesk.com\/villagebim\/wp-content\/uploads\/sites\/154\/2024\/06\/12\/image-33.jpg\" alt=\"\" class=\"wp-image-32587\" srcset=\"https:\/\/blogs.autodesk.com\/villagebim\/wp-content\/uploads\/sites\/154\/2024\/06\/12\/image-33.jpg 974w, https:\/\/blogs.autodesk.com\/villagebim\/wp-content\/uploads\/sites\/154\/2024\/06\/12\/image-33-300x37.jpg 300w, https:\/\/blogs.autodesk.com\/villagebim\/wp-content\/uploads\/sites\/154\/2024\/06\/12\/image-33-768x95.jpg 768w\" sizes=\"auto, (max-width: 974px) 100vw, 974px\" \/><\/figure>\n\n\n\n<p>Malheureusement, je n\u2019ai pas pu tester cette partie. Pouvez-vous me laisser en commentaire votre exp\u00e9rience de Microsoft 365 Copilot pour MS Power BI.<\/p>\n\n\n\n<p>Si vous avez aim\u00e9 cet article, pouvez-vous liker mon <a href=\"https:\/\/www.linkedin.com\/posts\/olivier-bayle_autodesk-data-exchange-connect-power-bi-activity-7208858527556132864-x2Pi?utm_source=share&amp;utm_medium=member_desktop\">post sur LinkedIn<\/a>, merci<\/p>\n","protected":false},"excerpt":{"rendered":"<p>Dans cet article, je vous introduisais le connecteur Power BI dans le cadre de workflows Autodesk Data Exchange. Je vous propose donc au travers d\u2019un exemple de connecter les donn\u00e9es BIM issues du logiciel Autodesk Revit \u00e0 Microsoft Power BI Nota : Le connecteur MS Power BI fonctionne aussi bien sur serveur US que EU. [&hellip;]<\/p>\n","protected":false},"author":4760,"featured_media":32589,"menu_order":0,"comment_status":"open","ping_status":"open","sticky":false,"template":"","format":"standard","meta":{"_acf_changed":false,"inline_featured_image":false,"footnotes":""},"categories":[3308,3386,15,3357,10,3309,17,3598,3599,3394,3325,6],"tags":[],"class_list":["post-32520","post","type-post","status-publish","format-standard","has-post-thumbnail","hentry","category-applications-cloud","category-autodesk-cloud","category-autodesk-revit","category-batiment","category-collaboration","category-interoperabilite-revit","category-nouveautes","category-power-bi","category-power-bi-applications-cloud","category-revit","category-tips-tricks","category-trucs-et-astuces","dhig-theme--light"],"acf":[],"_links":{"self":[{"href":"https:\/\/blogs.autodesk.com\/villagebim\/wp-json\/wp\/v2\/posts\/32520","targetHints":{"allow":["GET"]}}],"collection":[{"href":"https:\/\/blogs.autodesk.com\/villagebim\/wp-json\/wp\/v2\/posts"}],"about":[{"href":"https:\/\/blogs.autodesk.com\/villagebim\/wp-json\/wp\/v2\/types\/post"}],"author":[{"embeddable":true,"href":"https:\/\/blogs.autodesk.com\/villagebim\/wp-json\/wp\/v2\/users\/4760"}],"replies":[{"embeddable":true,"href":"https:\/\/blogs.autodesk.com\/villagebim\/wp-json\/wp\/v2\/comments?post=32520"}],"version-history":[{"count":0,"href":"https:\/\/blogs.autodesk.com\/villagebim\/wp-json\/wp\/v2\/posts\/32520\/revisions"}],"wp:featuredmedia":[{"embeddable":true,"href":"https:\/\/blogs.autodesk.com\/villagebim\/wp-json\/wp\/v2\/media\/32589"}],"wp:attachment":[{"href":"https:\/\/blogs.autodesk.com\/villagebim\/wp-json\/wp\/v2\/media?parent=32520"}],"wp:term":[{"taxonomy":"category","embeddable":true,"href":"https:\/\/blogs.autodesk.com\/villagebim\/wp-json\/wp\/v2\/categories?post=32520"},{"taxonomy":"post_tag","embeddable":true,"href":"https:\/\/blogs.autodesk.com\/villagebim\/wp-json\/wp\/v2\/tags?post=32520"}],"curies":[{"name":"wp","href":"https:\/\/api.w.org\/{rel}","templated":true}]}}