{"id":35139,"date":"2024-12-09T09:00:00","date_gmt":"2024-12-09T07:00:00","guid":{"rendered":"https:\/\/blogs.autodesk.com\/villagebim?p=35139"},"modified":"2024-11-28T16:40:14","modified_gmt":"2024-11-28T14:40:14","slug":"nouveaute-autodesk-bim-collaborate-sauvegarde-des-couleurs-dans-autodesk-docs","status":"publish","type":"post","link":"https:\/\/blogs.autodesk.com\/villagebim\/2024\/12\/nouveaute-autodesk-bim-collaborate-sauvegarde-des-couleurs-dans-autodesk-docs.html","title":{"rendered":"[Nouveaut\u00e9] Autodesk BIM Collaborate\u00a0: Sauvegarde des couleurs dans Autodesk Docs"},"content":{"rendered":"\n<figure class=\"wp-block-image size-full\"><img loading=\"lazy\" decoding=\"async\" width=\"975\" height=\"468\" src=\"https:\/\/blogs.autodesk.com\/villagebim\/wp-content\/uploads\/sites\/154\/2024\/11\/28\/image.jpg\" alt=\"\" class=\"wp-image-35140\" srcset=\"https:\/\/blogs.autodesk.com\/villagebim\/wp-content\/uploads\/sites\/154\/2024\/11\/28\/image.jpg 975w, https:\/\/blogs.autodesk.com\/villagebim\/wp-content\/uploads\/sites\/154\/2024\/11\/28\/image-300x144.jpg 300w, https:\/\/blogs.autodesk.com\/villagebim\/wp-content\/uploads\/sites\/154\/2024\/11\/28\/image-768x369.jpg 768w\" sizes=\"auto, (max-width: 975px) 100vw, 975px\" \/><\/figure>\n\n\n\n<p><a href=\"https:\/\/blogs.autodesk.com\/villagebim\/2024\/06\/nouveaute-autodesk-bim-collaboration-affichage-par-couleur.html\">Dans cet article Village BIM<\/a>, je vous expliquais les avantages de coloriser les objets en fonctions de leurs cat\u00e9gories ou autres.<\/p>\n\n\n\n<p>Maintenant, lorsque vous sauvegardez des vues cr\u00e9\u00e9es dans Autodesk BIM Collaborate (<a href=\"https:\/\/blogs.autodesk.com\/villagebim\/2022\/10\/nouveaute-autodesk-bim-collaborate-filtrez-vos-collisions.html\">voir cet article<\/a>) vers Autodesk Docs, les couleurs des objets seront \u00e9galement pr\u00e9sente.<\/p>\n\n\n\n<p>Voici le process ci-dessous&nbsp;:<\/p>\n\n\n\n<ul class=\"wp-block-list\">\n<li>Activez les couleurs (1), s\u00e9lectionnez la propri\u00e9t\u00e9 \u00e0 coloriser (2) puis enregistrez ou mettez \u00e0 jour la vue (3)<\/li>\n<\/ul>\n\n\n\n<figure class=\"wp-block-image size-full\"><img loading=\"lazy\" decoding=\"async\" width=\"975\" height=\"468\" src=\"https:\/\/blogs.autodesk.com\/villagebim\/wp-content\/uploads\/sites\/154\/2024\/11\/28\/image-1.jpg\" alt=\"\" class=\"wp-image-35142\" srcset=\"https:\/\/blogs.autodesk.com\/villagebim\/wp-content\/uploads\/sites\/154\/2024\/11\/28\/image-1.jpg 975w, https:\/\/blogs.autodesk.com\/villagebim\/wp-content\/uploads\/sites\/154\/2024\/11\/28\/image-1-300x144.jpg 300w, https:\/\/blogs.autodesk.com\/villagebim\/wp-content\/uploads\/sites\/154\/2024\/11\/28\/image-1-768x369.jpg 768w\" sizes=\"auto, (max-width: 975px) 100vw, 975px\" \/><\/figure>\n\n\n\n<ul class=\"wp-block-list\">\n<li>Apr\u00e8s avoir ferm\u00e9 la fen\u00eatre pr\u00e9c\u00e9dente, dans la partie \u00ab\u00a0<strong><em>Vue<\/em><\/strong>\u00a0\u00bb, cliquez sur le bouton \u00ab\u00a0<strong><em>Enregistrer dans Docs<\/em><\/strong>\u00a0\u00bb relatif \u00e0 la vue r\u00e9cemment sauvegard\u00e9e<\/li>\n<\/ul>\n\n\n\n<figure class=\"wp-block-image size-full\"><img loading=\"lazy\" decoding=\"async\" width=\"975\" height=\"457\" src=\"https:\/\/blogs.autodesk.com\/villagebim\/wp-content\/uploads\/sites\/154\/2024\/11\/28\/image.png\" alt=\"\" class=\"wp-image-35144\" srcset=\"https:\/\/blogs.autodesk.com\/villagebim\/wp-content\/uploads\/sites\/154\/2024\/11\/28\/image.png 975w, https:\/\/blogs.autodesk.com\/villagebim\/wp-content\/uploads\/sites\/154\/2024\/11\/28\/image-300x141.png 300w, https:\/\/blogs.autodesk.com\/villagebim\/wp-content\/uploads\/sites\/154\/2024\/11\/28\/image-768x360.png 768w\" sizes=\"auto, (max-width: 975px) 100vw, 975px\" \/><\/figure>\n\n\n\n<ul class=\"wp-block-list\">\n<li>S\u00e9lectionnez le r\u00e9pertoire de sauvegarde puis cliquez sur le bouton \u00ab\u00a0<strong><em>Enregistrer<\/em><\/strong>\u00a0\u00bb<\/li>\n<\/ul>\n\n\n\n<figure class=\"wp-block-image size-full\"><img loading=\"lazy\" decoding=\"async\" width=\"850\" height=\"806\" src=\"https:\/\/blogs.autodesk.com\/villagebim\/wp-content\/uploads\/sites\/154\/2024\/11\/28\/image-1-1.jpg\" alt=\"\" class=\"wp-image-35146\" srcset=\"https:\/\/blogs.autodesk.com\/villagebim\/wp-content\/uploads\/sites\/154\/2024\/11\/28\/image-1-1.jpg 850w, https:\/\/blogs.autodesk.com\/villagebim\/wp-content\/uploads\/sites\/154\/2024\/11\/28\/image-1-1-300x284.jpg 300w, https:\/\/blogs.autodesk.com\/villagebim\/wp-content\/uploads\/sites\/154\/2024\/11\/28\/image-1-1-768x728.jpg 768w\" sizes=\"auto, (max-width: 850px) 100vw, 850px\" \/><\/figure>\n\n\n\n<ul class=\"wp-block-list\">\n<li>Dans Autodesk Docs, dans \u00ab\u00a0<strong><em>Fichiers<\/em><\/strong>\u00a0\u00bb, dans le r\u00e9pertoire, vous pouvez d\u00e9couvrir le fichier g\u00e9n\u00e9r\u00e9<\/li>\n<\/ul>\n\n\n\n<figure class=\"wp-block-image size-full\"><img loading=\"lazy\" decoding=\"async\" width=\"975\" height=\"651\" src=\"https:\/\/blogs.autodesk.com\/villagebim\/wp-content\/uploads\/sites\/154\/2024\/11\/28\/image-1-2.jpg\" alt=\"\" class=\"wp-image-35148\" srcset=\"https:\/\/blogs.autodesk.com\/villagebim\/wp-content\/uploads\/sites\/154\/2024\/11\/28\/image-1-2.jpg 975w, https:\/\/blogs.autodesk.com\/villagebim\/wp-content\/uploads\/sites\/154\/2024\/11\/28\/image-1-2-300x200.jpg 300w, https:\/\/blogs.autodesk.com\/villagebim\/wp-content\/uploads\/sites\/154\/2024\/11\/28\/image-1-2-768x513.jpg 768w\" sizes=\"auto, (max-width: 975px) 100vw, 975px\" \/><\/figure>\n\n\n\n<p>R\u00e9sultat&nbsp;:<\/p>\n\n\n\n<figure class=\"wp-block-image size-full\"><img loading=\"lazy\" decoding=\"async\" width=\"975\" height=\"468\" src=\"https:\/\/blogs.autodesk.com\/villagebim\/wp-content\/uploads\/sites\/154\/2024\/11\/28\/image-1-3.jpg\" alt=\"\" class=\"wp-image-35150\" srcset=\"https:\/\/blogs.autodesk.com\/villagebim\/wp-content\/uploads\/sites\/154\/2024\/11\/28\/image-1-3.jpg 975w, https:\/\/blogs.autodesk.com\/villagebim\/wp-content\/uploads\/sites\/154\/2024\/11\/28\/image-1-3-300x144.jpg 300w, https:\/\/blogs.autodesk.com\/villagebim\/wp-content\/uploads\/sites\/154\/2024\/11\/28\/image-1-3-768x369.jpg 768w\" sizes=\"auto, (max-width: 975px) 100vw, 975px\" \/><\/figure>\n","protected":false},"excerpt":{"rendered":"<p>Dans cet article Village BIM, je vous expliquais les avantages de coloriser les objets en fonctions de leurs cat\u00e9gories ou autres. Maintenant, lorsque vous sauvegardez des vues cr\u00e9\u00e9es dans Autodesk BIM Collaborate (voir cet article) vers Autodesk Docs, les couleurs des objets seront \u00e9galement pr\u00e9sente. Voici le process ci-dessous&nbsp;: R\u00e9sultat&nbsp;:<\/p>\n","protected":false},"author":4760,"featured_media":35140,"menu_order":0,"comment_status":"open","ping_status":"open","sticky":false,"template":"","format":"standard","meta":{"_acf_changed":false,"inline_featured_image":false,"footnotes":""},"categories":[3308,3386,3581,3582,10,17,3325,6],"tags":[],"class_list":["post-35139","post","type-post","status-publish","format-standard","has-post-thumbnail","hentry","category-applications-cloud","category-autodesk-cloud","category-autodesk-docs","category-bim-collaborate","category-collaboration","category-nouveautes","category-tips-tricks","category-trucs-et-astuces","dhig-theme--light"],"acf":[],"_links":{"self":[{"href":"https:\/\/blogs.autodesk.com\/villagebim\/wp-json\/wp\/v2\/posts\/35139","targetHints":{"allow":["GET"]}}],"collection":[{"href":"https:\/\/blogs.autodesk.com\/villagebim\/wp-json\/wp\/v2\/posts"}],"about":[{"href":"https:\/\/blogs.autodesk.com\/villagebim\/wp-json\/wp\/v2\/types\/post"}],"author":[{"embeddable":true,"href":"https:\/\/blogs.autodesk.com\/villagebim\/wp-json\/wp\/v2\/users\/4760"}],"replies":[{"embeddable":true,"href":"https:\/\/blogs.autodesk.com\/villagebim\/wp-json\/wp\/v2\/comments?post=35139"}],"version-history":[{"count":0,"href":"https:\/\/blogs.autodesk.com\/villagebim\/wp-json\/wp\/v2\/posts\/35139\/revisions"}],"wp:featuredmedia":[{"embeddable":true,"href":"https:\/\/blogs.autodesk.com\/villagebim\/wp-json\/wp\/v2\/media\/35140"}],"wp:attachment":[{"href":"https:\/\/blogs.autodesk.com\/villagebim\/wp-json\/wp\/v2\/media?parent=35139"}],"wp:term":[{"taxonomy":"category","embeddable":true,"href":"https:\/\/blogs.autodesk.com\/villagebim\/wp-json\/wp\/v2\/categories?post=35139"},{"taxonomy":"post_tag","embeddable":true,"href":"https:\/\/blogs.autodesk.com\/villagebim\/wp-json\/wp\/v2\/tags?post=35139"}],"curies":[{"name":"wp","href":"https:\/\/api.w.org\/{rel}","templated":true}]}}