{"id":389,"date":"2018-10-30T09:44:38","date_gmt":"2018-10-30T07:44:38","guid":{"rendered":"https:\/\/blogs.autodesk.com\/villagebim\/2018\/10\/reservez-votre-soiree-du-jeudi-29-novembre-pour-le-prug.html"},"modified":"2018-10-30T09:44:38","modified_gmt":"2018-10-30T07:44:38","slug":"reservez-votre-soiree-du-jeudi-29-novembre-pour-le-prug","status":"publish","type":"post","link":"https:\/\/blogs.autodesk.com\/villagebim\/2018\/10\/reservez-votre-soiree-du-jeudi-29-novembre-pour-le-prug.html","title":{"rendered":"R\u00e9servez votre soir\u00e9e du jeudi 29 novembre pour le PRUG !"},"content":{"rendered":"<p><a class=\"asset-img-link\" href=\"https:\/\/villagebim.typepad.com\/.a\/6a015391e15a28970b022ad3bb0ed6200b-popup\"><img decoding=\"async\" alt=\"Prug\" class=\"asset  asset-image at-xid-6a015391e15a28970b022ad3bb0ed6200b img-responsive\" src=\"https:\/\/villagebim.typepad.com\/.a\/6a015391e15a28970b022ad3bb0ed6200b-500wi\" title=\"Prug\" \/><\/a><\/p>\n<p>Le 3\u00e8me PRUG de 2018 se tiendra le jeudi 29 novembre au campus Jussieu de la Sorbonne.<\/p>\n<p>Vous retrouverez des pr\u00e9sentations de produits connexes \u00e0 Revit, du Dynamo, des familles, et naturellement un ap\u00e9ro dinatoire \u00e0 partir de 21h30.<\/p>\n<p>Inscription: lien \u00e0 venir<\/p>\n<p>Horaire: A partir de <strong>18H30<\/strong> jusqu\u2019\u00e0 minuit -&gt; et oui on commence 30mn plus t\u00f4t !<\/p>\n<p>Adresse : Amphi Durant , 4 place Jussieu 75005 Paris<\/p>\n<p>Attention, pour des raisons de s\u00e9curit\u00e9, le PRUG limite le nombre de personnes \u00e0 150.<\/p>\n","protected":false},"excerpt":{"rendered":"<p>Le 3\u00e8me PRUG de 2018 se tiendra le jeudi 29 novembre au campus Jussieu de la Sorbonne. Vous retrouverez des pr\u00e9sentations de produits connexes \u00e0 Revit, du Dynamo, des familles, et naturellement un ap\u00e9ro dinatoire \u00e0 partir de 21h30. Inscription: lien \u00e0 venir Horaire: A partir de 18H30 jusqu\u2019\u00e0 minuit -&gt; et oui on commence [&hellip;]<\/p>\n","protected":false},"author":4760,"featured_media":2472,"menu_order":0,"comment_status":"open","ping_status":"closed","sticky":false,"template":"","format":"standard","meta":{"_acf_changed":false,"inline_featured_image":false,"footnotes":""},"categories":[15,5,54,16],"tags":[207],"class_list":["post-389","post","type-post","status-publish","format-standard","has-post-thumbnail","hentry","category-autodesk-revit","category-bim","category-evenements","category-interoperabilite","tag-prug","dhig-theme--light"],"acf":[],"_links":{"self":[{"href":"https:\/\/blogs.autodesk.com\/villagebim\/wp-json\/wp\/v2\/posts\/389","targetHints":{"allow":["GET"]}}],"collection":[{"href":"https:\/\/blogs.autodesk.com\/villagebim\/wp-json\/wp\/v2\/posts"}],"about":[{"href":"https:\/\/blogs.autodesk.com\/villagebim\/wp-json\/wp\/v2\/types\/post"}],"author":[{"embeddable":true,"href":"https:\/\/blogs.autodesk.com\/villagebim\/wp-json\/wp\/v2\/users\/4760"}],"replies":[{"embeddable":true,"href":"https:\/\/blogs.autodesk.com\/villagebim\/wp-json\/wp\/v2\/comments?post=389"}],"version-history":[{"count":0,"href":"https:\/\/blogs.autodesk.com\/villagebim\/wp-json\/wp\/v2\/posts\/389\/revisions"}],"wp:featuredmedia":[{"embeddable":true,"href":"https:\/\/blogs.autodesk.com\/villagebim\/wp-json\/wp\/v2\/media\/2472"}],"wp:attachment":[{"href":"https:\/\/blogs.autodesk.com\/villagebim\/wp-json\/wp\/v2\/media?parent=389"}],"wp:term":[{"taxonomy":"category","embeddable":true,"href":"https:\/\/blogs.autodesk.com\/villagebim\/wp-json\/wp\/v2\/categories?post=389"},{"taxonomy":"post_tag","embeddable":true,"href":"https:\/\/blogs.autodesk.com\/villagebim\/wp-json\/wp\/v2\/tags?post=389"}],"curies":[{"name":"wp","href":"https:\/\/api.w.org\/{rel}","templated":true}]}}