{"id":544,"date":"2018-02-21T10:00:00","date_gmt":"2018-02-21T08:00:00","guid":{"rendered":"https:\/\/blogs.autodesk.com\/villagebim\/2018\/02\/la-version-hivernale-2018-de-autodesk-formit-est-arrivee.html"},"modified":"2018-02-21T10:00:00","modified_gmt":"2018-02-21T08:00:00","slug":"la-version-hivernale-2018-de-autodesk-formit-est-arrivee","status":"publish","type":"post","link":"https:\/\/blogs.autodesk.com\/villagebim\/2018\/02\/la-version-hivernale-2018-de-autodesk-formit-est-arrivee.html","title":{"rendered":"La version hivernale 2018 de Autodesk FormIt est arriv\u00e9e"},"content":{"rendered":"<p><a href=\"http:\/\/villagebim.typepad.com\/.a\/6a015391e15a28970b01bb09ef396c970d-pi\"><img loading=\"lazy\" decoding=\"async\" alt=\"clip_image002\" border=\"0\" height=\"436\" src=\"https:\/\/villagebim.typepad.com\/.a\/6a015391e15a28970b01b7c94bce3a970b-pi\" style=\"background-image: none;margin-left: auto;margin-right: auto\" title=\"clip_image002\" width=\"454\" \/><\/a><\/p>\n<p>&#160;<\/p>\n<p>En pleine saison hivernale, le logiciel <a href=\"https:\/\/formit.autodesk.com\/\">Autodesk FormIt<\/a> vient de passer en version 16.2.241. Vous retrouvez dans nos divers articles (<a href=\"http:\/\/villagebim.typepad.com\/villagebim\/2017\/07\/autodesk-formit-v16-des-nouveaut%C3%A9s.html\">ici<\/a> et <a href=\"http:\/\/villagebim.typepad.com\/villagebim\/2016\/04\/outil-formit-360-converter-for-revit.html\">ici<\/a>) des d\u00e9tails sur le logiciel Autodesk FormIt.<\/p>\n<p>Voici quelques nouveaut\u00e9s et am\u00e9liorations list\u00e9es ci-dessous :<\/p>\n<ul>\n<li>Am\u00e9lioration globale des performances, mais sp\u00e9cifiquement la navigation dans le mod\u00e8le, \u00ab <em>drag face<\/em> \u00bb (je n\u2019ai pas trouv\u00e9 une meilleure traduction) et se d\u00e9placer.<\/li>\n<li>Meilleur support pour les unit\u00e9s m\u00e9triques, y compris la mod\u00e9lisation en millim\u00e8tre.<\/li>\n<li>L\u2019outil \u00ab <em>Spline<\/em> \u00bb am\u00e9lior\u00e9, il n&#039;est plus limit\u00e9 \u00e0 un seul plan.<\/li>\n<li>Prise en charge de l\u2019import de mod\u00e8le Sketchup 2018.<\/li>\n<li>Ajout d&#039;un outil \u00ab Aplanir faces \u00bb, tr\u00e8s utile utile pour les mod\u00e8les import\u00e9s avec des faces l\u00e9g\u00e8rement non coplanaire.<\/li>\n<\/ul>\n<p><a href=\"http:\/\/villagebim.typepad.com\/.a\/6a015391e15a28970b01bb09ef3970970d-pi\"><img loading=\"lazy\" decoding=\"async\" alt=\"clip_image004\" border=\"0\" height=\"377\" src=\"https:\/\/villagebim.typepad.com\/.a\/6a015391e15a28970b01b7c94bce3f970b-pi\" style=\"background-image: none;margin-left: auto;margin-right: auto\" title=\"clip_image004\" width=\"254\" \/><\/a><\/p>\n<ul>\n<li>Conservation du positionnement de texture personnalis\u00e9 lors de la division, de l&#039;aplatissement ou lors de la cr\u00e9ation de surface attach\u00e9e aux bords de faces.<\/li>\n<li>Am\u00e9lioration de la fiabilit\u00e9 de l&#039;importation des mat\u00e9riaux.<\/li>\n<li>Ajout d\u2019un message d&#039;erreur lors de l&#039;importation de fichiers DWG verrouill\u00e9s par AutoCAD fonctionnant simultan\u00e9ment<\/li>\n<\/ul>\n<p>Vous trouvez la liste exhaustive <a href=\"https:\/\/formit.autodesk.com\/page\/release-notes#release-notes-windows\">ici<\/a> de toutes les am\u00e9liorations et corrections.<\/p>\n<p>Enfin voici une vid\u00e9o o\u00f9 je vous explique les divers cas d\u2019utilisation de l\u2019outil \u00ab Aplanir faces \u00bb :<\/p>\n<p class=\"asset-video\" style=\"text-align: center\">\n<p>Nota : Am\u00e9liorations Plateforme IOS :<\/p>\n<ul>\n<li>Ajout de la possibilit\u00e9 de filtrer les s\u00e9lections lors de l&#039;utilisation de l&#039;outil Lasso.<\/li>\n<li>Correction d&#039;un probl\u00e8me emp\u00eachant les images d&#039;\u00eatre import\u00e9es.<\/li>\n<\/ul>\n","protected":false},"excerpt":{"rendered":"<p>&#160; En pleine saison hivernale, le logiciel Autodesk FormIt vient de passer en version 16.2.241. Vous retrouvez dans nos divers articles (ici et ici) des d\u00e9tails sur le logiciel Autodesk FormIt. Voici quelques nouveaut\u00e9s et am\u00e9liorations list\u00e9es ci-dessous : Am\u00e9lioration globale des performances, mais sp\u00e9cifiquement la navigation dans le mod\u00e8le, \u00ab drag face \u00bb (je [&hellip;]<\/p>\n","protected":false},"author":13092,"featured_media":2472,"menu_order":0,"comment_status":"open","ping_status":"closed","sticky":false,"template":"","format":"standard","meta":{"_acf_changed":false,"inline_featured_image":false,"footnotes":""},"categories":[25,5,6],"tags":[769,20,44,364],"class_list":["post-544","post","type-post","status-publish","format-standard","has-post-thumbnail","hentry","category-architecture","category-bim","category-trucs-et-astuces","tag-aplanir-faces","tag-autodesk","tag-bim","tag-formit","dhig-theme--light"],"acf":[],"_links":{"self":[{"href":"https:\/\/blogs.autodesk.com\/villagebim\/wp-json\/wp\/v2\/posts\/544","targetHints":{"allow":["GET"]}}],"collection":[{"href":"https:\/\/blogs.autodesk.com\/villagebim\/wp-json\/wp\/v2\/posts"}],"about":[{"href":"https:\/\/blogs.autodesk.com\/villagebim\/wp-json\/wp\/v2\/types\/post"}],"author":[{"embeddable":true,"href":"https:\/\/blogs.autodesk.com\/villagebim\/wp-json\/wp\/v2\/users\/13092"}],"replies":[{"embeddable":true,"href":"https:\/\/blogs.autodesk.com\/villagebim\/wp-json\/wp\/v2\/comments?post=544"}],"version-history":[{"count":0,"href":"https:\/\/blogs.autodesk.com\/villagebim\/wp-json\/wp\/v2\/posts\/544\/revisions"}],"wp:featuredmedia":[{"embeddable":true,"href":"https:\/\/blogs.autodesk.com\/villagebim\/wp-json\/wp\/v2\/media\/2472"}],"wp:attachment":[{"href":"https:\/\/blogs.autodesk.com\/villagebim\/wp-json\/wp\/v2\/media?parent=544"}],"wp:term":[{"taxonomy":"category","embeddable":true,"href":"https:\/\/blogs.autodesk.com\/villagebim\/wp-json\/wp\/v2\/categories?post=544"},{"taxonomy":"post_tag","embeddable":true,"href":"https:\/\/blogs.autodesk.com\/villagebim\/wp-json\/wp\/v2\/tags?post=544"}],"curies":[{"name":"wp","href":"https:\/\/api.w.org\/{rel}","templated":true}]}}