{"id":612,"date":"2017-09-05T16:16:54","date_gmt":"2017-09-05T14:16:54","guid":{"rendered":"https:\/\/blogs.autodesk.com\/villagebim\/2017\/09\/webinaires-connected-bim.html"},"modified":"2017-09-05T16:16:54","modified_gmt":"2017-09-05T14:16:54","slug":"webinaires-connected-bim","status":"publish","type":"post","link":"https:\/\/blogs.autodesk.com\/villagebim\/2017\/09\/webinaires-connected-bim.html","title":{"rendered":"Webinaires Connected BIM: collaborez sans fronti\u00e8res"},"content":{"rendered":"<p style=\"text-align: center\"><a class=\"asset-img-link\" href=\"https:\/\/pages.autodesk.com\/C4RBIM360Team-Sep-Collaboratewithoutboundaries-NOR_RegistrationPage.html\" rel=\"noopener noreferrer\" target=\"_blank\"><img decoding=\"async\" alt=\"Capture\" class=\"asset  asset-image at-xid-6a015391e15a28970b01bb09c03ea0970d img-responsive\" src=\"https:\/\/villagebim.typepad.com\/.a\/6a015391e15a28970b01bb09c03ea0970d-500wi\" title=\"Capture\" \/><\/a><\/p>\n<p>Nous allons proposer deux webinaires en Anglais dans les prochains jours autour du BIM connect\u00e9.<\/p>\n<p>L&#039;un aura lieu le <span style=\"text-decoration: underline\"><strong>jeudi 7 septembre de 15h00 \u00e0 16h00, il est destin\u00e9 \u00e0 l&#039;Europe<\/strong><\/span>:<\/p>\n<p><a href=\"https:\/\/pages.autodesk.com\/C4RBIM360Team-Sep-Collaboratewithoutboundaries-NOR_RegistrationPage.html\" rel=\"noopener noreferrer\" target=\"_blank\">Lien d&#039;inscription<\/a><\/p>\n<p>Le second, destin\u00e9 \u00e0 l&#039;Am\u00e9rique du Nord en termes d\u2019horaire aura lieu le mercredi 6 septembre de 19h00 \u00e0 20h00:<\/p>\n<p><a href=\"https:\/\/pages.autodesk.com\/collaborate-without-boundaries-2017-Sep.html\" rel=\"noopener noreferrer\" target=\"_blank\">Lien d&#039;inscription<\/a><\/p>\n<p>Lors de ces 2 sessions nous vous proposerons de d\u00e9couvrir ou d&#039;approfondir vos connaissances autour de la collaboration cloud. Nous pr\u00e9senterons des exemples concrets de collaboration en direct entre nos \u00e9quipes am\u00e9ricaines et europ\u00e9ennes. Au programme C4R (Collaboration for Revit, BIM 360 Team et Dynamo.<\/p>\n<p>N&#039;h\u00e9sitez donc pas \u00e0 vous inscrire.<\/p>\n","protected":false},"excerpt":{"rendered":"<p>Nous allons proposer deux webinaires en Anglais dans les prochains jours autour du BIM connect\u00e9. L&#039;un aura lieu le jeudi 7 septembre de 15h00 \u00e0 16h00, il est destin\u00e9 \u00e0 l&#039;Europe: Lien d&#039;inscription Le second, destin\u00e9 \u00e0 l&#039;Am\u00e9rique du Nord en termes d\u2019horaire aura lieu le mercredi 6 septembre de 19h00 \u00e0 20h00: Lien d&#039;inscription [&hellip;]<\/p>\n","protected":false},"author":50836,"featured_media":2472,"menu_order":0,"comment_status":"open","ping_status":"closed","sticky":false,"template":"","format":"standard","meta":{"_acf_changed":false,"inline_featured_image":false,"footnotes":""},"categories":[4,15,5,10,54],"tags":[44,763,640,48,872,864,171,874,873],"class_list":["post-612","post","type-post","status-publish","format-standard","has-post-thumbnail","hentry","category-autodesk-bim-360","category-autodesk-revit","category-bim","category-collaboration","category-evenements","tag-bim","tag-bim-360-team","tag-c4r","tag-cloud","tag-collaboration-sans-frontieres","tag-connected-bim","tag-dynamo","tag-europe","tag-usa","dhig-theme--light"],"acf":[],"_links":{"self":[{"href":"https:\/\/blogs.autodesk.com\/villagebim\/wp-json\/wp\/v2\/posts\/612","targetHints":{"allow":["GET"]}}],"collection":[{"href":"https:\/\/blogs.autodesk.com\/villagebim\/wp-json\/wp\/v2\/posts"}],"about":[{"href":"https:\/\/blogs.autodesk.com\/villagebim\/wp-json\/wp\/v2\/types\/post"}],"author":[{"embeddable":true,"href":"https:\/\/blogs.autodesk.com\/villagebim\/wp-json\/wp\/v2\/users\/50836"}],"replies":[{"embeddable":true,"href":"https:\/\/blogs.autodesk.com\/villagebim\/wp-json\/wp\/v2\/comments?post=612"}],"version-history":[{"count":0,"href":"https:\/\/blogs.autodesk.com\/villagebim\/wp-json\/wp\/v2\/posts\/612\/revisions"}],"wp:featuredmedia":[{"embeddable":true,"href":"https:\/\/blogs.autodesk.com\/villagebim\/wp-json\/wp\/v2\/media\/2472"}],"wp:attachment":[{"href":"https:\/\/blogs.autodesk.com\/villagebim\/wp-json\/wp\/v2\/media?parent=612"}],"wp:term":[{"taxonomy":"category","embeddable":true,"href":"https:\/\/blogs.autodesk.com\/villagebim\/wp-json\/wp\/v2\/categories?post=612"},{"taxonomy":"post_tag","embeddable":true,"href":"https:\/\/blogs.autodesk.com\/villagebim\/wp-json\/wp\/v2\/tags?post=612"}],"curies":[{"name":"wp","href":"https:\/\/api.w.org\/{rel}","templated":true}]}}