{"id":641,"date":"2017-06-21T10:39:20","date_gmt":"2017-06-21T08:39:20","guid":{"rendered":"https:\/\/blogs.autodesk.com\/villagebim\/2017\/06\/10me-rencontre-du-prug-le-27-juin-villeurbanne.html"},"modified":"2017-06-21T10:39:20","modified_gmt":"2017-06-21T08:39:20","slug":"10me-rencontre-du-prug-le-27-juin-villeurbanne","status":"publish","type":"post","link":"https:\/\/blogs.autodesk.com\/villagebim\/2017\/06\/10me-rencontre-du-prug-le-27-juin-villeurbanne.html","title":{"rendered":"10\u00e8me rencontre du PRUG le 27 Juin \u00e0 Villeurbanne"},"content":{"rendered":"<p><a href=\"http:\/\/villagebim.typepad.com\/.a\/6a015391e15a28970b01b8d28e5f0e970c-pi\"><\/a> <a class=\"asset-img-link\" href=\"http:\/\/villagebim.typepad.com\/.a\/6a015391e15a28970b01b8d28f0b11970c-popup\"><img decoding=\"async\" alt=\"Prug lyon 3\" class=\"asset  asset-image at-xid-6a015391e15a28970b01b8d28f0b11970c img-responsive\" src=\"https:\/\/villagebim.typepad.com\/.a\/6a015391e15a28970b01b8d28f0b11970c-500wi\" title=\"Prug lyon 3\" \/><\/a><\/p>\n<p>L\u2019\u00e9quipe du PRUG est heureuse de tenir sa 10\u00e8me rencontre dans la r\u00e9gion Lyonnaise (Villeurbanne) le 27 Juin prochain.<\/p>\n<p>Pour cette occasion, le PRUG devient le \u00ab Province Revit User Group \u00bb (merci Daniel). Nous y serons accueillis par nos partenaires APLICIT et la FFB, sans oublier PNY que nous remercions chaleureusement pour son soutien.<\/p>\n<p>Notre agenda pour cette dixi\u00e8me rencontre:<\/p>\n<ul>\n<li><em>Pr\u00e9sentation de la FFB<\/em><\/li>\n<li><em>Pr\u00e9sentation d\u2019APLICIT<\/em><\/li>\n<li><em>Les nouveaut\u00e9s de Revit 2018 avec Gilbert MILARD et Stephane BALMAIN<\/em><\/li>\n<li><em>Le scan 3D dans le domaine du b\u00e2timent avec ATFF<\/em><\/li>\n<li><em>Les solutions existantes pour cr\u00e9er des contenus VR (Virtual Reality) par Mesa GOULAHS<\/em><\/li>\n<li><em>Worlflow\/M\u00e9thode entre Revit et 3dsMax\/Twinmotion pour r\u00e9aliser des vues 360 par l\u2019\u00e9quipe d\u2019AIA.<\/em><\/li>\n<li><em>Dynamo avec Safi HAGE <\/em><\/li>\n<\/ul>\n<p>Les horaires: \u00e0 partir de 18h45 et jusqu\u2019a minuit<\/p>\n<p>L\u2019adresse:<\/p>\n<p><strong>F\u00e9d\u00e9ration des Entreprises du B\u00e2timent et des<\/strong><\/p>\n<p><strong>Travaux Publics du Rh\u00f4ne et de la M\u00e9tropole<\/strong><\/p>\n<p><strong>23, Avenue Condorcet<\/strong><\/p>\n<p><strong>69100 Villeurbanne<\/strong><\/p>\n<p><strong>Tel : 04.72.44.15.15<\/strong><\/p>\n<p>L\u2019\u00e9quipe du PRUG<\/p>\n<p>Inscription ici: <a href=\"http:\/\/www.paris-rug.fr\/events\/prug10_le_27_juin_2017\">http:\/\/www.paris-rug.fr\/events\/prug10_le_27_juin_2017<\/a><\/p>\n<p><a href=\"http:\/\/villagebim.typepad.com\/.a\/6a015391e15a28970b01b7c90417de970b-pi\"><img loading=\"lazy\" decoding=\"async\" alt=\"cropped-cropped-C3pm2r6WEAATJ5x.jpg_large-2-1\" border=\"0\" height=\"166\" src=\"https:\/\/villagebim.typepad.com\/.a\/6a015391e15a28970b01b8d28e5f12970c-pi\" style=\"background-image: none;padding-top: 0px;padding-left: 0px;padding-right: 0px;border: 0px\" title=\"cropped-cropped-C3pm2r6WEAATJ5x.jpg_large-2-1\" width=\"529\" \/><\/a><\/p>\n","protected":false},"excerpt":{"rendered":"<p>L\u2019\u00e9quipe du PRUG est heureuse de tenir sa 10\u00e8me rencontre dans la r\u00e9gion Lyonnaise (Villeurbanne) le 27 Juin prochain. Pour cette occasion, le PRUG devient le \u00ab Province Revit User Group \u00bb (merci Daniel). Nous y serons accueillis par nos partenaires APLICIT et la FFB, sans oublier PNY que nous remercions chaleureusement pour son soutien. [&hellip;]<\/p>\n","protected":false},"author":0,"featured_media":2472,"menu_order":0,"comment_status":"open","ping_status":"closed","sticky":false,"template":"","format":"standard","meta":{"_acf_changed":false,"inline_featured_image":false,"footnotes":""},"categories":[25,15,5,26,27,17,76,6],"tags":[207,21],"class_list":["post-641","post","type-post","status-publish","format-standard","has-post-thumbnail","hentry","category-architecture","category-autodesk-revit","category-bim","category-conception","category-construction","category-nouveautes","category-partenaires","category-trucs-et-astuces","tag-prug","tag-revit","dhig-theme--light"],"acf":[],"_links":{"self":[{"href":"https:\/\/blogs.autodesk.com\/villagebim\/wp-json\/wp\/v2\/posts\/641","targetHints":{"allow":["GET"]}}],"collection":[{"href":"https:\/\/blogs.autodesk.com\/villagebim\/wp-json\/wp\/v2\/posts"}],"about":[{"href":"https:\/\/blogs.autodesk.com\/villagebim\/wp-json\/wp\/v2\/types\/post"}],"replies":[{"embeddable":true,"href":"https:\/\/blogs.autodesk.com\/villagebim\/wp-json\/wp\/v2\/comments?post=641"}],"version-history":[{"count":0,"href":"https:\/\/blogs.autodesk.com\/villagebim\/wp-json\/wp\/v2\/posts\/641\/revisions"}],"wp:featuredmedia":[{"embeddable":true,"href":"https:\/\/blogs.autodesk.com\/villagebim\/wp-json\/wp\/v2\/media\/2472"}],"wp:attachment":[{"href":"https:\/\/blogs.autodesk.com\/villagebim\/wp-json\/wp\/v2\/media?parent=641"}],"wp:term":[{"taxonomy":"category","embeddable":true,"href":"https:\/\/blogs.autodesk.com\/villagebim\/wp-json\/wp\/v2\/categories?post=641"},{"taxonomy":"post_tag","embeddable":true,"href":"https:\/\/blogs.autodesk.com\/villagebim\/wp-json\/wp\/v2\/tags?post=641"}],"curies":[{"name":"wp","href":"https:\/\/api.w.org\/{rel}","templated":true}]}}