{"id":93,"date":"2020-04-08T19:00:00","date_gmt":"2020-04-08T17:00:00","guid":{"rendered":"https:\/\/blogs.autodesk.com\/villagebim\/2020\/04\/nouveaute-autodesk-revit-2021-est-dans-les-bacs.html"},"modified":"2021-02-04T20:07:26","modified_gmt":"2021-02-04T18:07:26","slug":"nouveaute-autodesk-revit-2021-est-dans-les-bacs","status":"publish","type":"post","link":"https:\/\/blogs.autodesk.com\/villagebim\/2020\/04\/nouveaute-autodesk-revit-2021-est-dans-les-bacs.html","title":{"rendered":"[Nouveaut\u00e9] Autodesk Revit 2021 est dans les bacs"},"content":{"rendered":"<p><a href=\"https:\/\/villagebim.typepad.com\/.a\/6a015391e15a28970b025d9b43f21a200c-pi\"><img loading=\"lazy\" decoding=\"async\" alt=\"clip_image002\" border=\"0\" height=\"264\" src=\"https:\/\/villagebim.typepad.com\/.a\/6a015391e15a28970b0240a51e0d26200b-pi\" style=\"background-image: none;margin-left: auto;margin-right: auto\" title=\"clip_image002\" width=\"454\" \/><\/a><\/p>\n<p>&#160;&#160;&#160;&#160;Chaque ann\u00e9e, c\u2019est la p\u00e9riode que les utilisateurs\/ fans attendent avec impatience : l\u2019arriv\u00e9e du printemps et la sortie de la nouvelle version de Revit.<s><\/s><\/p>\n<p style=\"text-align: justify\">&#160;&#160;&#160;&#160;Cette ann\u00e9e, les nouveaut\u00e9s autour de Revit 2021 s\u2019articulent en quatre parties :<\/p>\n<ul style=\"text-align: justify\">\n<li>Plateforme<\/li>\n<li>Architecture<\/li>\n<li>Structure<\/li>\n<li>MEP<\/li>\n<\/ul>\n<p style=\"text-align: justify\">&#160;&#160;&#160;&#160;Voici ci-dessous dans les grandes lignes nouveaut\u00e9s et am\u00e9liorations apport\u00e9es par Revit 2021:<\/p>\n<p style=\"text-align: justify\"><u>Nota :<\/u> dans les prochains jours, je consacrerai des articles plus d\u00e9taill\u00e9s pour certaines nouveaut\u00e9s.<\/p>\n<p style=\"text-align: justify\"><u>Nota bis :<\/u> Autodesk Revit 2021 inclut \u00e9galement toutes les nouvelles fonctionnalit\u00e9s et am\u00e9liorations apport\u00e9es par les versions Revit 2020.1 et 2020.2<\/p>\n<p style=\"text-align: justify\"><strong><u>1- La plateforme :<\/u><\/strong><\/p>\n<p style=\"text-align: justify\"><u>1.1 Liens PDF et images :<\/u><\/p>\n<p style=\"text-align: justify\">&#160;&#160;&#160;&#160;Il est maintenant possible de lier des fichiers au format PDF et des images dans votre projet Revit. Pour cela, des onglets \u00ab <strong><em>PDF<\/em><\/strong> \u00bb et \u00ab <strong><em>Images<\/em><\/strong> \u00bb sont disponibles dans la fen\u00eatre \u00ab <strong><em>Gestion des liens<\/em><\/strong> \u00bb, vous permettant de charger vos documents \u00e0 partir de votre disque dur ou du cloud. Cette fonctionnalit\u00e9 inclut :<\/p>\n<ul>\n<li>S\u00e9lection de plusieurs lignes pour recharger ou supprimer des liens<\/li>\n<li>Conversion des liens import\u00e9s selon vos besoins<\/li>\n<li>Le bouton \u00ab <strong><em>Afficher<\/em><\/strong> \u00bb pour rechercher un PDF ou une image dans un projet<\/li>\n<\/ul>\n<p><a class=\"asset-img-link\" href=\"https:\/\/villagebim.typepad.com\/.a\/6a015391e15a28970b0240a4f9a0a2200d-popup\"><img loading=\"lazy\" decoding=\"async\" alt=\"Efface\" class=\"asset  asset-image at-xid-6a015391e15a28970b0240a4f9a0a2200d img-responsive\" height=\"368\" src=\"https:\/\/villagebim.typepad.com\/.a\/6a015391e15a28970b0240a4f9a0a2200d-500wi\" style=\"margin-left: auto;margin-right: auto\" title=\"Efface\" width=\"450\" \/><\/a><\/p>\n<p style=\"text-align: justify\"><u>1.2 Plateforme BIM 360 &#8211; Serveur Europ\u00e9en :<\/u><\/p>\n<p style=\"text-align: justify\">&#160;&#160;&#160;&#160;Les mod\u00e8les cloud peuvent \u00eatre h\u00e9berg\u00e9s sur un centre de donn\u00e9es europ\u00e9en. Cela s&#039;applique aux mod\u00e8les de cloud partag\u00e9s (en utilisant Revit Cloud Worksharing) et aux mod\u00e8les de cloud non partag\u00e9s (en utilisant Cloud Models for Revit).<\/p>\n<p style=\"text-align: justify\"><u>Nota important :<\/u> le choix de l\u2019h\u00e9bergement des donn\u00e9es se r\u00e9alise lors de l\u2019activation du compte BIM 360<\/p>\n<p><a href=\"https:\/\/villagebim.typepad.com\/.a\/6a015391e15a28970b0240a51e0d32200b-pi\"><img loading=\"lazy\" decoding=\"async\" alt=\"clip_image006\" border=\"0\" height=\"261\" src=\"https:\/\/villagebim.typepad.com\/.a\/6a015391e15a28970b025d9b43f21e200c-pi\" style=\"background-image: none;margin-left: auto;margin-right: auto\" title=\"clip_image006\" width=\"454\" \/><\/a><\/p>\n<p style=\"text-align: justify\"><u>1.3 Ecran d\u2019accueil Revit &#8211; Exploration des projets BIM 360 :<\/u><\/p>\n<p style=\"text-align: justify\">&#160;&#160;&#160;&#160;L\u2019\u00e9cran d\u2019accueil de Revit propose une nouvelle exp\u00e9rience de navigation pour les projets stock\u00e9s sur BIM 360 :<\/p>\n<ul>\n<li>Diff\u00e9rencier rapidement les mod\u00e8les r\u00e9cemment ouverts et h\u00e9berg\u00e9s dans le cloud<\/li>\n<li>Recherche parmi une liste de projets<\/li>\n<li>Acc\u00e9der directement \u00e0 BIM 360 \u00e0 l\u2019aide du bouton \u00ab <strong><em>Aller \u00e0<\/em><\/strong> <strong><em>BIM<\/em><\/strong> <strong><em>360<\/em><\/strong> \u00bb<\/li>\n<li>Acc\u00e9der facilement \u00e0 l&#039;aide en ligne<\/li>\n<\/ul>\n<p><a class=\"asset-img-link\" href=\"https:\/\/villagebim.typepad.com\/.a\/6a015391e15a28970b025d9b445591200c-popup\"><img loading=\"lazy\" decoding=\"async\" alt=\"Efface\" class=\"asset  asset-image at-xid-6a015391e15a28970b025d9b445591200c img-responsive\" height=\"400\" src=\"https:\/\/villagebim.typepad.com\/.a\/6a015391e15a28970b025d9b445591200c-500wi\" style=\"margin-left: auto;margin-right: auto\" title=\"Efface\" width=\"450\" \/><\/a><\/p>\n<p style=\"text-align: justify\"><u>1.4 Personnalisation de l\u2019interface :<\/u><\/p>\n<p style=\"text-align: justify\">&#160;&#160;&#160;&#160;Cette nouvelle version permet d\u2019organiser son interface en fonction de sa discipline et de son m\u00e9tier.<\/p>\n<p style=\"text-align: justify\">&#160;&#160;&#160;&#160;Elle propose une interface utilisateur personnalis\u00e9e qui masque les onglets du ruban non utilis\u00e9s.<\/p>\n<p><a class=\"asset-img-link\" href=\"https:\/\/villagebim.typepad.com\/.a\/6a015391e15a28970b0240a4f9c185200d-popup\"><img loading=\"lazy\" decoding=\"async\" alt=\"Efface\" class=\"asset  asset-image at-xid-6a015391e15a28970b0240a4f9c185200d img-responsive\" height=\"185\" src=\"https:\/\/villagebim.typepad.com\/.a\/6a015391e15a28970b0240a4f9c185200d-500wi\" style=\"margin-left: auto;margin-right: auto\" title=\"Efface\" width=\"445\" \/><\/a><\/p>\n<p style=\"text-align: justify\"><u>1.5 Affichage des tableaux de nomenclatures :<\/u><\/p>\n<p style=\"text-align: justify\">&#160;&#160;&#160;&#160;Dans la continuit\u00e9 des versions pr\u00e9c\u00e9dentes, Revit apporte des fonctionnalit\u00e9s suppl\u00e9mentaires aux nomenclatures. Il est possible maintenant de diff\u00e9rencier les lignes paires des lignes impaires \u00e0 l\u2019aide de codes couleur personnalisables afin de les rendre plus lisibles dans une longue liste.<\/p>\n<p><a class=\"asset-img-link\" href=\"https:\/\/villagebim.typepad.com\/.a\/6a015391e15a28970b0240a4f9a0f5200d-popup\"><img loading=\"lazy\" decoding=\"async\" alt=\"Efface\" class=\"asset  asset-image at-xid-6a015391e15a28970b0240a4f9a0f5200d img-responsive\" height=\"266\" src=\"https:\/\/villagebim.typepad.com\/.a\/6a015391e15a28970b0240a4f9a0f5200d-500wi\" style=\"margin-left: auto;margin-right: auto\" title=\"Efface\" width=\"449\" \/><\/a><\/p>\n<p style=\"text-align: justify\"><u>1.6 Nouvelle discipline \u00ab <strong><em>Infrastructure<\/em><\/strong> \u00bb et nouvelles cat\u00e9gories \u00ab <strong><em>Pont<\/em><\/strong> \u00bb :<\/u><\/p>\n<p style=\"text-align: justify\">&#160;&#160;&#160;&#160;Depuis les versions 2020, les logiciels InfraWorks et Revit avait initi\u00e9 une premi\u00e8re collaboration dans la capacit\u00e9 d\u2019exporter des ouvrages d\u2019art comme les ponts. Revit 2021 se voit renforcer en ce sens car elle int\u00e8gre d\u00e9sormais une nouvelle discipline \u00ab <strong><em>Infrastructure<\/em><\/strong> \u00bb et de nouvelles cat\u00e9gories et sous-cat\u00e9gories \u00ab <strong><em>Pont<\/em><\/strong> \u00bb. Cela donne maintenant acc\u00e8s \u00e0 :<\/p>\n<ul>\n<li>26 sous-cat\u00e9gories pour les \u00e9l\u00e9ments mod\u00e8les<\/li>\n<li>20 sous-cat\u00e9gories pour les \u00e9l\u00e9ments d&#039;annotation<\/li>\n<\/ul>\n<p style=\"text-align: justify\">Ces nouvelles cat\u00e9gories sont disponibles pour g\u00e9rer :<\/p>\n<ul>\n<li>Visibilit\u00e9\/suppression des \u00e9l\u00e9ments graphiques<\/li>\n<li>Styles d&#039;objets<\/li>\n<li>Etiquettes et nomenclatures<\/li>\n<\/ul>\n<p><a class=\"asset-img-link\" href=\"https:\/\/villagebim.typepad.com\/.a\/6a015391e15a28970b0240a4f9a196200d-popup\"><img loading=\"lazy\" decoding=\"async\" alt=\"Efface\" class=\"asset  asset-image at-xid-6a015391e15a28970b0240a4f9a196200d img-responsive\" height=\"155\" src=\"https:\/\/villagebim.typepad.com\/.a\/6a015391e15a28970b0240a4f9a196200d-500wi\" style=\"margin-left: auto;margin-right: auto\" title=\"Efface\" width=\"448\" \/><\/a><\/p>\n<p style=\"text-align: justify\"><u>Nota important :<\/u> cette cat\u00e9gorie a \u00e9t\u00e9 ajout\u00e9e pour am\u00e9liorer le workflow InfraWorks \/ Revit. La cr\u00e9ation de nouvelles familles de mod\u00e8les Revit bas\u00e9es sur ces cat\u00e9gories n&#039;est donc pas prise en charge (les familles d&#039;annotation sont prises en charge).<\/p>\n<p style=\"text-align: justify\"><u>1.7 Nouvelle version de Dynamo For Revit :<\/u><\/p>\n<p style=\"text-align: justify\">&#160;&#160;&#160;&#160;Une fois Revit 2021 install\u00e9, pour ceux qui utilisent Dynamo For Revit, vous d\u00e9couvrirez la nouvelle version 2.5.<\/p>\n<p><a href=\"https:\/\/villagebim.typepad.com\/.a\/6a015391e15a28970b025d9b43f234200c-pi\"><img loading=\"lazy\" decoding=\"async\" alt=\"clip_image015\" border=\"0\" height=\"298\" src=\"https:\/\/villagebim.typepad.com\/.a\/6a015391e15a28970b025d9b43f238200c-pi\" style=\"background-image: none;margin-left: auto;margin-right: auto\" title=\"clip_image015\" width=\"454\" \/><\/a><\/p>\n<p style=\"text-align: justify\"><span style=\"text-decoration: underline\">Voici quelques nouveaut\u00e9s<\/span> :<\/p>\n<ul>\n<li>Recherche automatique des paquets n\u00e9cessaires :<\/li>\n<\/ul>\n<p><a href=\"https:\/\/villagebim.typepad.com\/.a\/6a015391e15a28970b0240a4f95656200d-pi\"><img loading=\"lazy\" decoding=\"async\" alt=\"clip_image017\" border=\"0\" height=\"318\" src=\"https:\/\/villagebim.typepad.com\/.a\/6a015391e15a28970b0240a4f9565a200d-pi\" style=\"background-image: none;margin-left: auto;margin-right: auto\" title=\"clip_image017\" width=\"376\" \/><\/a><\/p>\n<ul>\n<li>Filtrage en fonction des applications externes :<\/li>\n<\/ul>\n<p><a href=\"https:\/\/villagebim.typepad.com\/.a\/6a015391e15a28970b0240a4f9565e200d-pi\"><img loading=\"lazy\" decoding=\"async\" alt=\"clip_image019\" border=\"0\" height=\"195\" src=\"https:\/\/villagebim.typepad.com\/.a\/6a015391e15a28970b025d9b43f23c200c-pi\" style=\"background-image: none;margin-left: auto;margin-right: auto\" title=\"clip_image019\" width=\"454\" \/><\/a><\/p>\n<ul>\n<li>Am\u00e9liorations significatives en terme de performances et de gestion de la m\u00e9moire<\/li>\n<\/ul>\n<p style=\"text-align: justify\"><u>1.8 Dynamo For Revit, de nouveaux n\u0153uds sont disponibles :<\/u><\/p>\n<p style=\"text-align: justify\">&#160;&#160;&#160;&#160;Dynamo For Revit 2.5 propose :<\/p>\n<ul>\n<li>10 nouveaux n\u0153uds sugg\u00e9r\u00e9s par la communaut\u00e9<\/li>\n<li>Mise \u00e0 jour de fonctions d&#039;assemblage g\u00e9om\u00e9trique<\/li>\n<li>D\u00e9finir le verrouillage \/ d\u00e9verrouillage d\u2019\u00e9l\u00e9ments et connaitre leurs statuts<\/li>\n<li>Obtenir des num\u00e9ros d\u2019\u00e9l\u00e9ments h\u00e9berg\u00e9s<\/li>\n<\/ul>\n<p><a href=\"https:\/\/villagebim.typepad.com\/.a\/6a015391e15a28970b025d9b43f240200c-pi\"><img loading=\"lazy\" decoding=\"async\" alt=\"clip_image020\" border=\"0\" height=\"327\" src=\"https:\/\/villagebim.typepad.com\/.a\/6a015391e15a28970b025d9b43f244200c-pi\" style=\"background-image: none;margin-left: auto;margin-right: auto\" title=\"clip_image020\" width=\"454\" \/><\/a><\/p>\n<p style=\"text-align: justify\"><u>1.9 Activer les filtres de vue dans la fen\u00eatre \u00ab <strong><em>Remplacements Visibilit\u00e9 \/ Graphisme<\/em><\/strong> \u00bb :<\/u><\/p>\n<p style=\"text-align: justify\">&#160;&#160;&#160;&#160;Dans la fen\u00eatre \u00ab <strong><em>Remplacements Visibilit\u00e9 \/ Graphisme<\/em><\/strong> \u00bb, une nouvelle colonne \u00ab <strong><em>Activer le filtre<\/em><\/strong> \u00bb a \u00e9t\u00e9 ajout\u00e9e permettant de :<\/p>\n<ul>\n<li>D\u00e9sactiver rapidement un filtre de vue sans avoir \u00e0 le retirer de la vue<\/li>\n<li>Continuer \u00e0 voir les \u00e9l\u00e9ments qui correspondent aux crit\u00e8res du filtre<\/li>\n<\/ul>\n<p><a class=\"asset-img-link\" href=\"https:\/\/villagebim.typepad.com\/.a\/6a015391e15a28970b0240a51e62b9200b-popup\"><img decoding=\"async\" alt=\"Efface\" class=\"asset  asset-image at-xid-6a015391e15a28970b0240a51e62b9200b img-responsive\" src=\"https:\/\/villagebim.typepad.com\/.a\/6a015391e15a28970b0240a51e62b9200b-500wi\" style=\"margin-left: auto;margin-right: auto\" title=\"Efface\" \/><\/a><\/p>\n<p style=\"text-align: justify\"><u>Nota :<\/u> lorsqu&#039;un nouveau filtre de vue est appliqu\u00e9 \u00e0 la vue, il sera coch\u00e9 par d\u00e9faut.<\/p>\n<p style=\"text-align: justify\"><u>1.10 Rotation d\u2019\u00e9tiquette :<\/u><\/p>\n<p style=\"text-align: justify\">&#160;&#160;&#160;&#160;Cette nouvelle version vient am\u00e9liorer le comportement des \u00e9tiquettes d\u2019objets inclin\u00e9s. Apr\u00e8s avoir activ\u00e9 le param\u00e8tre \u00ab <strong><em>Rotation<\/em><\/strong> <strong><em>de composant<\/em><\/strong> \u00bb dans l&#039;\u00e9diteur Famille de l\u2019objet, l\u2019\u00e9tiquette suivra l\u2019orientation de son h\u00f4te.<\/p>\n<p><a href=\"https:\/\/villagebim.typepad.com\/.a\/6a015391e15a28970b0240a4f95666200d-pi\"><img loading=\"lazy\" decoding=\"async\" alt=\"clip_image022\" border=\"0\" height=\"411\" src=\"https:\/\/villagebim.typepad.com\/.a\/6a015391e15a28970b0240a4f9566a200d-pi\" style=\"background-image: none;margin-left: auto;margin-right: auto\" title=\"clip_image022\" width=\"454\" \/><\/a><\/p>\n<p style=\"text-align: justify\"><u>1.11 &quot;Coupe la g\u00e9om\u00e9trie&quot; &#8211; Param\u00e8tres de type et d&#039;instance de g\u00e9om\u00e9trie de famille:<\/u><\/p>\n<p style=\"text-align: justify\">&#160;&#160;&#160;&#160;La \u00ab coupe la g\u00e9om\u00e9trie \u00bb peut \u00eatre appliqu\u00e9e \u00e0 la g\u00e9om\u00e9trie de famille en utilisant les param\u00e8tres de type et d&#039;instance.<\/p>\n<p><a class=\"asset-img-link\" href=\"https:\/\/villagebim.typepad.com\/.a\/6a015391e15a28970b0240a4f9a1f3200d-popup\"><img loading=\"lazy\" decoding=\"async\" alt=\"Efface\" class=\"asset  asset-image at-xid-6a015391e15a28970b0240a4f9a1f3200d img-responsive\" height=\"159\" src=\"https:\/\/villagebim.typepad.com\/.a\/6a015391e15a28970b0240a4f9a1f3200d-500wi\" style=\"margin-left: auto;margin-right: auto\" title=\"Efface\" width=\"449\" \/><\/a><\/p>\n<p style=\"text-align: justify\"><u>1.12 Divers :<\/u><\/p>\n<ul>\n<li>Les styles de lignes Revit &quot;cod\u00e9s en dur&quot; sont d\u00e9sormais syst\u00e9matiquement mis entre crochets et apparaissent en bas de la liste<\/li>\n<\/ul>\n<p><a class=\"asset-img-link\" href=\"https:\/\/villagebim.typepad.com\/.a\/6a015391e15a28970b0240a51e62f9200b-popup\"><img loading=\"lazy\" decoding=\"async\" alt=\"Efface\" class=\"asset  asset-image at-xid-6a015391e15a28970b0240a51e62f9200b img-responsive\" height=\"462\" src=\"https:\/\/villagebim.typepad.com\/.a\/6a015391e15a28970b0240a51e62f9200b-500wi\" style=\"margin-left: auto;margin-right: auto\" title=\"Efface\" width=\"450\" \/><\/a><\/p>\n<ul>\n<li>Obtenir du contenu additionnel \u00e0 Revit 2021 : icone disponible dans l\u2019onglet \u00ab <strong><em>Ins\u00e9rer<\/em><\/strong> \u00bb<\/li>\n<\/ul>\n<p><a class=\"asset-img-link\" href=\"https:\/\/villagebim.typepad.com\/.a\/6a015391e15a28970b025d9b4456ec200c-popup\"><img loading=\"lazy\" decoding=\"async\" alt=\"Efface\" class=\"asset  asset-image at-xid-6a015391e15a28970b025d9b4456ec200c img-responsive\" height=\"134\" src=\"https:\/\/villagebim.typepad.com\/.a\/6a015391e15a28970b025d9b4456ec200c-500wi\" style=\"margin-left: auto;margin-right: auto\" title=\"Efface\" width=\"448\" \/><\/a><span style=\"text-decoration: underline\">Nota :<\/span> \u00e0 l&#039;heure o\u00f9 j&#039;\u00e9cris ce billet, lorsque vous cliquez sur l&#039;ic\u00f4ne, vous n&#039;\u00eates pas dirig\u00e9 vers le bon endroit.&#160; En attendant la correction, voici le bon <a href=\"https:\/\/knowledge.autodesk.com\/fr\/support\/revit-products\/downloads\/caas\/downloads\/downloads\/FRA\/content\/autodesk-revit-2021-content.html\">lien<\/a>.<\/p>\n<ul>\n<li>Soleil et ombres :<\/li>\n<\/ul>\n<p style=\"text-align: justify\">&#160; &#160; &#160; &#160; &#160; &#160;o Am\u00e9lioration de la pr\u00e9cision des ombres<\/p>\n<p style=\"text-align: justify\">&#160; &#160; &#160; &#160; &#160; &#160;o Les heures de lever et de coucher du soleil sont d\u00e9sormais mises \u00e0 jour avec le lieu du projet<\/p>\n<p style=\"text-align: justify\">&#160;<\/p>\n<p style=\"text-align: justify\"><strong><u>2- Partie Architecture :<\/u><\/strong><\/p>\n<p style=\"text-align: justify\"><u>2.1 Generative Design :<\/u><\/p>\n<p style=\"text-align: justify\">&#160;&#160;&#160;&#160;Le \u00ab <u>Generative Design \u00bb <\/u>est un processus visant \u00e0 g\u00e9n\u00e9rer et \u00e0 \u00e9valuer rapidement des alternatives de conceptions optimis\u00e9es. Vous trouvez sur notre blog <a href=\"https:\/\/villagebim.typepad.com\/villagebim\/2019\/01\/decouvrir-le-generative-design-une-nouvelle-phase-chez-autodesk.html\">le concept<\/a> ainsi qu\u2019un <a href=\"https:\/\/villagebim.typepad.com\/villagebim\/2019\/10\/comprendre-generative-design-un-exemple.html\">exemple<\/a> de cette nouvelle technologie.<\/p>\n<p style=\"text-align: justify\">&#160;&#160;&#160;&#160;Jusqu&#039;\u00e0 pr\u00e9sent, de nombreux outils de conception g\u00e9n\u00e9rative \u00e9taient difficiles \u00e0 utiliser car ils exigeaient de savoir programmer, de comprendre un langage particulier ou de savoir comment fonctionnent les algorithmes g\u00e9n\u00e9tiques.<\/p>\n<p style=\"text-align: justify\">&#160;&#160;&#160;&#160;D\u00e9sormais, avec Autodesk Revit 2021, vous pouvez utiliser le \u00ab <u>Generative Design \u00bb <\/u> pour g\u00e9n\u00e9rer rapidement des alternatives de conception en fonction de vos objectifs, contraintes et entr\u00e9s. Une fois le calcul r\u00e9alis\u00e9, un ensemble de solutions est pr\u00e9sent\u00e9 r\u00e9pondant aux crit\u00e8res initiaux.<\/p>\n<p style=\"text-align: justify\">&#160;&#160;&#160;&#160;Ci-dessous, un exemple d\u2019utilisation du \u00ab Generative Design \u00bb dans Revit 2021, avec des suggestions relatives \u00e0 l\u2019organisation d\u2019un ensemble de bureau.<\/p>\n<p><img loading=\"lazy\" decoding=\"async\" alt=\"clip_image028\" border=\"0\" height=\"255\" src=\"https:\/\/villagebim.typepad.com\/.a\/6a015391e15a28970b0240a51e0d43200b-pi\" style=\"background-image: none;margin-left: auto;margin-right: auto\" title=\"clip_image028\" width=\"454\" \/><span style=\"text-decoration: underline\">Nota :<\/span> L&#039;acc\u00e8s \u00e0 Generative Design dans Revit est automatiquement inclus avec votre abonnement \u00e0 la collection AEC et peut \u00eatre attribu\u00e9 \u00e0 partir de l&#039;onglet Gestion des utilisateurs.<\/p>\n<p style=\"text-align: justify\"><u>2.2 Points de vue r\u00e9alistes en temps r\u00e9el:<\/u><\/p>\n<p style=\"text-align: justify\">&#160;&#160;&#160;&#160;L\u00e0 encore, Revit am\u00e9liore ses performances de rendus r\u00e9alistes. En voici un aper\u00e7u :<\/p>\n<ul>\n<li>Performances accrues (jusqu\u2019\u00e0 x10)<\/li>\n<li>Navigation plus rapide et plus fluide<\/li>\n<li>Prise en charge des mat\u00e9riaux et de l\u2019\u00e9clairage plus pr\u00e9cis<\/li>\n<li>Contr\u00f4le automatique de l&#039;exposition \u00e0 la lumi\u00e8re<\/li>\n<\/ul>\n<p><a href=\"https:\/\/villagebim.typepad.com\/.a\/6a015391e15a28970b0240a4f95682200d-pi\"><img loading=\"lazy\" decoding=\"async\" alt=\"clip_image030\" border=\"0\" height=\"370\" src=\"https:\/\/villagebim.typepad.com\/.a\/6a015391e15a28970b025d9b43f254200c-pi\" style=\"background-image: none;margin-left: auto;margin-right: auto\" title=\"clip_image030\" width=\"454\" \/><\/a><\/p>\n<p style=\"text-align: justify\"><u>Nota :<\/u> ce mode remplace le mode r\u00e9aliste pr\u00e9c\u00e9dent<\/p>\n<p style=\"text-align: justify\"><u>2.3 Murs inclin\u00e9s :<\/u><\/p>\n<p style=\"text-align: justify\">&#160;&#160;&#160;&#160;Vous pouvez d\u00e9sormais incliner les murs lors de leur cr\u00e9ation en s\u00e9lectionnant l\u2019option \u00ab <em>Inclin\u00e9e<\/em> \u00bb du nouveau param\u00e8tre &quot;<strong><em>Section<\/em><\/strong>&quot; dans la palette \u00ab <strong><em>Propri\u00e9t\u00e9s<\/em><\/strong> \u00bb. A posteriori, vous pouvez \u00e9galement utiliser les poign\u00e9es d&#039;\u00e9dition situ\u00e9es en haut d&#039;un mur pour en r\u00e9gler la hauteur ou l&#039;angle.<\/p>\n<p style=\"text-align: justify\">&#160;&#160;&#160;&#160;Les fen\u00eatres et les portes h\u00e9berg\u00e9es dans des murs inclin\u00e9s afficheront un param\u00e8tre suppl\u00e9mentaire d&#039;instance d&#039;orientation dans la section \u00ab <strong><em>Contraintes<\/em><\/strong> \u00bb de la palette de propri\u00e9t\u00e9s, afin de faire correspondre l&#039;\u00e9l\u00e9ment h\u00e9berg\u00e9 au fruit du mur.<\/p>\n<p><a class=\"asset-img-link\" href=\"https:\/\/villagebim.typepad.com\/.a\/6a015391e15a28970b025d9b445718200c-popup\"><img loading=\"lazy\" decoding=\"async\" alt=\"Efface\" class=\"asset  asset-image at-xid-6a015391e15a28970b025d9b445718200c img-responsive\" height=\"277\" src=\"https:\/\/villagebim.typepad.com\/.a\/6a015391e15a28970b025d9b445718200c-500wi\" style=\"margin-left: auto;margin-right: auto\" title=\"Efface\" width=\"450\" \/><\/a><\/p>\n<p style=\"text-align: justify\"><u>Nota :<\/u> vous pouvez \u00e9galement cr\u00e9er des murs inclin\u00e9s \u00e0 partir de murs cintr\u00e9s \/ elliptiques en plan.<\/p>\n<p style=\"text-align: justify\"><u>2.4 Liaison entre les logiciels Autodesk Inventor et Autodesk Revit :<\/u><\/p>\n<p style=\"text-align: justify\">&#160;&#160;&#160;&#160;Le logiciel <a href=\"https:\/\/www.autodesk.fr\/collections\/product-design-manufacturing\/create?mktvar002=1086050&amp;gclsrc=aw.ds&amp;&amp;mkwid=syVtr8YTX|pcrid|358075932879|pkw|autodesk%20inventor|pmt|e|pdv|c|slid||pgrid|66920624146|ptaid|kwd-297639770636|&amp;intent=&amp;utm_medium=cpc&amp;utm_source=google&amp;utm_campaign=GGL_OnePath_D%26M_Inventor_FR_BR_SEM&amp;utm_term=autodesk%20inventor&amp;utm_content=syVtr8YTX|pcrid|358075932879|pkw|autodesk%20inventor|pmt|e|pdv|c|slid||pgrid|66920624146|ptaid|kwd-297639770636|&amp;gclid=Cj0KCQjwybD0BRDyARIsACyS8mtn0AgbAlU7e7SngZJseN2iQ2TbCp_yn7IeZn6jHFqQFMWxjiXt2rwaApnyEALw_wcB\">Inventor 2021<\/a> \u00e9tend les fonctionnalit\u00e9s d\u2019AnyCAD vers Revit afin d&#039;aider les fabricants du secteur de la construction \u00e0 collaborer et \u00e0 se coordonner sur des projets BIM.<\/p>\n<p style=\"text-align: justify\">&#160;&#160;&#160;&#160;L&#039;interop\u00e9rabilit\u00e9 entre Revit et Inventor est renforc\u00e9e par un lien permettant de mettre \u00e0 jour les donn\u00e9es au fur et \u00e0 mesure de l\u2019avancement (localement ou via le cloud). De cette fa\u00e7on, toutes modifications apport\u00e9es au projet Revit seront \u00e9galement mises \u00e0 jour dans Inventor, et cela sans traduction de fichier.<\/p>\n<p><a href=\"https:\/\/villagebim.typepad.com\/.a\/6a015391e15a28970b0240a51e0d4b200b-pi\"><img loading=\"lazy\" decoding=\"async\" alt=\"clip_image034\" border=\"0\" height=\"180\" src=\"https:\/\/villagebim.typepad.com\/.a\/6a015391e15a28970b025d9b43f25c200c-pi\" style=\"background-image: none;margin-left: auto;margin-right: auto\" title=\"clip_image034\" width=\"454\" \/><\/a><\/p>\n<p style=\"text-align: justify\"><strong><u>3 Partie Structure :<\/u><\/strong><\/p>\n<p style=\"text-align: justify\"><u>3.1 Nouvelles formes de ferraillage 3D standard :<\/u><\/p>\n<p style=\"text-align: justify\">&#160;&#160;&#160;&#160;Les \u00e9carteurs sont n\u00e9cessaires pour le support des nappes sup\u00e9rieures de ferraillage, tels que les semelles et les dalles.<\/p>\n<p style=\"text-align: justify\">&#160;&#160;&#160;&#160;D\u00e9sormais, Revit 2021 permet de d\u00e9finir des \u00e9carteurs en faisant tourner les crochets d\u2019extr\u00e9mit\u00e9s des barres et en entrant directement les longueurs de ceux-ci pour chaque partie.<\/p>\n<p><a href=\"https:\/\/villagebim.typepad.com\/.a\/6a015391e15a28970b0240a4f9568c200d-pi\"><img loading=\"lazy\" decoding=\"async\" alt=\"clip_image036\" border=\"0\" height=\"338\" src=\"https:\/\/villagebim.typepad.com\/.a\/6a015391e15a28970b0240a4f95690200d-pi\" style=\"background-image: none;margin-left: auto;margin-right: auto\" title=\"clip_image036\" width=\"454\" \/><\/a><\/p>\n<p style=\"text-align: justify\"><u>3.2 Coupleurs d\u2019armature :<\/u><\/p>\n<p style=\"text-align: justify\">&#160;&#160;&#160;&#160;Vous pouvez d\u00e9sormais utiliser des coupleurs d&#039;armature pour relier des barres courbes dans des structures circulaires en b\u00e9ton (murs courbes, r\u00e9servoirs en b\u00e9ton, tunnels, etc).<\/p>\n<p><a href=\"https:\/\/villagebim.typepad.com\/.a\/6a015391e15a28970b0240a4f95694200d-pi\"><img loading=\"lazy\" decoding=\"async\" alt=\"clip_image038\" border=\"0\" height=\"287\" src=\"https:\/\/villagebim.typepad.com\/.a\/6a015391e15a28970b0240a4f95698200d-pi\" style=\"background-image: none;margin-left: auto;margin-right: auto\" title=\"clip_image038\" width=\"454\" \/><\/a><\/p>\n<p style=\"text-align: justify\"><u>3.3 Comportement des coupleurs d\u2019armature :<\/u><\/p>\n<p style=\"text-align: justify\">&#160;&#160;&#160;&#160;Vous pouvez param\u00e9trer le comportement d&#039;extr\u00e9mit\u00e9 de tout type de barre d&#039;armature sans avoir besoin d&#039;un coupleur de barre d&#039;armature.<\/p>\n<p><a class=\"asset-img-link\" href=\"https:\/\/villagebim.typepad.com\/.a\/6a015391e15a28970b025d9b445734200c-popup\"><img decoding=\"async\" alt=\"Efface\" class=\"asset  asset-image at-xid-6a015391e15a28970b025d9b445734200c img-responsive\" src=\"https:\/\/villagebim.typepad.com\/.a\/6a015391e15a28970b025d9b445734200c-500wi\" style=\"margin-left: auto;margin-right: auto\" title=\"Efface\" \/><\/a><\/p>\n<p style=\"text-align: justify\"><u>3.4 Visualisation des treillis en solide 3D :<\/u><\/p>\n<p style=\"text-align: justify\">&#160;&#160;&#160;&#160;D\u00e9sormais, vous pouvez visualiser des treillis standards et personnalis\u00e9s en vue 3D en mode \u00ab <strong><em>Afficher en tant que<\/em><\/strong> <strong><em>Solide 3D<\/em><\/strong> \u00bb ou (et) \u00ab <strong><em>Afficher clairement<\/em><\/strong> \u00bb.<\/p>\n<p><a class=\"asset-img-link\" href=\"https:\/\/villagebim.typepad.com\/.a\/6a015391e15a28970b0240a4f9a258200d-popup\"><img decoding=\"async\" alt=\"Efface\" class=\"asset  asset-image at-xid-6a015391e15a28970b0240a4f9a258200d img-responsive\" src=\"https:\/\/villagebim.typepad.com\/.a\/6a015391e15a28970b0240a4f9a258200d-500wi\" style=\"margin-left: auto;margin-right: auto\" title=\"Efface\" \/><\/a><\/p>\n<p style=\"text-align: justify\"><u>Nota :<\/u> Cette fonction est disponible dans le statut de visibilit\u00e9 dans la palette de propri\u00e9t\u00e9s lorsqu&#039;un treillis est s\u00e9lectionn\u00e9 (fonctionnement identique aux autres ferraillages).<\/p>\n<p style=\"text-align: justify\"><u>Nota bis :<\/u> La repr\u00e9sentation \u00ab&#160;<em><strong>Afficher&#160;en tant que Solide<\/strong><\/em> \u00bb \/ \u00ab <em><strong>Afficher clairement<\/strong><\/em> \u00bb sont activables par objet.<\/p>\n<p style=\"text-align: justify\"><u>3.5 Gestion des longueurs de crochet :<\/u><\/p>\n<p style=\"text-align: justify\">&#160;&#160;&#160;&#160;Vous pouvez facilement sp\u00e9cifier les longueurs de crochet pour chaque barre d&#039;armature du projet, sans avoir besoin de dupliquer le type de crochet et de modifier la longueur pour ce type.<\/p>\n<p style=\"text-align: justify\">&#160;&#160;&#160;&#160;Il suffit d\u2019activer l\u2019option &quot;<strong><em>Modifier longueur de crochet<\/em><\/strong> &quot;* dans la palette de propri\u00e9t\u00e9s.<\/p>\n<p style=\"text-align: justify\">* Le nom de la fonction est susceptible de changer car \u00e0 l\u2019heure o\u00f9 j\u2019\u00e9cris ce billet, je ne dispose pas de la version finale de Revit 2021 en fran\u00e7ais.<\/p>\n<p><a href=\"https:\/\/villagebim.typepad.com\/.a\/6a015391e15a28970b0240a51e0d57200b-pi\"><img loading=\"lazy\" decoding=\"async\" alt=\"clip_image043\" border=\"0\" height=\"371\" src=\"https:\/\/villagebim.typepad.com\/.a\/6a015391e15a28970b025d9b43f269200c-pi\" style=\"background-image: none;margin-left: auto;margin-right: auto\" title=\"clip_image043\" width=\"454\" \/><\/a><\/p>\n<p style=\"text-align: justify\"><u>3.6 Nouvel onglet \u00ab <strong><em>Pr\u00e9fabrication<\/em><\/strong> \u00bb :<\/u><\/p>\n<p style=\"text-align: justify\">&#160;&#160;&#160;&#160;L&#039;extension \u00ab <em><strong>Autodesk Structural Precast for Revit<\/strong><\/em> \u00bb pr\u00e9c\u00e9demment propos\u00e9e pour Revit est d\u00e9sormais int\u00e9gr\u00e9e dans Revit 2021 sous la forme d\u2019un (nouvel) onglet, situ\u00e9 \u00e0 c\u00f4t\u00e9 de l&#039;onglet \u00ab <strong><em>Acier<\/em><\/strong> \u00bb.<\/p>\n<p style=\"text-align: justify\">&#160;&#160;&#160;&#160;Le bouton \u00ab <strong><em>Marche\/Arr\u00eat <\/em><\/strong>\u00bb de la version pr\u00e9c\u00e9dente a \u00e9t\u00e9 remplac\u00e9 par l&#039;option \u00ab <strong><em>Activer\/D\u00e9sactiver<\/em><\/strong> \u00bb. Ce changement permet d&#039;\u00e9viter la recr\u00e9ation automatique d&#039;\u00e9l\u00e9ments pr\u00e9fabriqu\u00e9s en raison de modifications effectu\u00e9es sur l\u2019ensemble pr\u00e9fabriqu\u00e9.<\/p>\n<p><a class=\"asset-img-link\" href=\"https:\/\/villagebim.typepad.com\/.a\/6a015391e15a28970b025d9b44575c200c-popup\"><img loading=\"lazy\" decoding=\"async\" alt=\"Efface\" class=\"asset  asset-image at-xid-6a015391e15a28970b025d9b44575c200c img-responsive\" height=\"146\" src=\"https:\/\/villagebim.typepad.com\/.a\/6a015391e15a28970b025d9b44575c200c-500wi\" style=\"margin-left: auto;margin-right: auto\" title=\"Efface\" width=\"448\" \/><\/a><\/p>\n<p style=\"text-align: justify\"><u>Nota :<\/u> L\u2019extension est maintenant automatiquement install\u00e9e avec Revit et est disponible dans toutes les langues prises en charge par Revit.<\/p>\n<p style=\"text-align: justify\"><u>3.7 Dynamo for Revit \u2013 Mise en place automatique des assemblages :<\/u><\/p>\n<p style=\"text-align: justify\">&#160;&#160;&#160;&#160;Apr\u00e8s installation du logiciel, de nouveaux n\u0153uds Dynamo d\u00e9di\u00e9s \u00e0 la mise en place automatique des assemblages m\u00e9talliques dans le mod\u00e8le 3D sont disponibles dans la biblioth\u00e8que.<\/p>\n<p><a href=\"https:\/\/villagebim.typepad.com\/.a\/6a015391e15a28970b0240a51e0d5b200b-pi\"><img loading=\"lazy\" decoding=\"async\" alt=\"clip_image045\" border=\"0\" height=\"478\" src=\"https:\/\/villagebim.typepad.com\/.a\/6a015391e15a28970b025d9b43f271200c-pi\" style=\"background-image: none;margin-left: auto;margin-right: auto\" title=\"clip_image045\" width=\"454\" \/><\/a><\/p>\n<p style=\"text-align: justify\"><u>3.8 Visualisation des r\u00e9sultats de l&#039;analyse structurelle :<\/u><\/p>\n<p style=\"text-align: justify\">&#160;&#160;&#160;&#160;Le plugin \u00ab <strong><em>Structural Results Manager \/<\/em><\/strong><strong><em>&#160;Results Exploration<\/em><\/strong> \u00bb est d\u00e9sormais int\u00e9gr\u00e9 \u00e0 l&#039;installation de Revit 2021.<\/p>\n<p style=\"text-align: justify\">&#160; &#160;Ces outils permettent aux ing\u00e9nieurs d&#039;explorer et de documenter les r\u00e9sultats d&#039;analyse pour mieux comprendre le comportement d&#039;une structure, prendre les d\u00e9cisions de conception appropri\u00e9es.<\/p>\n<p><a href=\"https:\/\/villagebim.typepad.com\/.a\/6a015391e15a28970b025d9b43f275200c-pi\"><img loading=\"lazy\" decoding=\"async\" alt=\"clip_image047\" border=\"0\" height=\"274\" src=\"https:\/\/villagebim.typepad.com\/.a\/6a015391e15a28970b025d9b43f279200c-pi\" style=\"background-image: none;margin-left: auto;margin-right: auto\" title=\"clip_image047\" width=\"454\" \/><\/a><\/p>\n<p style=\"text-align: justify\"><u>Nota :<\/u> les r\u00e9sultats seront disponibles dans Revit apr\u00e8s une v\u00e9rification via le logiciel Robot Structural Analysis Professional 2021.<\/p>\n<p style=\"text-align: justify\"><u>3.9 Plus de souplesse apport\u00e9e \u00e0 la modification de composants m\u00e9talliques :<\/u><\/p>\n<p style=\"text-align: justify\">&#160;&#160;&#160;&#160;Revit 2021 propose de nouvelles fonctionnalit\u00e9s pour la modification de composants ou d\u2019assemblages m\u00e9talliques, tels que :<\/p>\n<ul>\n<li>Modification de formes de platines<\/li>\n<li>Modifications des coupes simples et complexes<\/li>\n<li>Ajustement des ouvertures circulaires<\/li>\n<\/ul>\n<p><a href=\"https:\/\/villagebim.typepad.com\/.a\/6a015391e15a28970b025d9b43f27d200c-pi\"><img loading=\"lazy\" decoding=\"async\" alt=\"clip_image048\" border=\"0\" height=\"358\" src=\"https:\/\/villagebim.typepad.com\/.a\/6a015391e15a28970b025d9b43f281200c-pi\" style=\"background-image: none;margin-left: auto;margin-right: auto\" title=\"clip_image048\" width=\"454\" \/><\/a><\/p>\n<p style=\"text-align: justify\"><u>3.10 Raidisseurs de poteaux et de poutres m\u00e9talliques :<\/u><\/p>\n<p style=\"text-align: justify\">&#160;&#160;&#160;&#160;Cette version offre un nouvel outil d\u00e9di\u00e9 \u00e0 l\u2019insertion de raidisseurs aux diff\u00e9rents \u00e9l\u00e9ments de charpente m\u00e9tallique (poteaux et poutres).<\/p>\n<p><a href=\"https:\/\/villagebim.typepad.com\/.a\/6a015391e15a28970b025d9b43f285200c-pi\"><img loading=\"lazy\" decoding=\"async\" alt=\"clip_image049\" border=\"0\" height=\"204\" src=\"https:\/\/villagebim.typepad.com\/.a\/6a015391e15a28970b025d9b43f289200c-pi\" style=\"background-image: none;margin-left: auto;margin-right: auto\" title=\"clip_image049\" width=\"454\" \/><\/a><\/p>\n<p style=\"text-align: justify\"><u>3.11 Insertion d\u2019\u00e9l\u00e9ments m\u00e9talliques dans des vues verticales :<\/u><\/p>\n<p style=\"text-align: justify\">&#160;&#160;&#160;&#160;Il est maintenant possible de mod\u00e9liser des composants m\u00e9talliques dans des vues 2D (coupes et \u00e9l\u00e9vations) comme il est possible de le faire dans des vues 3D. Cela concerne :<\/p>\n<ul>\n<li>Platines<\/li>\n<li>D\u00e9coupes par contour sur les poutres et les plats<\/li>\n<li>Boulons, ancrages, goujons et trous<\/li>\n<\/ul>\n<p><a href=\"https:\/\/villagebim.typepad.com\/.a\/6a015391e15a28970b025d9b43f28d200c-pi\"><img loading=\"lazy\" decoding=\"async\" alt=\"clip_image051\" border=\"0\" height=\"435\" src=\"https:\/\/villagebim.typepad.com\/.a\/6a015391e15a28970b025d9b43f291200c-pi\" style=\"background-image: none;margin-left: auto;margin-right: auto\" title=\"clip_image051\" width=\"454\" \/><\/a><\/p>\n<p style=\"text-align: justify\"><u>3.12 Am\u00e9liorations : Cotations de platines m\u00e9talliques :<\/u><\/p>\n<p style=\"text-align: justify\">&#160;&#160;&#160;&#160;Il est d\u00e9sormais possible de coter les milieux de platines m\u00e9talliques dans les vues de face et les vues lat\u00e9rales. Voici un exemple de cotation de raidisseurs :<\/p>\n<p><a href=\"https:\/\/villagebim.typepad.com\/.a\/6a015391e15a28970b0240a51e0d61200b-pi\"><img loading=\"lazy\" decoding=\"async\" alt=\"clip_image053\" border=\"0\" height=\"400\" src=\"https:\/\/villagebim.typepad.com\/.a\/6a015391e15a28970b0240a51e0d65200b-pi\" style=\"background-image: none;margin-left: auto;margin-right: auto\" title=\"clip_image053\" width=\"454\" \/><\/a><\/p>\n<p style=\"text-align: justify\"><strong><u>4 Partie MEP :<\/u><\/strong><\/p>\n<p style=\"text-align: justify\"><u>4.1 D\u00e9nomination des circuits \u00e9lectriques :<\/u><\/p>\n<p style=\"text-align: justify\">&#160;&#160;&#160;&#160;Dans les param\u00e8tres \u00e9lectriques, il existe un nouveau champ appel\u00e9 \u00ab <strong><em>Circuit Naming*<\/em><\/strong>\u00bb.<\/p>\n<p><a href=\"https:\/\/villagebim.typepad.com\/.a\/6a015391e15a28970b0240a51e0d69200b-pi\"><img loading=\"lazy\" decoding=\"async\" alt=\"clip_image055\" border=\"0\" height=\"212\" src=\"https:\/\/villagebim.typepad.com\/.a\/6a015391e15a28970b025d9b43f295200c-pi\" style=\"background-image: none;margin-left: auto;margin-right: auto\" title=\"clip_image055\" width=\"454\" \/><\/a><\/p>\n<p style=\"text-align: justify\">* A l\u2019heure de l\u2019\u00e9criture de ce billet, je ne connais pas la traduction d\u00e9finitive en fran\u00e7ais de ce terme dans Revit 2021.<\/p>\n<p style=\"text-align: justify\"><u>4.2 Panneaux de distribution monophas\u00e9s L\/ N :<\/u><\/p>\n<p style=\"text-align: justify\">&#160;&#160;&#160;&#160;Revit prend en charge l&#039;affichage d&#039;une colonne de bus unique dans les mod\u00e8les de nomenclature de panneaux (affiche une seule phase). Les charges sur un panneau monophas\u00e9 (L phase-N neutre) seront toutes connect\u00e9es \u00e0 une seule phase. Dans ce cas, Revit v\u00e9rifiera la tension et les p\u00f4les attribu\u00e9s au connecteur et ainsi filtrera tous les syst\u00e8mes de distribution qui ne correspondent pas.<\/p>\n<p><a href=\"https:\/\/villagebim.typepad.com\/.a\/6a015391e15a28970b0240a4f956a8200d-pi\"><img loading=\"lazy\" decoding=\"async\" alt=\"clip_image057\" border=\"0\" height=\"181\" src=\"https:\/\/villagebim.typepad.com\/.a\/6a015391e15a28970b0240a51e0d6d200b-pi\" style=\"background-image: none;margin-left: auto;margin-right: auto\" title=\"clip_image057\" width=\"454\" \/><\/a><\/p>\n<p style=\"text-align: justify\"><u>4.3 Tableau de distribution &#8211; quantit\u00e9 :<\/u><\/p>\n<p style=\"text-align: justify\">&#160;&#160;&#160;&#160;D\u00e9sormais pour les tableaux de distribution, chaque ligne affiche la quantit\u00e9 de circuit et non le nombre de p\u00f4les connect\u00e9s.<\/p>\n<p><a href=\"https:\/\/villagebim.typepad.com\/.a\/6a015391e15a28970b0240a4f956ac200d-pi\"><img loading=\"lazy\" decoding=\"async\" alt=\"clip_image059\" border=\"0\" height=\"199\" src=\"https:\/\/villagebim.typepad.com\/.a\/6a015391e15a28970b0240a4f956b0200d-pi\" style=\"background-image: none;margin-left: auto;margin-right: auto\" title=\"clip_image059\" width=\"454\" \/><\/a><\/p>\n<p style=\"text-align: justify\"><u>4.4 S\u00e9lection de la phase du circuit dans le tableau de distribution :<\/u><\/p>\n<p style=\"text-align: justify\">&#160;&#160;&#160;&#160;Avant cette am\u00e9lioration, dans un tableau de distribution, les circuits \u00e0 1 et 2 p\u00f4les \u00e9taient toujours connect\u00e9s \u00e0 la phase A, ce qui ne permettait pas \u00e0 un utilisateur de sp\u00e9cifier \u00e0 quelle phase une charge \u00e9tait connect\u00e9e. Dans Revit 2021, un bouton \u00ab<strong><em>Switch Phases*<\/em><\/strong>\u00bb a \u00e9t\u00e9 ajout\u00e9 dans les nomenclatures permettant de basculer la phase \u00e0 laquelle le circuit est connect\u00e9.<\/p>\n<p style=\"text-align: justify\">* A l\u2019heure de l\u2019\u00e9criture de ce billet, je ne connais pas la traduction d\u00e9finitive en fran\u00e7ais de ce terme dans Revit 2021.<\/p>\n<p><a href=\"https:\/\/villagebim.typepad.com\/.a\/6a015391e15a28970b0240a4f956b4200d-pi\"><img loading=\"lazy\" decoding=\"async\" alt=\"clip_image060\" border=\"0\" height=\"257\" src=\"https:\/\/villagebim.typepad.com\/.a\/6a015391e15a28970b0240a4f956b8200d-pi\" style=\"background-image: none;margin-left: auto;margin-right: auto\" title=\"clip_image060\" width=\"454\" \/><\/a><\/p>\n<p style=\"text-align: justify\"><u>4.5 Recherche dans l&#039;arborescence du projet (nomenclature de panneaux) :<\/u><\/p>\n<p style=\"text-align: justify\">&#160;&#160;&#160;&#160;L&#039;arborescence du projet r\u00e9pertorie d\u00e9sormais les nomenclatures de panneaux sur les feuilles o\u00f9 elles sont plac\u00e9es.<\/p>\n<p><a href=\"https:\/\/villagebim.typepad.com\/.a\/6a015391e15a28970b0240a4f956bc200d-pi\"><img loading=\"lazy\" decoding=\"async\" alt=\"clip_image061\" border=\"0\" height=\"266\" src=\"https:\/\/villagebim.typepad.com\/.a\/6a015391e15a28970b0240a51e0d71200b-pi\" style=\"background-image: none;margin-left: auto;margin-right: auto\" title=\"clip_image061\" width=\"454\" \/><\/a><\/p>\n<p style=\"text-align: justify\"><u>4.6 Connecter les logiciels Autodesk Revit et Autodesk Plant 3D P&amp;ID :<\/u><\/p>\n<p style=\"text-align: justify\">&#160;&#160;&#160;&#160;Le \u00ab <strong><em>Revit connector for P&amp;ID<\/em><\/strong> \u00bb permet de connecter les logiciels Revit et Plant 3D P&amp;ID au travers de la plateforme BIM 360 (uniquement BIM 360 Docs).<\/p>\n<p><a href=\"https:\/\/villagebim.typepad.com\/.a\/6a015391e15a28970b025d9b43f299200c-pi\"><img loading=\"lazy\" decoding=\"async\" alt=\"clip_image063\" border=\"0\" height=\"354\" src=\"https:\/\/villagebim.typepad.com\/.a\/6a015391e15a28970b0240a4f956c1200d-pi\" style=\"background-image: none;margin-left: auto;margin-right: auto\" title=\"clip_image063\" width=\"454\" \/><\/a><\/p>\n<p style=\"text-align: justify\"><u>Nota :<\/u> Cela remplace les fonctionnalit\u00e9s pr\u00e9c\u00e9demment disponibles sur BIM 360 Team.<\/p>\n<p style=\"text-align: justify\"><u>4.7 Introduction des unit\u00e9s de d\u00e9bit :<\/u><\/p>\n<p style=\"text-align: justify\">&#160;&#160;&#160;&#160;Revit 2021 prend en charge les unit\u00e9s de d\u00e9bit de type \u00abLitres par heure* \u00bb, \u00ab&#160; Pieds cubes par heure* \u00bb et \u00ab Gallons par heure* \u00bb.<\/p>\n<p><a class=\"asset-img-link\" href=\"https:\/\/villagebim.typepad.com\/.a\/6a015391e15a28970b0240a51e64ea200b-popup\"><img loading=\"lazy\" decoding=\"async\" alt=\"Efface\" class=\"asset  asset-image at-xid-6a015391e15a28970b0240a51e64ea200b img-responsive\" height=\"295\" src=\"https:\/\/villagebim.typepad.com\/.a\/6a015391e15a28970b0240a51e64ea200b-500wi\" style=\"margin-left: auto;margin-right: auto\" title=\"Efface\" width=\"450\" \/><\/a>* minutes et secondes sont aussi disponibles<\/p>\n<p style=\"text-align: justify\"><u>4.8 Int\u00e9gration de l\u2019extension de fabrication MEP :<\/u><\/p>\n<p style=\"text-align: justify\">&#160;&#160;&#160;&#160;La fonctionnalit\u00e9 d&#039;exportation des donn\u00e9es de fabrication MEP est disponible dans l\u2019onglet \u00ab <strong><em>Fichier<\/em><\/strong> \u00bb. De plus, lorsque vous s\u00e9lectionnez une (ou des) pi\u00e8ce(s) de fabrication MEP, un onglet compl\u00e9mentaire appara\u00eet permettant de r\u00e9aliser export ou importer des donn\u00e9es de fabrication MEP.<\/p>\n<p><a href=\"https:\/\/villagebim.typepad.com\/.a\/6a015391e15a28970b0240a51e0d75200b-pi\"><img loading=\"lazy\" decoding=\"async\" alt=\"clip_image066\" border=\"0\" height=\"359\" src=\"https:\/\/villagebim.typepad.com\/.a\/6a015391e15a28970b0240a4f956ca200d-pi\" style=\"background-image: none;margin-left: auto;margin-right: auto\" title=\"clip_image066\" width=\"454\" \/><\/a><\/p>\n<p style=\"text-align: justify\"><u>4.9 MEP Systems Analysis :<\/u><\/p>\n<p style=\"text-align: justify\">&#160;&#160;&#160;&#160;Revit permet d&#039;analyser les syst\u00e8mes pr\u00e9alablement cr\u00e9\u00e9s, ce qui augmente les capacit\u00e9s d&#039;<a href=\"https:\/\/www.autodesk.fr\/products\/insight\/overview\">Autodesk Insight<\/a> dans l\u2019exploitation des donn\u00e9es de localisation \/ climat et ainsi effectuer des analyses de performances \u00e9nerg\u00e9tiques \u00e0 l&#039;ensemble du b\u00e2timent.<\/p>\n<p style=\"text-align: justify\">&#160;&#160;&#160;&#160;Avec l&#039;analyse de syst\u00e8mes, les concepteurs peuvent rapidement imaginer les dispositions et d\u00e9finir des zones en y associant si besoin des \u00e9quipements. Ce processus pouvant \u00eatre affin\u00e9 au fur et \u00e0 mesure de l\u2019avancement du projet.<\/p>\n<p><a href=\"https:\/\/villagebim.typepad.com\/.a\/6a015391e15a28970b025d9b43f2a1200c-pi\"><img loading=\"lazy\" decoding=\"async\" alt=\"clip_image067\" border=\"0\" height=\"476\" src=\"https:\/\/villagebim.typepad.com\/.a\/6a015391e15a28970b0240a4f956ce200d-pi\" style=\"background-image: none;margin-left: auto;margin-right: auto\" title=\"clip_image067\" width=\"454\" \/><\/a><\/p>\n<p style=\"text-align: justify\"><u>Nota :<\/u> Les concepteurs peuvent utiliser les vues et les nomenclatures de Revit pour valider la conformit\u00e9 de d\u00e9claration de leurs syst\u00e8mes.<\/p>\n<p style=\"text-align: justify\"><span style=\"text-decoration: underline\">Nota :<\/span> Cette nouveaut\u00e9 est disponible depuis Revit 2020.1.<\/p>\n<p style=\"text-align: justify\"><span style=\"text-decoration: underline\">5- Conclusion<\/span> :<\/p>\n<p style=\"text-align: justify\">&#160; &#160; Pour ceux qui sont int\u00e9ress\u00e9s par la version Autodesk Revit 2021, rendez-vous sur votre<a href=\"https:\/\/manage.autodesk.com\/service\/authentication\/login?returnUrl=8bd89c07-5554-429b-b61b-36c514c3defc\"> compte Autodesk<\/a> ou via votre <a href=\"https:\/\/www.autodesk.com\/desktop-app\">Autodesk Desktop App<\/a><\/p>\n<p style=\"text-align: justify\">Je tiens \u00e0 remercier Philippe pour m&#039;avoir aid\u00e9 \u00e0 r\u00e9diger ce document dans un temps assez court.&#160;<\/p>\n","protected":false},"excerpt":{"rendered":"<p>&#160;&#160;&#160;&#160;Chaque ann\u00e9e, c\u2019est la p\u00e9riode que les utilisateurs\/ fans attendent avec impatience : l\u2019arriv\u00e9e du printemps et la sortie de la nouvelle version de Revit. &#160;&#160;&#160;&#160;Cette ann\u00e9e, les nouveaut\u00e9s autour de Revit 2021 s\u2019articulent en quatre parties : Plateforme Architecture Structure MEP &#160;&#160;&#160;&#160;Voici ci-dessous dans les grandes lignes nouveaut\u00e9s et am\u00e9liorations apport\u00e9es par Revit 2021: [&hellip;]<\/p>\n","protected":false},"author":4760,"featured_media":2472,"menu_order":0,"comment_status":"open","ping_status":"closed","sticky":false,"template":"","format":"standard","meta":{"_acf_changed":false,"inline_featured_image":false,"footnotes":""},"categories":[25,4,15,5,54,55,16,17,57,77,19],"tags":[20,52,95],"class_list":["post-93","post","type-post","status-publish","format-standard","has-post-thumbnail","hentry","category-architecture","category-autodesk-bim-360","category-autodesk-revit","category-bim","category-evenements","category-fabrication","category-interoperabilite","category-nouveautes","category-programmation-visuelle","category-simulations-analyses","category-visualisation","tag-autodesk","tag-nouveautes","tag-revit-2021","dhig-theme--light"],"acf":[],"_links":{"self":[{"href":"https:\/\/blogs.autodesk.com\/villagebim\/wp-json\/wp\/v2\/posts\/93","targetHints":{"allow":["GET"]}}],"collection":[{"href":"https:\/\/blogs.autodesk.com\/villagebim\/wp-json\/wp\/v2\/posts"}],"about":[{"href":"https:\/\/blogs.autodesk.com\/villagebim\/wp-json\/wp\/v2\/types\/post"}],"author":[{"embeddable":true,"href":"https:\/\/blogs.autodesk.com\/villagebim\/wp-json\/wp\/v2\/users\/4760"}],"replies":[{"embeddable":true,"href":"https:\/\/blogs.autodesk.com\/villagebim\/wp-json\/wp\/v2\/comments?post=93"}],"version-history":[{"count":0,"href":"https:\/\/blogs.autodesk.com\/villagebim\/wp-json\/wp\/v2\/posts\/93\/revisions"}],"wp:featuredmedia":[{"embeddable":true,"href":"https:\/\/blogs.autodesk.com\/villagebim\/wp-json\/wp\/v2\/media\/2472"}],"wp:attachment":[{"href":"https:\/\/blogs.autodesk.com\/villagebim\/wp-json\/wp\/v2\/media?parent=93"}],"wp:term":[{"taxonomy":"category","embeddable":true,"href":"https:\/\/blogs.autodesk.com\/villagebim\/wp-json\/wp\/v2\/categories?post=93"},{"taxonomy":"post_tag","embeddable":true,"href":"https:\/\/blogs.autodesk.com\/villagebim\/wp-json\/wp\/v2\/tags?post=93"}],"curies":[{"name":"wp","href":"https:\/\/api.w.org\/{rel}","templated":true}]}}