{"id":987,"date":"2015-10-16T10:00:00","date_gmt":"2015-10-16T08:00:00","guid":{"rendered":"https:\/\/blogs.autodesk.com\/villagebim\/2015\/10\/le-bim-pour-lindustrie-manufacturire-ou-le-lien-entre-inventor-et-revit.html"},"modified":"2021-02-09T23:38:21","modified_gmt":"2021-02-09T21:38:21","slug":"le-bim-pour-lindustrie-manufacturire-ou-le-lien-entre-inventor-et-revit","status":"publish","type":"post","link":"https:\/\/blogs.autodesk.com\/villagebim\/2015\/10\/le-bim-pour-lindustrie-manufacturire-ou-le-lien-entre-inventor-et-revit.html","title":{"rendered":"le BIM pour l\u2019industrie manufacturi\u00e8re, ou le lien entre Inventor et Revit"},"content":{"rendered":"<p>Dans cette vid\u00e9o, nous vous pr\u00e9senterons les diff\u00e9rentes m\u00e9thodes et challenges pour la transformation d&#039;un mod\u00e8le de production Autodesk Inventor (ou concurrent) vers un mod\u00e8le BIM pour le BTP\/AEC.<\/p>\n<p>Nous \u00e9voquerons \u00e9galement d\u2019autre possibilit\u00e9s d\u2019\u00e9change avec Config 360 pour publier vos configurations et les mettre \u00e0 disposition de personnes ext\u00e9rieures \u00e0 votre entreprise.<\/p>\n<p>Enfin, nous aborderons les solutions pour cr\u00e9er un fichier de famille natif Revit (*.rfa) et ainsi r\u00e9cup\u00e9rer l\u2019intelligence du mod\u00e8le param\u00e9trique provenant d\u2019 Autodesk Inventor .<\/p>\n<p>&#160;<\/p>\n<p>&#160;&#160;<\/p>\n","protected":false},"excerpt":{"rendered":"<p>Dans cette vid\u00e9o, nous vous pr\u00e9senterons les diff\u00e9rentes m\u00e9thodes et challenges pour la transformation d&#039;un mod\u00e8le de production Autodesk Inventor (ou concurrent) vers un mod\u00e8le BIM pour le BTP\/AEC. Nous \u00e9voquerons \u00e9galement d\u2019autre possibilit\u00e9s d\u2019\u00e9change avec Config 360 pour publier vos configurations et les mettre \u00e0 disposition de personnes ext\u00e9rieures \u00e0 votre entreprise. Enfin, nous [&hellip;]<\/p>\n","protected":false},"author":8051,"featured_media":2472,"menu_order":0,"comment_status":"open","ping_status":"closed","sticky":false,"template":"","format":"standard","meta":{"_acf_changed":false,"inline_featured_image":false,"footnotes":""},"categories":[15,5,10,28,16,56],"tags":[190,1448,44,1449,269,1451,21,1450,280],"class_list":["post-987","post","type-post","status-publish","format-standard","has-post-thumbnail","hentry","category-autodesk-revit","category-bim","category-collaboration","category-gestion-de-donnees","category-interoperabilite","category-mep","tag-aec","tag-autodesk-inventor","tag-bim","tag-config-360-famille-natif","tag-inventor","tag-modele","tag-revit","tag-rfa","tag-rvt","dhig-theme--light"],"acf":[],"_links":{"self":[{"href":"https:\/\/blogs.autodesk.com\/villagebim\/wp-json\/wp\/v2\/posts\/987","targetHints":{"allow":["GET"]}}],"collection":[{"href":"https:\/\/blogs.autodesk.com\/villagebim\/wp-json\/wp\/v2\/posts"}],"about":[{"href":"https:\/\/blogs.autodesk.com\/villagebim\/wp-json\/wp\/v2\/types\/post"}],"author":[{"embeddable":true,"href":"https:\/\/blogs.autodesk.com\/villagebim\/wp-json\/wp\/v2\/users\/8051"}],"replies":[{"embeddable":true,"href":"https:\/\/blogs.autodesk.com\/villagebim\/wp-json\/wp\/v2\/comments?post=987"}],"version-history":[{"count":0,"href":"https:\/\/blogs.autodesk.com\/villagebim\/wp-json\/wp\/v2\/posts\/987\/revisions"}],"wp:featuredmedia":[{"embeddable":true,"href":"https:\/\/blogs.autodesk.com\/villagebim\/wp-json\/wp\/v2\/media\/2472"}],"wp:attachment":[{"href":"https:\/\/blogs.autodesk.com\/villagebim\/wp-json\/wp\/v2\/media?parent=987"}],"wp:term":[{"taxonomy":"category","embeddable":true,"href":"https:\/\/blogs.autodesk.com\/villagebim\/wp-json\/wp\/v2\/categories?post=987"},{"taxonomy":"post_tag","embeddable":true,"href":"https:\/\/blogs.autodesk.com\/villagebim\/wp-json\/wp\/v2\/tags?post=987"}],"curies":[{"name":"wp","href":"https:\/\/api.w.org\/{rel}","templated":true}]}}